{"id":122724,"date":"2020-04-02T06:16:44","date_gmt":"2020-04-02T09:16:44","guid":{"rendered":"https:\/\/senoticias.com.br\/se\/?p=122724"},"modified":"2020-04-02T06:16:44","modified_gmt":"2020-04-02T09:16:44","slug":"sobe-para-22-casos-confirmados-de-coronavirus-em-sergipe","status":"publish","type":"post","link":"https:\/\/senoticias.com.br\/se\/sobe-para-22-casos-confirmados-de-coronavirus-em-sergipe\/","title":{"rendered":"Sobe para 22 casos confirmados de coronav\u00edrus em Sergipe"},"content":{"rendered":"<p style=\"text-align: justify;\">O boletim divulgado pelo Governo do Estado nesta quarta-feira, 1\u00b0, confirma mais dois casos do novo coronav\u00edrus (Covid-19). Com isso, sobe para 22 o n\u00famero de casos confirmados no Estado. At\u00e9 o momento, s\u00e3o 308 casos descartados e seis pessoas receberam alta e est\u00e3o clinicamente bem.<\/p>\n<div id=\"attachment_122725\" style=\"width: 609px\" class=\"wp-caption aligncenter\"><a href=\"https:\/\/senoticias.com.br\/se\/wp-content\/uploads\/2020\/04\/Corona-V\u00edrus-SE-Noticias-e1585818877578.jpg\"><img loading=\"lazy\" decoding=\"async\" aria-describedby=\"caption-attachment-122725\" class=\"size-full wp-image-122725\" src=\"https:\/\/senoticias.com.br\/se\/wp-content\/uploads\/2020\/04\/Corona-V\u00edrus-SE-Noticias-e1585818877578.jpg\" alt=\"\" width=\"599\" height=\"599\" \/><\/a><p id=\"caption-attachment-122725\" class=\"wp-caption-text\">Governo confirma mais dois casos de Covid-19 em Sergipe<\/p><\/div>\n<p style=\"text-align: justify;\">Os novos casos registrados s\u00e3o dois homens residentes de Aracaju, um de 51 anos e o outro com 60, ambos est\u00e3o hospitalizados.<\/p>\n<p style=\"text-align: justify;\"><strong>A\u00e7\u00f5es<\/strong><\/p>\n<p>O Governo do Estado instalou no Hospital de Urg\u00eancia de Sergipe (Huse) uma Unidade de Atendimento Cr\u00edtico (UAC) com 10 leitos exclusivos e equipados para atendimento aos pacientes graves pelo novo coronav\u00edrus.<\/p>\n<p style=\"text-align: justify;\">Al\u00e9m disso, uma enfermaria com mais dez leitos est\u00e1 sendo reformada para receber os pacientes que estiverem saindo da UAC ou que precisem de cuidados intermedi\u00e1rios durante a pandemia.<\/p>\n<p style=\"text-align: justify;\">O Governo tamb\u00e9m est\u00e1 instalando cont\u00eaineres em v\u00e1rios hospitais da capital e do interior, que ser\u00e3o utilizados para a triagem e atendimento m\u00e9dico de pacientes com s\u00edndromes gripais.<\/p>\n<p>Panomara atual:<\/p>\n<p>Descartados: 308<br \/>\nReceberam Alta: 06<br \/>\nConfirmados: 22<\/p>\n<p>Aracaju: 19<br \/>\nPropri\u00e1: 2<br \/>\nNossa Senhora da Gl\u00f3ria: 1<\/p>\n<p>&nbsp;<\/p>\n<p>&nbsp;<\/p>\n<p><a href=\"https:\/\/senoticias.com.br\/se\/wp-content\/uploads\/2020\/03\/Logo-novo-fone-1.jpg\"><img loading=\"lazy\" decoding=\"async\" class=\"aligncenter size-full wp-image-122637\" src=\"https:\/\/senoticias.com.br\/se\/wp-content\/uploads\/2020\/03\/Logo-novo-fone-1.jpg\" alt=\"\" width=\"599\" height=\"78\" srcset=\"https:\/\/senoticias.com.br\/se\/wp-content\/uploads\/2020\/03\/Logo-novo-fone-1.jpg 599w, https:\/\/senoticias.com.br\/se\/wp-content\/uploads\/2020\/03\/Logo-novo-fone-1-300x39.jpg 300w\" sizes=\"(max-width: 599px) 100vw, 599px\" \/><\/a><\/p>\n<p>&nbsp;<\/p>\n<p><em><strong>Acompanhe tamb\u00e9m o SE Not\u00edcias no\u00a0<a href=\"https:\/\/www.instagram.com\/senoticias\/\">Instagram<\/a>,\u00a0<a href=\"https:\/\/twitter.com\/home\">Twitter<\/a>\u00a0e no\u00a0<a href=\"https:\/\/web.facebook.com\/senoticias1\/\">Facebook<\/a><\/strong><\/em><\/p>\n<p>&nbsp;<\/p>\n<p><em>Mat\u00e9ria enviada pela Assessoria de Comunica\u00e7\u00e3o da SES do Governo de Sergipe<\/em><\/p>\n","protected":false},"excerpt":{"rendered":"<p>O boletim divulgado pelo Governo do Estado nesta quarta-feira, 1\u00b0, confirma mais dois casos do novo coronav\u00edrus (Covid-19). Com isso, sobe para 22 o n\u00famero de casos confirmados no Estado. At\u00e9 o momento, s\u00e3o 308 casos descartados e seis pessoas receberam alta e est\u00e3o clinicamente bem. Os novos casos registrados s\u00e3o dois homens residentes de [&hellip;]<\/p>\n","protected":false},"author":6552,"featured_media":122725,"comment_status":"closed","ping_status":"closed","sticky":false,"template":"","format":"standard","meta":{"footnotes":""},"categories":[15,6],"tags":[14123,14279,448,14369],"class_list":{"0":"post-122724","1":"post","2":"type-post","3":"status-publish","4":"format-standard","5":"has-post-thumbnail","7":"category-destaques","8":"category-politica","9":"tag-coronavirus","10":"tag-covid19","11":"tag-governo-de-sergipe","12":"tag-pandemia"},"_links":{"self":[{"href":"https:\/\/senoticias.com.br\/se\/wp-json\/wp\/v2\/posts\/122724"}],"collection":[{"href":"https:\/\/senoticias.com.br\/se\/wp-json\/wp\/v2\/posts"}],"about":[{"href":"https:\/\/senoticias.com.br\/se\/wp-json\/wp\/v2\/types\/post"}],"author":[{"embeddable":true,"href":"https:\/\/senoticias.com.br\/se\/wp-json\/wp\/v2\/users\/6552"}],"replies":[{"embeddable":true,"href":"https:\/\/senoticias.com.br\/se\/wp-json\/wp\/v2\/comments?post=122724"}],"version-history":[{"count":0,"href":"https:\/\/senoticias.com.br\/se\/wp-json\/wp\/v2\/posts\/122724\/revisions"}],"wp:featuredmedia":[{"embeddable":true,"href":"https:\/\/senoticias.com.br\/se\/wp-json\/wp\/v2\/media\/122725"}],"wp:attachment":[{"href":"https:\/\/senoticias.com.br\/se\/wp-json\/wp\/v2\/media?parent=122724"}],"wp:term":[{"taxonomy":"category","embeddable":true,"href":"https:\/\/senoticias.com.br\/se\/wp-json\/wp\/v2\/categories?post=122724"},{"taxonomy":"post_tag","embeddable":true,"href":"https:\/\/senoticias.com.br\/se\/wp-json\/wp\/v2\/tags?post=122724"}],"curies":[{"name":"wp","href":"https:\/\/api.w.org\/{rel}","templated":true}]}}