{"id":122675,"date":"2020-03-30T20:12:56","date_gmt":"2020-03-30T23:12:56","guid":{"rendered":"https:\/\/senoticias.com.br\/se\/?p=122675"},"modified":"2020-03-30T20:18:48","modified_gmt":"2020-03-30T23:18:48","slug":"senado-aprova-auxilio-emergencial-de-r-600-para-trabalhadores-informais","status":"publish","type":"post","link":"https:\/\/senoticias.com.br\/se\/senado-aprova-auxilio-emergencial-de-r-600-para-trabalhadores-informais\/","title":{"rendered":"Senado aprova aux\u00edlio emergencial de R$ 600 para trabalhadores informais"},"content":{"rendered":"<p style=\"text-align: justify;\">Os senadores aprovaram nesta segunda-feira (30), por unanimidade, o pagamento de um aux\u00edlio emergencial de R$ 600 para trabalhadores informais durante a crise decorrente do novo coronav\u00edrus. O aux\u00edlio ser\u00e1 pago por tr\u00eas meses por interm\u00e9dio dos bancos p\u00fablicos federais. O PL 1066\/2020, tamb\u00e9m apelidado de \u201ccoronavoucher\u201d ou \u201cPL da renda m\u00ednima\u201d, foi aprovado na semana passada pela C\u00e2mara dos Deputados.<\/p>\n<div id=\"attachment_122681\" style=\"width: 609px\" class=\"wp-caption alignnone\"><a href=\"https:\/\/senoticias.com.br\/se\/wp-content\/uploads\/2020\/03\/49717717831_de2cbc053e_c-750x430.jpg\"><img loading=\"lazy\" decoding=\"async\" aria-describedby=\"caption-attachment-122681\" class=\"size-full wp-image-122681\" src=\"https:\/\/senoticias.com.br\/se\/wp-content\/uploads\/2020\/03\/49717717831_de2cbc053e_c-750x430-e1585610078415.jpg\" alt=\"\" width=\"599\" height=\"343\" \/><\/a><p id=\"caption-attachment-122681\" class=\"wp-caption-text\">Senadores realizam sess\u00e3o deliberativa remota (foto:\u00a0Waldemir Barreto\/Ag\u00eancia Senado)<\/p><\/div>\n<p style=\"text-align: justify;\">Logo ap\u00f3s a aprova\u00e7\u00e3o da mat\u00e9ria, o presidente do Senado, Davi Alcolumbre (DEM-AP), publicou mensagem em uma rede social solicitando ao presidente Jair Bolsonaro (sem partido) a san\u00e7\u00e3o imediata do projeto. Alcolumbre est\u00e1 em isolamento domiciliar em raz\u00e3o do diagn\u00f3stico por covid-19.<\/p>\n<p style=\"text-align: justify;\">Inicialmente o governo prop\u00f4s uma ajuda de R$ 200. Diante da movimenta\u00e7\u00e3o dos deputados, que articulavam a aprova\u00e7\u00e3o de um benef\u00edcio de R$ 500, o governo cedeu e fechou com a C\u00e2mara um acordo para triplicar o valor inicial.<\/p>\n<p style=\"text-align: justify;\">De acordo com o projeto, duas pessoas de uma mesma fam\u00edlia poder\u00e3o acumular benef\u00edcios. O aux\u00edlio emergencial substituir\u00e1 o benef\u00edcio do Bolsa Fam\u00edlia nas situa\u00e7\u00f5es em que for mais vantajoso. Nesse caso, a substitui\u00e7\u00e3o ser\u00e1 feita automaticamente. Para as m\u00e3es que s\u00e3o chefe de fam\u00edlia (fam\u00edlia monoparental), o projeto permite o recebimento de duas cotas do aux\u00edlio, totalizando R$ 1,2 mil.<\/p>\n<p style=\"text-align: justify;\">Estima-se que mais de 30 milh\u00f5es de pagamentos mensais ser\u00e3o feitos nos moldes da proposta nos c\u00e1lculos da Institui\u00e7\u00e3o Fiscal Independente (IFI). O impacto fiscal estimado \u00e9 de cerca de R$ 60 bilh\u00f5es em 2020.<\/p>\n<p style=\"text-align: justify;\">Por acordo fechado pelos l\u00edderes partid\u00e1rios, o texto da C\u00e2mara foi mantido para evitar que a proposta voltasse para an\u00e1lise dos deputados e pudesse seguir diretamente para san\u00e7\u00e3o do presidente Bolsonaro. O relator, senador Alessandro Vieira (Cidadania-SE), fez apenas ajustes redacionais no texto.<\/p>\n<p style=\"text-align: justify;\">As mudan\u00e7as propostas ser\u00e3o incorporadas em outro projeto de lei sob consolida\u00e7\u00e3o do senador Espiridi\u00e3o Amin (PP-SC). Os senadores querem incluir outros grupos entre os benefici\u00e1rios. Entre eles, pescadores e motoristas de aplicativos, vans escolares e taxistas. A vers\u00e3o final, de Amin, deve ser apresentada nesta ter\u00e7a-feira (31). \u201cEssas pessoas n\u00e3o est\u00e3o conseguindo trabalhar e precisam se alimentar e alimentar suas fam\u00edlias\u201d, justifica o l\u00edder do PSL, Major Olimpio (SP), autor da emenda que inclui trabalhadores do transporte.<\/p>\n<p style=\"text-align: justify;\"><strong>Merenda escolar<\/strong><\/p>\n<p>Mais cedo, os senadores haviam aprovado, em vota\u00e7\u00e3o simb\u00f3lica, o projeto que autoriza a distribui\u00e7\u00e3o de merenda escolar para alunos de escola p\u00fablica que tiveram as aulas suspensas por conta da pandemia de covid-19. O texto tamb\u00e9m foi aprovado pela C\u00e2mara dos Deputados na semana passada.<\/p>\n<p style=\"text-align: justify;\">Relatado pelo senador Rodrigo Cunha (PSDB-AL), o PL 786\/2020 era mat\u00e9ria de consenso entre os senadores e recebeu apenas uma emenda de reda\u00e7\u00e3o. Como n\u00e3o sofreu altera\u00e7\u00f5es no Senado, n\u00e3o precisar\u00e1 retornar para an\u00e1lise da C\u00e2mara e ser\u00e1 remetido \u00e0 san\u00e7\u00e3o presidencial.<\/p>\n<p>As vota\u00e7\u00f5es ocorreram em sess\u00e3o deliberativa remota.<\/p>\n<p>&nbsp;<\/p>\n<p>&nbsp;<\/p>\n<p><a href=\"https:\/\/senoticias.com.br\/se\/wp-content\/uploads\/2020\/03\/Logo-novo-fone-1.jpg\"><img loading=\"lazy\" decoding=\"async\" class=\"alignnone size-full wp-image-122637\" src=\"https:\/\/senoticias.com.br\/se\/wp-content\/uploads\/2020\/03\/Logo-novo-fone-1.jpg\" alt=\"\" width=\"599\" height=\"78\" srcset=\"https:\/\/senoticias.com.br\/se\/wp-content\/uploads\/2020\/03\/Logo-novo-fone-1.jpg 599w, https:\/\/senoticias.com.br\/se\/wp-content\/uploads\/2020\/03\/Logo-novo-fone-1-300x39.jpg 300w\" sizes=\"(max-width: 599px) 100vw, 599px\" \/><\/a><\/p>\n<p>&nbsp;<\/p>\n<p><em><strong>Acompanhe tamb\u00e9m o SE Not\u00edcias no\u00a0<a href=\"https:\/\/www.instagram.com\/senoticias\/\">Instagram<\/a>,\u00a0<a href=\"https:\/\/twitter.com\/home\">Twitter<\/a>\u00a0e no\u00a0<a href=\"https:\/\/web.facebook.com\/senoticias1\/\">Facebook<\/a><\/strong><\/em><\/p>\n<p>&nbsp;<\/p>\n<p><em>Por Fl\u00e1via Said, Congresso em Foco<\/em><\/p>\n","protected":false},"excerpt":{"rendered":"<p>Os senadores aprovaram nesta segunda-feira (30), por unanimidade, o pagamento de um aux\u00edlio emergencial de R$ 600 para trabalhadores informais durante a crise decorrente do novo coronav\u00edrus. O aux\u00edlio ser\u00e1 pago por tr\u00eas meses por interm\u00e9dio dos bancos p\u00fablicos federais. O PL 1066\/2020, tamb\u00e9m apelidado de \u201ccoronavoucher\u201d ou \u201cPL da renda m\u00ednima\u201d, foi aprovado na [&hellip;]<\/p>\n","protected":false},"author":6552,"featured_media":122681,"comment_status":"closed","ping_status":"closed","sticky":false,"template":"","format":"standard","meta":{"footnotes":""},"categories":[15,6,1],"tags":[14351,6189,14352],"class_list":{"0":"post-122675","1":"post","2":"type-post","3":"status-publish","4":"format-standard","5":"has-post-thumbnail","7":"category-destaques","8":"category-politica","9":"category-sem-categoria","10":"tag-auxilio-emergencial","11":"tag-jair-bolsonaro","12":"tag-senado-aprova-auxilio-emergencial-de-r-600"},"_links":{"self":[{"href":"https:\/\/senoticias.com.br\/se\/wp-json\/wp\/v2\/posts\/122675"}],"collection":[{"href":"https:\/\/senoticias.com.br\/se\/wp-json\/wp\/v2\/posts"}],"about":[{"href":"https:\/\/senoticias.com.br\/se\/wp-json\/wp\/v2\/types\/post"}],"author":[{"embeddable":true,"href":"https:\/\/senoticias.com.br\/se\/wp-json\/wp\/v2\/users\/6552"}],"replies":[{"embeddable":true,"href":"https:\/\/senoticias.com.br\/se\/wp-json\/wp\/v2\/comments?post=122675"}],"version-history":[{"count":0,"href":"https:\/\/senoticias.com.br\/se\/wp-json\/wp\/v2\/posts\/122675\/revisions"}],"wp:featuredmedia":[{"embeddable":true,"href":"https:\/\/senoticias.com.br\/se\/wp-json\/wp\/v2\/media\/122681"}],"wp:attachment":[{"href":"https:\/\/senoticias.com.br\/se\/wp-json\/wp\/v2\/media?parent=122675"}],"wp:term":[{"taxonomy":"category","embeddable":true,"href":"https:\/\/senoticias.com.br\/se\/wp-json\/wp\/v2\/categories?post=122675"},{"taxonomy":"post_tag","embeddable":true,"href":"https:\/\/senoticias.com.br\/se\/wp-json\/wp\/v2\/tags?post=122675"}],"curies":[{"name":"wp","href":"https:\/\/api.w.org\/{rel}","templated":true}]}}