{"id":122649,"date":"2020-03-27T12:44:21","date_gmt":"2020-03-27T15:44:21","guid":{"rendered":"https:\/\/senoticias.com.br\/se\/?p=122649"},"modified":"2020-03-27T14:12:12","modified_gmt":"2020-03-27T17:12:12","slug":"homem-pega-ambulancia-em-oficina-sem-autorizacao-e-provoca-colisao-com-morte","status":"publish","type":"post","link":"https:\/\/senoticias.com.br\/se\/homem-pega-ambulancia-em-oficina-sem-autorizacao-e-provoca-colisao-com-morte\/","title":{"rendered":"Homem pega ambul\u00e2ncia em oficina sem autoriza\u00e7\u00e3o e provoca colis\u00e3o com morte"},"content":{"rendered":"<p style=\"text-align: justify;\">Por volta de 1h30 da madrugada desta sexta-feira, 27, aconteceu um acidente envolvendo um carro GM\/ Kadett Ipanema GLS\u00a0plotado com o slogan do <strong>Grupo de Salvamento e Resgate<\/strong> (GSR), uma ONG situada no Conjunto Eduardo Gomes, em S\u00e3o Crist\u00f3v\u00e3o.<\/p>\n<div id=\"attachment_122652\" style=\"width: 560px\" class=\"wp-caption alignnone\"><a href=\"https:\/\/senoticias.com.br\/se\/wp-content\/uploads\/2020\/03\/Acidente-SE-Noticias.jpg\"><img loading=\"lazy\" decoding=\"async\" aria-describedby=\"caption-attachment-122652\" class=\"size-full wp-image-122652\" src=\"https:\/\/senoticias.com.br\/se\/wp-content\/uploads\/2020\/03\/Acidente-SE-Noticias.jpg\" alt=\"\" width=\"550\" height=\"629\" srcset=\"https:\/\/senoticias.com.br\/se\/wp-content\/uploads\/2020\/03\/Acidente-SE-Noticias.jpg 550w, https:\/\/senoticias.com.br\/se\/wp-content\/uploads\/2020\/03\/Acidente-SE-Noticias-262x300.jpg 262w\" sizes=\"(max-width: 550px) 100vw, 550px\" \/><\/a><p id=\"caption-attachment-122652\" class=\"wp-caption-text\">Ap\u00f3s o acidente, um morreu e dois fugiram do local com medo das consequ\u00eancias (foto: redes sociais)<\/p><\/div>\n<p style=\"text-align: justify;\">A colis\u00e3o entre o ve\u00edculo e a mureta de ferro aconteceu em frente ao Departamento Estadual de Tr\u00e2nsito de Sergipe &#8211; Detran\/SE, na Avenida Tancredo Neves, em Aracaju.\u00a0A ambul\u00e2ncia estava em uma oficina no Conjunto Eduardo Gomes para reparos e manuten\u00e7\u00e3o,\u00a0 e foi retirada sem autoriza\u00e7\u00e3o por um homem para fins pessoais, que acabou gerando um grave acidente com uma morte.<\/p>\n<p>A Per\u00edcia Criminal\u00a0esteve no local do acidente, e registou a presen\u00e7a de latas com bebidas alco\u00f3licas dentro do carro.<\/p>\n<p>A reda\u00e7\u00e3o do <strong>Portal SE Not\u00edcias<\/strong> conversou com a diretoria do GSR, que emitiu a seguinte nota:<\/p>\n<p style=\"text-align: justify;\"><strong>NOTA DE ESCLARECIMENTO<\/strong><\/p>\n<p style=\"text-align: justify;\">A Diretoria do Grupo de Salvamento e Resgate (GSR), vem a p\u00fablico esclarecer o fato do acidente envolvendo a ambul\u00e2ncia que estava plotada com o slogan de nosso <strong>Grupo de Salvamento e Resgate<\/strong>, onde no acidente uma pessoa veio a \u00f3bito.<\/p>\n<p style=\"text-align: justify;\">Afirmamos que nenhum dos nossos colaboradores e membros da diretoria se encontrava no ve\u00edculo no momento do ocorrido, pois hav\u00edamos deixado o mesmo na oficina para reparos de manuten\u00e7\u00e3o, e o fato foi que um filho do propriet\u00e1rio da oficina pegou o ve\u00edculo sem nosso conhecimento para fins particulares e acabou provocando o tr\u00e1gico acidente. Lamentamos o ocorrido, e estendemos nossos sentimentos aos familiares do falecido.<\/p>\n<p>&nbsp;<\/p>\n<p>Atenciosamente,<br \/>\nA Diretoria!<\/p>\n<p><a href=\"https:\/\/senoticias.com.br\/se\/wp-content\/uploads\/2020\/03\/Logo-novo-fone-1.jpg\"><img loading=\"lazy\" decoding=\"async\" class=\"alignnone size-full wp-image-122637\" src=\"https:\/\/senoticias.com.br\/se\/wp-content\/uploads\/2020\/03\/Logo-novo-fone-1.jpg\" alt=\"\" width=\"599\" height=\"78\" srcset=\"https:\/\/senoticias.com.br\/se\/wp-content\/uploads\/2020\/03\/Logo-novo-fone-1.jpg 599w, https:\/\/senoticias.com.br\/se\/wp-content\/uploads\/2020\/03\/Logo-novo-fone-1-300x39.jpg 300w\" sizes=\"(max-width: 599px) 100vw, 599px\" \/><\/a><br \/>\n<em><strong>Acompanhe tamb\u00e9m o SE Not\u00edcias no\u00a0<a href=\"https:\/\/www.instagram.com\/senoticias\/\">Instagram<\/a>,\u00a0<a href=\"https:\/\/twitter.com\/home\">Twitter<\/a>\u00a0e no\u00a0<a href=\"https:\/\/web.facebook.com\/senoticias1\/\">Facebook<\/a>\u00a0<\/strong><\/em><\/p>\n<p>Por Yslla Vanessa\/ Reda\u00e7\u00e3o SE Not\u00edcias<\/p>\n","protected":false},"excerpt":{"rendered":"<p>Por volta de 1h30 da madrugada desta sexta-feira, 27, aconteceu um acidente envolvendo um carro GM\/ Kadett Ipanema GLS\u00a0plotado com o slogan do Grupo de Salvamento e Resgate (GSR), uma ONG situada no Conjunto Eduardo Gomes, em S\u00e3o Crist\u00f3v\u00e3o. A colis\u00e3o entre o ve\u00edculo e a mureta de ferro aconteceu em frente ao Departamento Estadual [&hellip;]<\/p>\n","protected":false},"author":6557,"featured_media":122652,"comment_status":"closed","ping_status":"closed","sticky":false,"template":"","format":"standard","meta":{"footnotes":""},"categories":[15,7],"tags":[61,14331,658,339,14330],"class_list":{"0":"post-122649","1":"post","2":"type-post","3":"status-publish","4":"format-standard","5":"has-post-thumbnail","7":"category-destaques","8":"category-policia","9":"tag-acidente","10":"tag-acidente-com-ambulancia","11":"tag-ambulancia","12":"tag-aracaju","13":"tag-vitima-fatal"},"_links":{"self":[{"href":"https:\/\/senoticias.com.br\/se\/wp-json\/wp\/v2\/posts\/122649"}],"collection":[{"href":"https:\/\/senoticias.com.br\/se\/wp-json\/wp\/v2\/posts"}],"about":[{"href":"https:\/\/senoticias.com.br\/se\/wp-json\/wp\/v2\/types\/post"}],"author":[{"embeddable":true,"href":"https:\/\/senoticias.com.br\/se\/wp-json\/wp\/v2\/users\/6557"}],"replies":[{"embeddable":true,"href":"https:\/\/senoticias.com.br\/se\/wp-json\/wp\/v2\/comments?post=122649"}],"version-history":[{"count":0,"href":"https:\/\/senoticias.com.br\/se\/wp-json\/wp\/v2\/posts\/122649\/revisions"}],"wp:featuredmedia":[{"embeddable":true,"href":"https:\/\/senoticias.com.br\/se\/wp-json\/wp\/v2\/media\/122652"}],"wp:attachment":[{"href":"https:\/\/senoticias.com.br\/se\/wp-json\/wp\/v2\/media?parent=122649"}],"wp:term":[{"taxonomy":"category","embeddable":true,"href":"https:\/\/senoticias.com.br\/se\/wp-json\/wp\/v2\/categories?post=122649"},{"taxonomy":"post_tag","embeddable":true,"href":"https:\/\/senoticias.com.br\/se\/wp-json\/wp\/v2\/tags?post=122649"}],"curies":[{"name":"wp","href":"https:\/\/api.w.org\/{rel}","templated":true}]}}