{"id":122639,"date":"2020-03-26T20:44:07","date_gmt":"2020-03-26T23:44:07","guid":{"rendered":"https:\/\/senoticias.com.br\/se\/?p=122639"},"modified":"2020-03-26T20:44:07","modified_gmt":"2020-03-26T23:44:07","slug":"justica-decreta-indisponibilidade-de-bens-de-empresa-em-acao-de-improbidade-contra-a-prefeita-de-malhador","status":"publish","type":"post","link":"https:\/\/senoticias.com.br\/se\/justica-decreta-indisponibilidade-de-bens-de-empresa-em-acao-de-improbidade-contra-a-prefeita-de-malhador\/","title":{"rendered":"Justi\u00e7a decreta indisponibilidade de bens de empresa em a\u00e7\u00e3o de Improbidade contra a prefeita de Malhador"},"content":{"rendered":"<p><em>Por Welder Ban*<\/em><\/p>\n<p style=\"text-align: justify;\">A ju\u00edza Patr\u00edcia Cunha Paz, da comarca de Malhador, acatou o pedido do Minist\u00e9rio P\u00fablico de Sergipe e decretou hoje (26) a indisponibilidade dos bens da empresa CVE Empreendimentos Tur\u00edsticos e a quebra do sigilo banc\u00e1rio dos motoristas contratados por ela.<\/p>\n<p style=\"text-align: justify;\">A decis\u00e3o faz parte de uma a\u00e7\u00e3o de Improbidade administrativa movida em face da prefeita do munic\u00edpio, conhecida por Elayne de Ded\u00e9 (PSB), e alguns secret\u00e1rios.<\/p>\n<div id=\"attachment_122640\" style=\"width: 609px\" class=\"wp-caption aligncenter\"><a href=\"https:\/\/senoticias.com.br\/se\/wp-content\/uploads\/2020\/03\/Prefeita-Elaine-SE-Not\u00edcias-e1585265887969.jpg\"><img loading=\"lazy\" decoding=\"async\" aria-describedby=\"caption-attachment-122640\" class=\"size-full wp-image-122640\" src=\"https:\/\/senoticias.com.br\/se\/wp-content\/uploads\/2020\/03\/Prefeita-Elaine-SE-Not\u00edcias-e1585265887969.jpg\" alt=\"\" width=\"599\" height=\"400\" \/><\/a><p id=\"caption-attachment-122640\" class=\"wp-caption-text\">MP ainda pede a condena\u00e7\u00e3o da Prefeita Elayne pelo cometimento de atos de Improbidade administrativa, fato que ser\u00e1 julgado posteriori pela magistrada de Malhador (foto: arquivo\/Instituto Marcelo D\u00e9da)<\/p><\/div>\n<p style=\"text-align: justify;\">Segundo consta na a\u00e7\u00e3o, em sede de Inqu\u00e9ritos Civis, apurou-se que a empresa CVE EMPREENDIMENTOS TUR\u00cdSTICOS LTDA., vencedora de todos os procedimentos licitat\u00f3rios para a loca\u00e7\u00e3o de ve\u00edculos de transporte escolar desde 2013, vem-se valendo de expediente ilegal de subcontrata\u00e7\u00e3o, quase sempre integral, dos objetos das licita\u00e7\u00f5es, contrariamente aos editais, mediante contratos verbais com residentes do munic\u00edpio propriet\u00e1rios de ve\u00edculos antigos, repassando-lhes valores muito aqu\u00e9m do pactuado.<\/p>\n<p style=\"text-align: justify;\">Afirma ainda que se constatou que a empresa em comento jamais comunicou tal subcontrata\u00e7\u00e3o, mas que o fato era de conhecimento p\u00fablico, inclusive da Prefeita e seus Secret\u00e1rios de Educa\u00e7\u00e3o, Transporte e Finan\u00e7as.<\/p>\n<p style=\"text-align: justify;\">A ju\u00edza entendeu que existem v\u00e1rios ind\u00edcios de que a empresa agiu ao arrepio da lei e dos editais de contrata\u00e7\u00e3o ao subcontratar os servi\u00e7os prestados, oralmente e sem comunica\u00e7\u00e3o formal, mediante o pagamento de valores muito aqu\u00e9m dos recebidos da Administra\u00e7\u00e3o P\u00fablica.<\/p>\n<p style=\"text-align: justify;\">Assim sendo, foi decretada a \u201cindisponibilidade de tantos bens quanto sejam necess\u00e1rios, limitada a medida ao valor de R$ 2.083.721,81 (dois milh\u00f5es, oitenta e tr\u00eas mil, setecentos e vinte e um reais e oitenta e um centavos)\u201d da CVE.<\/p>\n<p style=\"text-align: justify;\">Ademais, foi deferido, tamb\u00e9m, \u201co pedido em quest\u00e3o e decreto a quebra do sigilo banc\u00e1rio de AERTON MENDES DE FARIAS, ANT\u00d4NIO BARBOSA DE OLIVEIRA, GENILDE LINO DOS SANTOs, GILBERTO LINO DOS SANTOS e JOS\u00c9 LUIZ DE ARA\u00daJO\u201d que foram sub-contrados para prestar o servi\u00e7o de motorista e loca\u00e7\u00e3o de ve\u00edculos.<\/p>\n<p style=\"text-align: justify;\">Vale lembrar que o MP ainda pede a condena\u00e7\u00e3o da Prefeita Elayne pelo cometimento de atos de Improbidade administrativa, fato que ser\u00e1 julgado posteriori pela magistrada de Malhador.<\/p>\n<p>Mat\u00e9ria produzida pelo jornalista Welder Ban,\u00a0 e publicada originalmente no <a href=\"https:\/\/politicaajato.com.br\/justica-decreta-indisponibilidade-de-bens-de-empresa-em-acao-de-improbidade-contra-a-prefeita-de-malhador\/\"><strong>site<\/strong><\/a> Pol\u00edtica a Jato.<\/p>\n<p>&nbsp;<\/p>\n<p><a href=\"https:\/\/senoticias.com.br\/se\/wp-content\/uploads\/2020\/03\/Logo-novo-fone-1.jpg\"><img loading=\"lazy\" decoding=\"async\" class=\"aligncenter size-full wp-image-122637\" src=\"https:\/\/senoticias.com.br\/se\/wp-content\/uploads\/2020\/03\/Logo-novo-fone-1.jpg\" alt=\"\" width=\"599\" height=\"78\" srcset=\"https:\/\/senoticias.com.br\/se\/wp-content\/uploads\/2020\/03\/Logo-novo-fone-1.jpg 599w, https:\/\/senoticias.com.br\/se\/wp-content\/uploads\/2020\/03\/Logo-novo-fone-1-300x39.jpg 300w\" sizes=\"(max-width: 599px) 100vw, 599px\" \/><\/a><\/p>\n<p>&nbsp;<\/p>\n<p><em><strong>Acompanhe tamb\u00e9m o SE Not\u00edcias no\u00a0<a href=\"https:\/\/www.instagram.com\/senoticias\/\">Instagram<\/a>,\u00a0<a href=\"https:\/\/twitter.com\/home\">Twitter<\/a>\u00a0e no\u00a0<a href=\"https:\/\/web.facebook.com\/senoticias1\/\">Facebook<\/a>\u00a0<\/strong><\/em><\/p>\n<p>&nbsp;<\/p>\n<p>&nbsp;<\/p>\n","protected":false},"excerpt":{"rendered":"<p>Por Welder Ban* A ju\u00edza Patr\u00edcia Cunha Paz, da comarca de Malhador, acatou o pedido do Minist\u00e9rio P\u00fablico de Sergipe e decretou hoje (26) a indisponibilidade dos bens da empresa CVE Empreendimentos Tur\u00edsticos e a quebra do sigilo banc\u00e1rio dos motoristas contratados por ela. A decis\u00e3o faz parte de uma a\u00e7\u00e3o de Improbidade administrativa movida [&hellip;]<\/p>\n","protected":false},"author":6552,"featured_media":122640,"comment_status":"closed","ping_status":"closed","sticky":false,"template":"","format":"standard","meta":{"footnotes":""},"categories":[15,38],"tags":[14325,728,726],"class_list":{"0":"post-122639","1":"post","2":"type-post","3":"status-publish","4":"format-standard","5":"has-post-thumbnail","7":"category-destaques","8":"category-municipios","9":"tag-cve-empreendimentos-turisticos-ltda","10":"tag-elaine-de-dede","11":"tag-prefeita-de-malhador"},"_links":{"self":[{"href":"https:\/\/senoticias.com.br\/se\/wp-json\/wp\/v2\/posts\/122639"}],"collection":[{"href":"https:\/\/senoticias.com.br\/se\/wp-json\/wp\/v2\/posts"}],"about":[{"href":"https:\/\/senoticias.com.br\/se\/wp-json\/wp\/v2\/types\/post"}],"author":[{"embeddable":true,"href":"https:\/\/senoticias.com.br\/se\/wp-json\/wp\/v2\/users\/6552"}],"replies":[{"embeddable":true,"href":"https:\/\/senoticias.com.br\/se\/wp-json\/wp\/v2\/comments?post=122639"}],"version-history":[{"count":0,"href":"https:\/\/senoticias.com.br\/se\/wp-json\/wp\/v2\/posts\/122639\/revisions"}],"wp:featuredmedia":[{"embeddable":true,"href":"https:\/\/senoticias.com.br\/se\/wp-json\/wp\/v2\/media\/122640"}],"wp:attachment":[{"href":"https:\/\/senoticias.com.br\/se\/wp-json\/wp\/v2\/media?parent=122639"}],"wp:term":[{"taxonomy":"category","embeddable":true,"href":"https:\/\/senoticias.com.br\/se\/wp-json\/wp\/v2\/categories?post=122639"},{"taxonomy":"post_tag","embeddable":true,"href":"https:\/\/senoticias.com.br\/se\/wp-json\/wp\/v2\/tags?post=122639"}],"curies":[{"name":"wp","href":"https:\/\/api.w.org\/{rel}","templated":true}]}}