{"id":122599,"date":"2020-03-25T08:51:26","date_gmt":"2020-03-25T11:51:26","guid":{"rendered":"https:\/\/senoticias.com.br\/se\/?p=122599"},"modified":"2020-03-25T08:51:26","modified_gmt":"2020-03-25T11:51:26","slug":"provas-do-concurso-da-camara-municipal-de-aracaju-sao-adiadas","status":"publish","type":"post","link":"https:\/\/senoticias.com.br\/se\/provas-do-concurso-da-camara-municipal-de-aracaju-sao-adiadas\/","title":{"rendered":"Provas do concurso da C\u00e2mara Municipal de Aracaju s\u00e3o adiadas"},"content":{"rendered":"<p style=\"text-align: justify;\">A Funda\u00e7\u00e3o Get\u00falio Vargas (FGV) e a C\u00e2mara Municipal de Aracaju (CMA) resolveram adiar a realiza\u00e7\u00e3o das provas do Concurso P\u00fablico, que estavam agendadas para acontecer dia 17 de maio deste ano, para todos os cargos dispostos do edital.<\/p>\n<div id=\"attachment_122600\" style=\"width: 560px\" class=\"wp-caption aligncenter\"><a href=\"https:\/\/senoticias.com.br\/se\/wp-content\/uploads\/2020\/03\/Camara-de-vereadores-de-Aracaju-Portal-Infonet-01082019.jpg.jpg\"><img loading=\"lazy\" decoding=\"async\" aria-describedby=\"caption-attachment-122600\" class=\"size-full wp-image-122600\" src=\"https:\/\/senoticias.com.br\/se\/wp-content\/uploads\/2020\/03\/Camara-de-vereadores-de-Aracaju-Portal-Infonet-01082019.jpg.jpg\" alt=\"\" width=\"550\" height=\"330\" srcset=\"https:\/\/senoticias.com.br\/se\/wp-content\/uploads\/2020\/03\/Camara-de-vereadores-de-Aracaju-Portal-Infonet-01082019.jpg.jpg 550w, https:\/\/senoticias.com.br\/se\/wp-content\/uploads\/2020\/03\/Camara-de-vereadores-de-Aracaju-Portal-Infonet-01082019.jpg-300x180.jpg 300w\" sizes=\"(max-width: 550px) 100vw, 550px\" \/><\/a><p id=\"caption-attachment-122600\" class=\"wp-caption-text\">A medida foi adotada visando a prote\u00e7\u00e3o \u00e0 sa\u00fade e \u00e0 seguran\u00e7a dos participantes (Foto: Portal Infonet)<\/p><\/div>\n<p style=\"text-align: justify;\">A medida foi adotada visando a prote\u00e7\u00e3o \u00e0 sa\u00fade e \u00e0 seguran\u00e7a dos participantes, bem como de todos os colaboradores envolvidos na realiza\u00e7\u00e3o do certame.Posteriormente a FGV e a C\u00e2mara estar\u00e3o divulgando em seus sites, informa\u00e7\u00f5es acerca da nova data de aplica\u00e7\u00e3o das provas do concurso.<\/p>\n<p style=\"text-align: justify;\">O edital foi publicado no dia 10 de fevereiro deste ano, visando o preenchimento de 52 vagas, sendo 18 para n\u00edvel superior e 34 para n\u00edvel m\u00e9dio\/t\u00e9cnico.<\/p>\n<p style=\"text-align: justify;\">Fonte: C\u00e2mara Municipal de Aracaju<\/p>\n<p><a href=\"https:\/\/senoticias.com.br\/se\/wp-content\/uploads\/2020\/02\/Logo-novo-fone-1.jpg\"><img loading=\"lazy\" decoding=\"async\" class=\"alignnone size-full wp-image-121966\" src=\"https:\/\/senoticias.com.br\/se\/wp-content\/uploads\/2020\/02\/Logo-novo-fone-1.jpg\" alt=\"\" width=\"599\" height=\"78\" srcset=\"https:\/\/senoticias.com.br\/se\/wp-content\/uploads\/2020\/02\/Logo-novo-fone-1.jpg 599w, https:\/\/senoticias.com.br\/se\/wp-content\/uploads\/2020\/02\/Logo-novo-fone-1-300x39.jpg 300w\" sizes=\"(max-width: 599px) 100vw, 599px\" \/><\/a><br \/>\n<em><strong>Acompanhe tamb\u00e9m o SE Not\u00edcias no\u00a0<a href=\"https:\/\/www.instagram.com\/senoticias\/\">Instagram<\/a>,\u00a0<a href=\"https:\/\/twitter.com\/home\">Twitter<\/a>\u00a0e no\u00a0<a href=\"https:\/\/web.facebook.com\/senoticias1\/\">Facebook<\/a>\u00a0<\/strong><\/em><\/p>\n","protected":false},"excerpt":{"rendered":"<p>A Funda\u00e7\u00e3o Get\u00falio Vargas (FGV) e a C\u00e2mara Municipal de Aracaju (CMA) resolveram adiar a realiza\u00e7\u00e3o das provas do Concurso P\u00fablico, que estavam agendadas para acontecer dia 17 de maio deste ano, para todos os cargos dispostos do edital. A medida foi adotada visando a prote\u00e7\u00e3o \u00e0 sa\u00fade e \u00e0 seguran\u00e7a dos participantes, bem como [&hellip;]<\/p>\n","protected":false},"author":6557,"featured_media":0,"comment_status":"closed","ping_status":"closed","sticky":false,"template":"","format":"standard","meta":{"footnotes":""},"categories":[9,15],"tags":[14307,5674,412,10257],"class_list":{"0":"post-122599","1":"post","2":"type-post","3":"status-publish","4":"format-standard","6":"category-concursos","7":"category-destaques","8":"tag-adiadas","9":"tag-camara-municipal-de-aracaju","10":"tag-concurso","11":"tag-provas"},"_links":{"self":[{"href":"https:\/\/senoticias.com.br\/se\/wp-json\/wp\/v2\/posts\/122599"}],"collection":[{"href":"https:\/\/senoticias.com.br\/se\/wp-json\/wp\/v2\/posts"}],"about":[{"href":"https:\/\/senoticias.com.br\/se\/wp-json\/wp\/v2\/types\/post"}],"author":[{"embeddable":true,"href":"https:\/\/senoticias.com.br\/se\/wp-json\/wp\/v2\/users\/6557"}],"replies":[{"embeddable":true,"href":"https:\/\/senoticias.com.br\/se\/wp-json\/wp\/v2\/comments?post=122599"}],"version-history":[{"count":0,"href":"https:\/\/senoticias.com.br\/se\/wp-json\/wp\/v2\/posts\/122599\/revisions"}],"wp:attachment":[{"href":"https:\/\/senoticias.com.br\/se\/wp-json\/wp\/v2\/media?parent=122599"}],"wp:term":[{"taxonomy":"category","embeddable":true,"href":"https:\/\/senoticias.com.br\/se\/wp-json\/wp\/v2\/categories?post=122599"},{"taxonomy":"post_tag","embeddable":true,"href":"https:\/\/senoticias.com.br\/se\/wp-json\/wp\/v2\/tags?post=122599"}],"curies":[{"name":"wp","href":"https:\/\/api.w.org\/{rel}","templated":true}]}}