{"id":122594,"date":"2020-03-24T20:44:19","date_gmt":"2020-03-24T23:44:19","guid":{"rendered":"https:\/\/senoticias.com.br\/se\/?p=122594"},"modified":"2020-03-24T20:51:50","modified_gmt":"2020-03-24T23:51:50","slug":"governo-de-sergipe-fecha-secretarias-e-restringe-atendimento-bancario","status":"publish","type":"post","link":"https:\/\/senoticias.com.br\/se\/governo-de-sergipe-fecha-secretarias-e-restringe-atendimento-bancario\/","title":{"rendered":"Governo de Sergipe fecha secretarias e restringe atendimento banc\u00e1rio"},"content":{"rendered":"<p style=\"text-align: justify;\">O governador Belivaldo Chagas assinou, nesta ter\u00e7a-feira (24), Decreto n\u00ba\u00a040.567 com medidas restritivas a fim de combater o avan\u00e7o da pandemia. O governador afirmou estar acompanhando o movimento em outros estados\u00a0e, com a multiplica\u00e7\u00e3o r\u00e1pida dos casos, \u00e9 preciso enrijecer as a\u00e7\u00f5es em todo o territ\u00f3rio estadual.<\/p>\n<div id=\"attachment_122596\" style=\"width: 610px\" class=\"wp-caption aligncenter\"><a href=\"https:\/\/senoticias.com.br\/se\/wp-content\/uploads\/2020\/03\/Belivaldo-Chagas-SE-Noticias.jpg\"><img loading=\"lazy\" decoding=\"async\" aria-describedby=\"caption-attachment-122596\" class=\"size-full wp-image-122596\" src=\"https:\/\/senoticias.com.br\/se\/wp-content\/uploads\/2020\/03\/Belivaldo-Chagas-SE-Noticias.jpg\" alt=\"\" width=\"600\" height=\"400\" srcset=\"https:\/\/senoticias.com.br\/se\/wp-content\/uploads\/2020\/03\/Belivaldo-Chagas-SE-Noticias.jpg 600w, https:\/\/senoticias.com.br\/se\/wp-content\/uploads\/2020\/03\/Belivaldo-Chagas-SE-Noticias-300x200.jpg 300w, https:\/\/senoticias.com.br\/se\/wp-content\/uploads\/2020\/03\/Belivaldo-Chagas-SE-Noticias-90x60.jpg 90w, https:\/\/senoticias.com.br\/se\/wp-content\/uploads\/2020\/03\/Belivaldo-Chagas-SE-Noticias-180x120.jpg 180w, https:\/\/senoticias.com.br\/se\/wp-content\/uploads\/2020\/03\/Belivaldo-Chagas-SE-Noticias-95x64.jpg 95w\" sizes=\"(max-width: 600px) 100vw, 600px\" \/><\/a><p id=\"caption-attachment-122596\" class=\"wp-caption-text\">Entre as medidas anunciadas nesta ter\u00e7a-feira, 24, est\u00e3o o fechamento das reparti\u00e7\u00f5es p\u00fablicas estaduais e a restri\u00e7\u00e3o no funcionamento das feiras livres (foto: arquivo\/ASN)<\/p><\/div>\n<p style=\"text-align: justify;\">Assim que assinou as novas medidas, Belivaldo fez um novo apelo para que a popula\u00e7\u00e3o cumpra as decis\u00f5es do decreto. \u201cS\u00f3 vamos reduzir a contamina\u00e7\u00e3o ao reduzir o fluxo de gente nas ruas. Sei que essas medidas s\u00e3o duras, mas necess\u00e1rias para retardar a contamina\u00e7\u00e3o do v\u00edrus aqui no estado\u201d, disse Belivaldo Chagas.<\/p>\n<p style=\"text-align: justify;\">Entre as medidas anunciadas nesta ter\u00e7a-feira\u00a0est\u00e1 o <strong>fechamento das reparti\u00e7\u00f5es p\u00fablicas estaduais<\/strong> que prestam servi\u00e7os n\u00e3o essenciais. No \u00faltimo Decreto, publicado na sexta-feira, 20, o governador havia estabelecido ponto facultativo \u00e0s segundas-feiras e expediente reduzido de ter\u00e7a \u00e0 sexta. Agora, com o novo Decreto, os \u00f3rg\u00e3os estaduais funcionar\u00e3o apenas com servi\u00e7os online. Apenas as Secretarias consideradas essenciais, ter\u00e3o ponto facultativo \u00e0s segundas.<\/p>\n<p style=\"text-align: justify;\">O documento prorroga as medidas anunciadas no decreto n \u00b0 40. 563. <strong>At\u00e9 o dia 17 de abril continuam proibidos eventos, cursos presencias, missas e cultos, excurs\u00f5es e entrada de novos h\u00f3spedes no setor hoteleiro.<\/strong> \u00a0A medida tamb\u00e9m vale para a circula\u00e7\u00e3o de transporte interestadual, p\u00fablico e privado, de passageiros com origem nos estados em que a circula\u00e7\u00e3o do v\u00edrus for confirmada ou a situa\u00e7\u00e3o de emerg\u00eancia decretada e atraca\u00e7\u00e3o de navio ou qualquer outra embarca\u00e7\u00e3o com origem em estados e pa\u00edses com circula\u00e7\u00e3o confirmada do coronav\u00edrus ou situa\u00e7\u00e3o de emerg\u00eancia decretada.<\/p>\n<p style=\"text-align: justify;\">\u00a0As aulas em escolas p\u00fablicas da rede estadual de ensino permanecem suspensas at\u00e9 17 de abril. \u00c9 recomendado que a medida seja seguida por escolas e universidades particulares. O mesmo vale para academias, shopping centers, galerias, boutiques, clubes, boates, casas de espet\u00e1culos, sal\u00e3o de beleza, cl\u00ednicas de est\u00e9tica, cl\u00ednicas de sa\u00fade bucal\/odontol\u00f3gica, cl\u00ednicas de fisioterapia, ressalvadas aquelas de atendimento de urg\u00eancia e emerg\u00eancias, al\u00e9m do com\u00e9rcio em geral.<\/p>\n<p style=\"text-align: justify;\"><strong>As feiras livres, em todo territ\u00f3rio do Estado de Sergipe, com exce\u00e7\u00e3o do Munic\u00edpio de Aracaju, poder\u00e3o funcionar exclusivamente para a comercializa\u00e7\u00e3o de g\u00eaneros aliment\u00edcios e produtos agr\u00edcolas, observadas as restri\u00e7\u00f5es a serem definidas pelos entes competentes.<\/strong><\/p>\n<p style=\"text-align: justify;\">As ag\u00eancias banc\u00e1rias e correspondentes poder\u00e3o funcionar desde que, de forma obrigat\u00f3ria, reduzam a quantidade de funcion\u00e1rios, limitem a quantidade de atendimento da popula\u00e7\u00e3o.<\/p>\n<p style=\"text-align: justify;\">O texto destaca ainda que considerar-se-\u00e1 abuso do poder econ\u00f4mico a eleva\u00e7\u00e3o de pre\u00e7os, sem justa causa, com o objetivo de aumentar arbitrariamente os pre\u00e7os dos insumos e servi\u00e7os relacionados ao enfrentamento da Covid-19, sujeitando-se \u00e0s penalidades previstas na legisla\u00e7\u00e3o de reg\u00eancia.<\/p>\n<p><a href=\"https:\/\/www.se.gov.br\/uploads\/download\/midia\/12\/8e27be55ccfddfd7c243b7d57000211c.pdf\">Veja aqui outras medidas do novo Decreto do Governo do Estado.<\/a><\/p>\n<p>&nbsp;<\/p>\n<p><a href=\"https:\/\/senoticias.com.br\/se\/wp-content\/uploads\/2019\/12\/Logo-novo-fone-1.jpg\"><img loading=\"lazy\" decoding=\"async\" class=\"aligncenter size-full wp-image-121281\" src=\"https:\/\/senoticias.com.br\/se\/wp-content\/uploads\/2019\/12\/Logo-novo-fone-1.jpg\" alt=\"\" width=\"599\" height=\"78\" srcset=\"https:\/\/senoticias.com.br\/se\/wp-content\/uploads\/2019\/12\/Logo-novo-fone-1.jpg 599w, https:\/\/senoticias.com.br\/se\/wp-content\/uploads\/2019\/12\/Logo-novo-fone-1-300x39.jpg 300w\" sizes=\"(max-width: 599px) 100vw, 599px\" \/><\/a><\/p>\n<p>&nbsp;<\/p>\n<p><em><strong>Acompanhe tamb\u00e9m o SE Not\u00edcias no\u00a0<a href=\"https:\/\/www.instagram.com\/senoticias\/\">Instagram<\/a>,\u00a0<a href=\"https:\/\/twitter.com\/home\">Twitter<\/a>\u00a0e no\u00a0<a href=\"https:\/\/web.facebook.com\/senoticias1\/\">Facebook<\/a>\u00a0<\/strong><\/em><\/p>\n<p>&nbsp;<\/p>\n<p>Mat\u00e9ria extra\u00edda do site da Ag\u00eancia Sergipe de Not\u00edcias<\/p>\n","protected":false},"excerpt":{"rendered":"<p>O governador Belivaldo Chagas assinou, nesta ter\u00e7a-feira (24), Decreto n\u00ba\u00a040.567 com medidas restritivas a fim de combater o avan\u00e7o da pandemia. O governador afirmou estar acompanhando o movimento em outros estados\u00a0e, com a multiplica\u00e7\u00e3o r\u00e1pida dos casos, \u00e9 preciso enrijecer as a\u00e7\u00f5es em todo o territ\u00f3rio estadual. Assim que assinou as novas medidas, Belivaldo fez [&hellip;]<\/p>\n","protected":false},"author":6552,"featured_media":122596,"comment_status":"closed","ping_status":"closed","sticky":false,"template":"","format":"standard","meta":{"footnotes":""},"categories":[15,6,1],"tags":[2806,14123,14279,448],"class_list":{"0":"post-122594","1":"post","2":"type-post","3":"status-publish","4":"format-standard","5":"has-post-thumbnail","7":"category-destaques","8":"category-politica","9":"category-sem-categoria","10":"tag-belivaldo-chagas","11":"tag-coronavirus","12":"tag-covid19","13":"tag-governo-de-sergipe"},"_links":{"self":[{"href":"https:\/\/senoticias.com.br\/se\/wp-json\/wp\/v2\/posts\/122594"}],"collection":[{"href":"https:\/\/senoticias.com.br\/se\/wp-json\/wp\/v2\/posts"}],"about":[{"href":"https:\/\/senoticias.com.br\/se\/wp-json\/wp\/v2\/types\/post"}],"author":[{"embeddable":true,"href":"https:\/\/senoticias.com.br\/se\/wp-json\/wp\/v2\/users\/6552"}],"replies":[{"embeddable":true,"href":"https:\/\/senoticias.com.br\/se\/wp-json\/wp\/v2\/comments?post=122594"}],"version-history":[{"count":0,"href":"https:\/\/senoticias.com.br\/se\/wp-json\/wp\/v2\/posts\/122594\/revisions"}],"wp:featuredmedia":[{"embeddable":true,"href":"https:\/\/senoticias.com.br\/se\/wp-json\/wp\/v2\/media\/122596"}],"wp:attachment":[{"href":"https:\/\/senoticias.com.br\/se\/wp-json\/wp\/v2\/media?parent=122594"}],"wp:term":[{"taxonomy":"category","embeddable":true,"href":"https:\/\/senoticias.com.br\/se\/wp-json\/wp\/v2\/categories?post=122594"},{"taxonomy":"post_tag","embeddable":true,"href":"https:\/\/senoticias.com.br\/se\/wp-json\/wp\/v2\/tags?post=122594"}],"curies":[{"name":"wp","href":"https:\/\/api.w.org\/{rel}","templated":true}]}}