{"id":122563,"date":"2020-03-23T07:10:33","date_gmt":"2020-03-23T10:10:33","guid":{"rendered":"https:\/\/senoticias.com.br\/se\/?p=122563"},"modified":"2020-03-23T07:18:55","modified_gmt":"2020-03-23T10:18:55","slug":"em-sergipe-almaviva-e-obrigada-a-suspender-atividades-por-colocar-em-risco-funcionarios","status":"publish","type":"post","link":"https:\/\/senoticias.com.br\/se\/em-sergipe-almaviva-e-obrigada-a-suspender-atividades-por-colocar-em-risco-funcionarios\/","title":{"rendered":"Em Sergipe, Almaviva \u00e9 obrigada a suspender atividades por colocar em risco funcion\u00e1rios"},"content":{"rendered":"<p style=\"text-align: justify;\">Em raz\u00e3o de decis\u00e3o judicial proferida <strong>neste domingo (22)<\/strong>, a empresa Almaviva do Brasil de Telemarketing e Inform\u00e1tica S\/A <strong>deve suspender imediatamente<\/strong> a atividade de teleatendimento e central de telemarketing no <strong>\u00e2mbito do estado do Sergipe<\/strong>. Somente ser\u00e1 permitido o teleatendimento relacionado aos servi\u00e7os m\u00e9dicos, hospitalares, farmac\u00eauticos, laborais, cl\u00ednicas e de servi\u00e7os de sa\u00fade<\/p>\n<div id=\"attachment_122538\" style=\"width: 609px\" class=\"wp-caption aligncenter\"><a href=\"https:\/\/senoticias.com.br\/se\/wp-content\/uploads\/2020\/03\/AlmaViva-SE-Noticias-e1584730706612.jpg\"><img loading=\"lazy\" decoding=\"async\" aria-describedby=\"caption-attachment-122538\" class=\"size-full wp-image-122538\" src=\"https:\/\/senoticias.com.br\/se\/wp-content\/uploads\/2020\/03\/AlmaViva-SE-Noticias-e1584730706612.jpg\" alt=\"\" width=\"599\" height=\"350\" \/><\/a><p id=\"caption-attachment-122538\" class=\"wp-caption-text\">A empresa Almaviva do Brasil deve suspender imediatamente a atividade de teleatendimento e central de telemarketing no \u00e2mbito do estado do Sergipe. (foto: arquivo\/Alma Viva)<\/p><\/div>\n<p style=\"text-align: justify;\">A decis\u00e3o de urg\u00eancia lavrada pelo juiz do Trabalho, Luis Manoel Andrade Menezes, na A\u00e7\u00e3o Civil P\u00fablica ajuizada pelo Minist\u00e9rio P\u00fablico do Trabalho em Sergipe (MPT-SE), prev\u00ea <strong>multa de R$ 50 mil por hora<\/strong>, em caso de descumprimento.<\/p>\n<p style=\"text-align: justify;\">Ao ajuizar a a\u00e7\u00e3o na tarde deste domingo, o MPT-SE teve como objetivo obrigar a empresa a respeitar o Decreto Estadual 40.563\/2020, bem como preservar a sa\u00fade dos funcion\u00e1rios e evitar a dissemina\u00e7\u00e3o potencializada do Covid-19, expondo toda a sociedade.<\/p>\n<p style=\"text-align: justify;\">A <strong>Almaviva possui 5.400 empregados no estado de Sergipe<\/strong>, dos quais <strong>4.800 trabalham como operadores de telemarketing<\/strong>. Foi constatado pelo MPT que, em m\u00e9dia,<strong> 1.600 pessoas trabalham por turno<\/strong>.<\/p>\n<p style=\"text-align: justify;\">Ap\u00f3s a determina\u00e7\u00e3o da Vigil\u00e2ncia Sanit\u00e1ria, Epidemiol\u00f3gica e de Sa\u00fade do Trabalhador, em inspe\u00e7\u00e3o conjunta realizada pelo MPT e pela Secretaria Municipal de Sa\u00fade, o n\u00famero de trabalhadores, em cada turno, reduziu para aproximadamente a metade. Mesmo assim, o risco de propaga\u00e7\u00e3o ainda \u00e9 elevado.<\/p>\n<p style=\"text-align: justify;\">Para os procuradores do Trabalho <strong>Emerson Albuquerque Resende e Alb\u00e9rico Luis Batista Neves<\/strong>, a empresa \u00e9 uma grande potencializadora da propaga\u00e7\u00e3o do Covid-19 e n\u00e3o se enquadra como atividade essencial para fins do Decreto Estadual.<\/p>\n<p style=\"text-align: justify;\">No entanto, apesar de ter sido recomendada pelo MPT a suspender suas atividades, com base no Decreto Estadual que restringe a execu\u00e7\u00e3o de atividades consideradas n\u00e3o essenciais, a empresa de telemarketing mant\u00e9m em funcionamento as atividades de teleatendimento e central de telemarketing referentes \u00e0 servi\u00e7os ativos e receptivos (vendas de produtos, cobran\u00e7as de faturas atrasadas, solicita\u00e7\u00f5es de cancelamento, agendamento de servi\u00e7os t\u00e9cnicos a serem realizados nas resid\u00eancias\/estabelecimentos comerciais, etc).<\/p>\n<p style=\"text-align: justify;\">Os procuradores consideraram a grave a situa\u00e7\u00e3o flagrada nas depend\u00eancias da empresa, bem como o contexto emergencial enfrentado por praticamente toda a popula\u00e7\u00e3o sergipana no combate \u00e0 dissemina\u00e7\u00e3o do Covid-19, capaz de causar verdadeiro colapso nos sistemas de sa\u00fade. Por este motivo, a imediata atua\u00e7\u00e3o do Minist\u00e9rio P\u00fablico do Trabalho mostrou-se necess\u00e1ria.<\/p>\n<p>&nbsp;<\/p>\n<p><a href=\"https:\/\/senoticias.com.br\/se\/wp-content\/uploads\/2019\/12\/Logo-novo-fone-1.jpg\"><img loading=\"lazy\" decoding=\"async\" class=\"aligncenter size-full wp-image-121281\" src=\"https:\/\/senoticias.com.br\/se\/wp-content\/uploads\/2019\/12\/Logo-novo-fone-1.jpg\" alt=\"\" width=\"599\" height=\"78\" srcset=\"https:\/\/senoticias.com.br\/se\/wp-content\/uploads\/2019\/12\/Logo-novo-fone-1.jpg 599w, https:\/\/senoticias.com.br\/se\/wp-content\/uploads\/2019\/12\/Logo-novo-fone-1-300x39.jpg 300w\" sizes=\"(max-width: 599px) 100vw, 599px\" \/><\/a><\/p>\n<p>&nbsp;<\/p>\n<p><em><strong>Acompanhe tamb\u00e9m o SE Not\u00edcias no\u00a0<a href=\"https:\/\/www.instagram.com\/senoticias\/\">Instagram<\/a>,\u00a0<a href=\"https:\/\/twitter.com\/home\">Twitter<\/a>\u00a0e no\u00a0<a href=\"https:\/\/web.facebook.com\/senoticias1\/\">Facebook<\/a>\u00a0<\/strong><\/em><\/p>\n<p>&nbsp;<\/p>\n<p>Mat\u00e9ria extra\u00edda do <a href=\"http:\/\/www.prt20.mpt.mp.br\/procuradorias\/prt-aracaju\/799-justica-do-trabalho-obriga-a-almaviva-a-suspender-as-atividades\"><strong>site\u00a0<\/strong><\/a> MPT-SE<\/p>\n","protected":false},"excerpt":{"rendered":"<p>Em raz\u00e3o de decis\u00e3o judicial proferida neste domingo (22), a empresa Almaviva do Brasil de Telemarketing e Inform\u00e1tica S\/A deve suspender imediatamente a atividade de teleatendimento e central de telemarketing no \u00e2mbito do estado do Sergipe. Somente ser\u00e1 permitido o teleatendimento relacionado aos servi\u00e7os m\u00e9dicos, hospitalares, farmac\u00eauticos, laborais, cl\u00ednicas e de servi\u00e7os de sa\u00fade A [&hellip;]<\/p>\n","protected":false},"author":6552,"featured_media":122538,"comment_status":"closed","ping_status":"closed","sticky":false,"template":"","format":"standard","meta":{"footnotes":""},"categories":[15,6,1],"tags":[14277,14286,14287],"class_list":{"0":"post-122563","1":"post","2":"type-post","3":"status-publish","4":"format-standard","5":"has-post-thumbnail","7":"category-destaques","8":"category-politica","9":"category-sem-categoria","10":"tag-almaviva","11":"tag-almaviva-sergipe","12":"tag-ministerio-publico-do-trabalho-em-sergipe"},"_links":{"self":[{"href":"https:\/\/senoticias.com.br\/se\/wp-json\/wp\/v2\/posts\/122563"}],"collection":[{"href":"https:\/\/senoticias.com.br\/se\/wp-json\/wp\/v2\/posts"}],"about":[{"href":"https:\/\/senoticias.com.br\/se\/wp-json\/wp\/v2\/types\/post"}],"author":[{"embeddable":true,"href":"https:\/\/senoticias.com.br\/se\/wp-json\/wp\/v2\/users\/6552"}],"replies":[{"embeddable":true,"href":"https:\/\/senoticias.com.br\/se\/wp-json\/wp\/v2\/comments?post=122563"}],"version-history":[{"count":0,"href":"https:\/\/senoticias.com.br\/se\/wp-json\/wp\/v2\/posts\/122563\/revisions"}],"wp:featuredmedia":[{"embeddable":true,"href":"https:\/\/senoticias.com.br\/se\/wp-json\/wp\/v2\/media\/122538"}],"wp:attachment":[{"href":"https:\/\/senoticias.com.br\/se\/wp-json\/wp\/v2\/media?parent=122563"}],"wp:term":[{"taxonomy":"category","embeddable":true,"href":"https:\/\/senoticias.com.br\/se\/wp-json\/wp\/v2\/categories?post=122563"},{"taxonomy":"post_tag","embeddable":true,"href":"https:\/\/senoticias.com.br\/se\/wp-json\/wp\/v2\/tags?post=122563"}],"curies":[{"name":"wp","href":"https:\/\/api.w.org\/{rel}","templated":true}]}}