{"id":122489,"date":"2020-03-17T19:40:22","date_gmt":"2020-03-17T22:40:22","guid":{"rendered":"https:\/\/senoticias.com.br\/se\/?p=122489"},"modified":"2020-03-17T20:08:22","modified_gmt":"2020-03-17T23:08:22","slug":"prefeitura-de-sao-cristovao-divulga-resultado-preliminar-do-pss-da-assistencia-social","status":"publish","type":"post","link":"https:\/\/senoticias.com.br\/se\/prefeitura-de-sao-cristovao-divulga-resultado-preliminar-do-pss-da-assistencia-social\/","title":{"rendered":"Prefeitura de S\u00e3o Crist\u00f3v\u00e3o divulga resultado preliminar do PSS da  Assist\u00eancia Social"},"content":{"rendered":"<p style=\"text-align: justify;\">A Prefeitura de S\u00e3o Crist\u00f3v\u00e3o, por meio da Secretaria Municipal de Assist\u00eancia Social e Trabalho (Semast) divulgou nesta ter\u00e7a-feira (17) o resultado preliminar do Processo Seletivo Simplificado (PSS) para contrata\u00e7\u00e3o tempor\u00e1ria e forma\u00e7\u00e3o de Cadastro Reserva. Os candidatos podem verificar a classifica\u00e7\u00e3o clicando neste\u00a0<a href=\"https:\/\/www.saocristovao.se.gov.br\/page.php?sa=0&amp;pgref=conteudo&amp;tit=EDITAL%20PSS%20SEMAST%202020\">link<\/a>.<\/p>\n<p style=\"text-align: justify;\">Os profissionais atuar\u00e3o na rede socioassistencial do munic\u00edpio, tendo vagas destinadas para Cuidador; Educador Social (n\u00edvel m\u00e9dio); Assessor Jur\u00eddico; Assistente Social; Nutricionista; e Psic\u00f3logo.<\/p>\n<div id=\"attachment_121438\" style=\"width: 609px\" class=\"wp-caption alignnone\"><a href=\"https:\/\/senoticias.com.br\/se\/wp-content\/uploads\/2019\/12\/430-anos-SE-Noticias-e1577819134942.jpg\"><img loading=\"lazy\" decoding=\"async\" aria-describedby=\"caption-attachment-121438\" class=\"size-full wp-image-121438\" src=\"https:\/\/senoticias.com.br\/se\/wp-content\/uploads\/2019\/12\/430-anos-SE-Noticias-e1577819134942.jpg\" alt=\"\" width=\"599\" height=\"283\" \/><\/a><p id=\"caption-attachment-121438\" class=\"wp-caption-text\">Prefeitura de S\u00e3o Crist\u00f3v\u00e3o divulga resultado preliminar do PSS da Semast (foto: SE Not\u00edcias)<\/p><\/div>\n<p style=\"text-align: justify;\">O resultado preliminar cabe interposi\u00e7\u00e3o de recurso, que deve ser feito individualmente e devidamente fundamentado, encaminhado \u00e0 Comiss\u00e3o Especial de Avalia\u00e7\u00e3o do Processo Seletivo Simplificado &#8211; Edital 01\/2020, nos dias 20 e 23\/03\/2020, presencialmente, de acordo com o modelo indicado no anexo VII do\u00a0<a href=\"http:\/\/saocristovao.se.gov.br\/sistema\/arq_up\/dow_29ebd7e30579ff31506c8903fa2200045e413259844ec5_79452001.pdf\">Edital do PSS<\/a>.<\/p>\n<p>&nbsp;<\/p>\n<p><a href=\"https:\/\/senoticias.com.br\/se\/wp-content\/uploads\/2019\/12\/Logo-novo-fone-1.jpg\"><img loading=\"lazy\" decoding=\"async\" class=\"alignnone size-full wp-image-121281\" src=\"https:\/\/senoticias.com.br\/se\/wp-content\/uploads\/2019\/12\/Logo-novo-fone-1.jpg\" alt=\"\" width=\"599\" height=\"78\" srcset=\"https:\/\/senoticias.com.br\/se\/wp-content\/uploads\/2019\/12\/Logo-novo-fone-1.jpg 599w, https:\/\/senoticias.com.br\/se\/wp-content\/uploads\/2019\/12\/Logo-novo-fone-1-300x39.jpg 300w\" sizes=\"(max-width: 599px) 100vw, 599px\" \/><\/a><\/p>\n<p>&nbsp;<\/p>\n<p><em><strong>Acompanhe tamb\u00e9m o SE Not\u00edcias no\u00a0<a href=\"https:\/\/www.instagram.com\/senoticias\/\">Instagram<\/a>,\u00a0<a href=\"https:\/\/twitter.com\/home\">Twitter<\/a>\u00a0e no\u00a0<a href=\"https:\/\/web.facebook.com\/senoticias1\/\">Facebook<\/a>\u00a0<\/strong><\/em><\/p>\n<p>&nbsp;<\/p>\n<p><em>Por ascom\/PMSC<\/em><\/p>\n","protected":false},"excerpt":{"rendered":"<p>A Prefeitura de S\u00e3o Crist\u00f3v\u00e3o, por meio da Secretaria Municipal de Assist\u00eancia Social e Trabalho (Semast) divulgou nesta ter\u00e7a-feira (17) o resultado preliminar do Processo Seletivo Simplificado (PSS) para contrata\u00e7\u00e3o tempor\u00e1ria e forma\u00e7\u00e3o de Cadastro Reserva. Os candidatos podem verificar a classifica\u00e7\u00e3o clicando neste\u00a0link. Os profissionais atuar\u00e3o na rede socioassistencial do munic\u00edpio, tendo vagas destinadas [&hellip;]<\/p>\n","protected":false},"author":6552,"featured_media":121438,"comment_status":"closed","ping_status":"closed","sticky":false,"template":"","format":"standard","meta":{"footnotes":""},"categories":[15,38,1],"tags":[81,3005,9329,14258],"class_list":{"0":"post-122489","1":"post","2":"type-post","3":"status-publish","4":"format-standard","5":"has-post-thumbnail","7":"category-destaques","8":"category-municipios","9":"category-sem-categoria","10":"tag-prefeitura-de-sao-cristovao","11":"tag-processo-seletivo","12":"tag-pss","13":"tag-secretaria-municipal-de-assistencia-social"},"_links":{"self":[{"href":"https:\/\/senoticias.com.br\/se\/wp-json\/wp\/v2\/posts\/122489"}],"collection":[{"href":"https:\/\/senoticias.com.br\/se\/wp-json\/wp\/v2\/posts"}],"about":[{"href":"https:\/\/senoticias.com.br\/se\/wp-json\/wp\/v2\/types\/post"}],"author":[{"embeddable":true,"href":"https:\/\/senoticias.com.br\/se\/wp-json\/wp\/v2\/users\/6552"}],"replies":[{"embeddable":true,"href":"https:\/\/senoticias.com.br\/se\/wp-json\/wp\/v2\/comments?post=122489"}],"version-history":[{"count":0,"href":"https:\/\/senoticias.com.br\/se\/wp-json\/wp\/v2\/posts\/122489\/revisions"}],"wp:featuredmedia":[{"embeddable":true,"href":"https:\/\/senoticias.com.br\/se\/wp-json\/wp\/v2\/media\/121438"}],"wp:attachment":[{"href":"https:\/\/senoticias.com.br\/se\/wp-json\/wp\/v2\/media?parent=122489"}],"wp:term":[{"taxonomy":"category","embeddable":true,"href":"https:\/\/senoticias.com.br\/se\/wp-json\/wp\/v2\/categories?post=122489"},{"taxonomy":"post_tag","embeddable":true,"href":"https:\/\/senoticias.com.br\/se\/wp-json\/wp\/v2\/tags?post=122489"}],"curies":[{"name":"wp","href":"https:\/\/api.w.org\/{rel}","templated":true}]}}