{"id":122408,"date":"2020-03-12T09:13:26","date_gmt":"2020-03-12T12:13:26","guid":{"rendered":"https:\/\/senoticias.com.br\/se\/?p=122408"},"modified":"2020-03-12T14:54:10","modified_gmt":"2020-03-12T17:54:10","slug":"gualberto-exalta-memoria-de-marcelo-deda-no-dia-em-que-ele-completaria-60-anos","status":"publish","type":"post","link":"https:\/\/senoticias.com.br\/se\/gualberto-exalta-memoria-de-marcelo-deda-no-dia-em-que-ele-completaria-60-anos\/","title":{"rendered":"Francisco Gualberto exalta mem\u00f3ria de Marcelo D\u00e9da no dia em que ele completaria 60 anos"},"content":{"rendered":"<p style=\"text-align: justify;\">Neste dia 11 de mar\u00e7o de 2020, o governador de Sergipe, Marcelo D\u00e9da, estaria completando 60 anos de idade. Nascido na cidade de Sim\u00e3o Dias, em 1960, D\u00e9da faleceu no dia 02 de dezembro de 2013, em S\u00e3o Paulo, v\u00edtima de um c\u00e2ncer. Para saudar a mem\u00f3ria de um dos mais importantes integrante do Partido dos Trabalhadores no Brasil, o deputado estadual Francisco Gualberto (PT) foi \u00e0 tribuna da Assembleia Legislativa nesta quarta-feira (11) e disse que \u201cMarcelo D\u00e9da foi um homem de talento singular. E mesmo quem n\u00e3o teve muita aproxima\u00e7\u00e3o com ele, mas tinha o bom senso de conhecer valores, se sentiria feliz em poder conviver com ele\u201d.<\/p>\n<div id=\"attachment_122413\" style=\"width: 609px\" class=\"wp-caption alignnone\"><a href=\"https:\/\/senoticias.com.br\/se\/wp-content\/uploads\/2020\/03\/Gualberto-SE-Noticias-e1584035514607.jpg\"><img loading=\"lazy\" decoding=\"async\" aria-describedby=\"caption-attachment-122413\" class=\"size-full wp-image-122413\" src=\"https:\/\/senoticias.com.br\/se\/wp-content\/uploads\/2020\/03\/Gualberto-SE-Noticias-e1584035514607.jpg\" alt=\"\" width=\"599\" height=\"401\" \/><\/a><p id=\"caption-attachment-122413\" class=\"wp-caption-text\">Gualberto relembrou v\u00e1rios momentos relativos aos anos em que conviveram na pol\u00edtica (foto: Jadilson Sim\u00f5es)<\/p><\/div>\n<p style=\"text-align: justify;\">Na tribuna, Gualberto relembrou v\u00e1rios momentos relativos aos anos em que conviveram na pol\u00edtica. \u201cEu comecei a atuar no Partido dos Trabalhadores em 1981 e Marcelo D\u00e9da j\u00e1 estava, antes mesmo de ter qualquer mandato, de ser deputado estadual, federal, prefeito e governador. J\u00e1 se notava o seu brilhantismo, a sua capacidade de formula\u00e7\u00e3o, o seu conte\u00fado muito aprofundado de qualquer assunto ou tema que se imaginasse, demonstrando que teria um brilhante futuro, ou na pol\u00edtica ou como advogado\u201d, disse o deputado.<\/p>\n<p style=\"text-align: justify;\">Francisco Gualberto tamb\u00e9m relembrou que Marcelo D\u00e9da foi estagi\u00e1rio do Sindicato dos Qu\u00edmicos de Sergipe (Sindiqu\u00edmica) na \u00e1rea de Direito. \u201cEu era da dire\u00e7\u00e3o do sindicato na ocasi\u00e3o, junto com R\u00f4mulo Rodrigues, Edmilson Ara\u00fajo e Ant\u00f4nio da Cruz, e ali ele j\u00e1 demonstrava qual era a linha que queria seguir, mesmo como advogado, que era a linha da classe trabalhadora, da popula\u00e7\u00e3o mais carente. Ele tinha uma vis\u00e3o de um estado com finalidade social e at\u00e9 da sua forma\u00e7\u00e3o acad\u00eamica, que servisse aos que mais precisassem\u201d, assegura Gualberto.<\/p>\n<p>Por\u00a0Assessoria de Imprensa<\/p>\n<p><a href=\"https:\/\/senoticias.com.br\/se\/wp-content\/uploads\/2020\/02\/Logo-novo-fone-1.jpg\"><img loading=\"lazy\" decoding=\"async\" class=\"alignnone size-full wp-image-121966\" src=\"https:\/\/senoticias.com.br\/se\/wp-content\/uploads\/2020\/02\/Logo-novo-fone-1.jpg\" alt=\"\" width=\"599\" height=\"78\" srcset=\"https:\/\/senoticias.com.br\/se\/wp-content\/uploads\/2020\/02\/Logo-novo-fone-1.jpg 599w, https:\/\/senoticias.com.br\/se\/wp-content\/uploads\/2020\/02\/Logo-novo-fone-1-300x39.jpg 300w\" sizes=\"(max-width: 599px) 100vw, 599px\" \/><\/a><\/p>\n<p><em><strong>A<\/strong><strong>companhe tamb\u00e9m o SE Not\u00edcias no\u00a0<a href=\"https:\/\/www.instagram.com\/senoticias\/\">Instagram<\/a>,\u00a0<a href=\"https:\/\/twitter.com\/home\">Twitter<\/a>\u00a0e no\u00a0<a href=\"https:\/\/web.facebook.com\/senoticias1\/\">Facebook<\/a>\u00a0<\/strong><\/em><\/p>\n","protected":false},"excerpt":{"rendered":"<p>Neste dia 11 de mar\u00e7o de 2020, o governador de Sergipe, Marcelo D\u00e9da, estaria completando 60 anos de idade. Nascido na cidade de Sim\u00e3o Dias, em 1960, D\u00e9da faleceu no dia 02 de dezembro de 2013, em S\u00e3o Paulo, v\u00edtima de um c\u00e2ncer. Para saudar a mem\u00f3ria de um dos mais importantes integrante do Partido [&hellip;]<\/p>\n","protected":false},"author":6557,"featured_media":122413,"comment_status":"closed","ping_status":"closed","sticky":false,"template":"","format":"standard","meta":{"footnotes":""},"categories":[15,6],"tags":[14229,14228,4244,4245,5247,8291],"class_list":{"0":"post-122408","1":"post","2":"type-post","3":"status-publish","4":"format-standard","5":"has-post-thumbnail","7":"category-destaques","8":"category-politica","9":"tag-60-anos-de-deda","10":"tag-deputado-gualberto","11":"tag-francisco-gualberto","12":"tag-gualberto","13":"tag-marcelo","14":"tag-marcelo-deda"},"_links":{"self":[{"href":"https:\/\/senoticias.com.br\/se\/wp-json\/wp\/v2\/posts\/122408"}],"collection":[{"href":"https:\/\/senoticias.com.br\/se\/wp-json\/wp\/v2\/posts"}],"about":[{"href":"https:\/\/senoticias.com.br\/se\/wp-json\/wp\/v2\/types\/post"}],"author":[{"embeddable":true,"href":"https:\/\/senoticias.com.br\/se\/wp-json\/wp\/v2\/users\/6557"}],"replies":[{"embeddable":true,"href":"https:\/\/senoticias.com.br\/se\/wp-json\/wp\/v2\/comments?post=122408"}],"version-history":[{"count":0,"href":"https:\/\/senoticias.com.br\/se\/wp-json\/wp\/v2\/posts\/122408\/revisions"}],"wp:featuredmedia":[{"embeddable":true,"href":"https:\/\/senoticias.com.br\/se\/wp-json\/wp\/v2\/media\/122413"}],"wp:attachment":[{"href":"https:\/\/senoticias.com.br\/se\/wp-json\/wp\/v2\/media?parent=122408"}],"wp:term":[{"taxonomy":"category","embeddable":true,"href":"https:\/\/senoticias.com.br\/se\/wp-json\/wp\/v2\/categories?post=122408"},{"taxonomy":"post_tag","embeddable":true,"href":"https:\/\/senoticias.com.br\/se\/wp-json\/wp\/v2\/tags?post=122408"}],"curies":[{"name":"wp","href":"https:\/\/api.w.org\/{rel}","templated":true}]}}