{"id":122388,"date":"2020-03-11T07:15:37","date_gmt":"2020-03-11T10:15:37","guid":{"rendered":"https:\/\/senoticias.com.br\/se\/?p=122388"},"modified":"2020-03-12T15:36:59","modified_gmt":"2020-03-12T18:36:59","slug":"mare-alta-provoca-inundacoes-nos-bairros-13-de-julho-e-bugio","status":"publish","type":"post","link":"https:\/\/senoticias.com.br\/se\/mare-alta-provoca-inundacoes-nos-bairros-13-de-julho-e-bugio\/","title":{"rendered":"Mar\u00e9 alta provoca inunda\u00e7\u00f5es nos bairros 13 de Julho e Bugio"},"content":{"rendered":"<p style=\"text-align: justify;\">A mar\u00e9 alta registrada na tarde desta ter\u00e7a-feira, 10, provocou novamente inunda\u00e7\u00f5es em diversas ruas do bairro 13 de Julho e do Bugio, em Aracaju. Houve congestionamento e desvios no tr\u00e1fego de ve\u00edculos.<\/p>\n<p style=\"text-align: justify;\">As inunda\u00e7\u00f5es na 13 de Julho, conforme a Defesa Civil de Aracaju, s\u00e3o provocadas pelo refluxo das \u00e1guas do canal da avenida An\u00edsio Azevedo pelos bueiros da regi\u00e3o.<\/p>\n<div id=\"attachment_122416\" style=\"width: 609px\" class=\"wp-caption alignnone\"><a href=\"https:\/\/senoticias.com.br\/se\/wp-content\/uploads\/2020\/03\/Alagamentos-SE-Noticias-e1584037804601.jpg\"><img loading=\"lazy\" decoding=\"async\" aria-describedby=\"caption-attachment-122416\" class=\"size-full wp-image-122416\" src=\"https:\/\/senoticias.com.br\/se\/wp-content\/uploads\/2020\/03\/Alagamentos-SE-Noticias-e1584037804601.jpg\" alt=\"\" width=\"599\" height=\"283\" \/><\/a><p id=\"caption-attachment-122416\" class=\"wp-caption-text\">Alagamentos s\u00e3o registrados na manh\u00e3 desta quinta-feira, 12 (foto: SE Not\u00edcias)<\/p><\/div>\n<p style=\"text-align: justify;\">Tanto na 13 de Julho como no Bugio, as inunda\u00e7\u00f5es t\u00eam rela\u00e7\u00e3o com a mar\u00e9 alta, j\u00e1 que o volume de \u00e1gua aumenta consideravelmente, fazendo for\u00e7a em rela\u00e7\u00e3o ao sistema de drenagem destas regi\u00f5es.<\/p>\n<p style=\"text-align: justify;\">De acordo com a Defesa Civil, na 13 Julho, foram mais impactadas as ruas Laura Fontes, P\u00e9ricles Muniz Barreto, Guilhermino Resende e as avenidas Acr\u00edsio Cruz e An\u00edsio Azevedo. No Bugio, a inunda\u00e7\u00e3o mais significativa ocorreu na avenida F.A Superintend\u00eancia Municipal de Transportes e Tr\u00e2nsito (SMTT) informou que por causa da inunda\u00e7\u00e3o, o tr\u00e2nsito na avenida Acr\u00edsio Cruz foi desviado pela rua Jos\u00e9 Ramos da Silva. O tr\u00e1fego de ve\u00edculos foi normalizado por volta das 18h40.<\/p>\n<p style=\"text-align: justify;\">Aind segundo a SMTT, a mar\u00e9 alta tamb\u00e9m provocou um curto circuito nos sem\u00e1foros do cruzamento entre a rua Guilhermino Rezende e a avenida An\u00edsio Azevedo. O trecho ficou isolado at\u00e9 a mar\u00e9 baixar.<\/p>\n<p style=\"text-align: justify;\">A Defesa Civil destacou que n\u00e3o houve influ\u00eancia da mar\u00e9 nos bairros Jabotiana e M\u00e9dici e, consequentemente, registros de inunda\u00e7\u00f5es. Hoje a mar\u00e9 atingiu 2,4m, a maior marca prevista para este ano.<\/p>\n<p style=\"text-align: justify;\">As mar\u00e9s altas est\u00e3o previstas at\u00e9 a pr\u00f3xima quinta-feira, dia 12, com picos no in\u00edcio da manh\u00e3 e final da tarde. A situa\u00e7\u00e3o se perdura por, aproximadamente, 1h30. Nesse espa\u00e7o de tempo, a mar\u00e9 passa 30 minutos em sua capacidade m\u00e1xima e, em seguida, come\u00e7a a vazar.<\/p>\n<p style=\"text-align: justify;\">Por Verlane Est\u00e1cio, <a href=\"https:\/\/infonet.com.br\/noticias\/cidade\/chuvas-e-mare-alta-provocam-alagamentos-em-aracaju\/\"><strong>Portal Infonet<\/strong><\/a><\/p>\n<p>&nbsp;<\/p>\n<p><a href=\"https:\/\/senoticias.com.br\/se\/wp-content\/uploads\/2020\/02\/Logo-novo-fone-1.jpg\"><img loading=\"lazy\" decoding=\"async\" class=\"alignnone size-full wp-image-121966\" src=\"https:\/\/senoticias.com.br\/se\/wp-content\/uploads\/2020\/02\/Logo-novo-fone-1.jpg\" alt=\"\" width=\"599\" height=\"78\" srcset=\"https:\/\/senoticias.com.br\/se\/wp-content\/uploads\/2020\/02\/Logo-novo-fone-1.jpg 599w, https:\/\/senoticias.com.br\/se\/wp-content\/uploads\/2020\/02\/Logo-novo-fone-1-300x39.jpg 300w\" sizes=\"(max-width: 599px) 100vw, 599px\" \/><\/a><\/p>\n<p><em><strong>A<\/strong><strong>companhe tamb\u00e9m o SE Not\u00edcias no\u00a0<a href=\"https:\/\/www.instagram.com\/senoticias\/\">Instagram<\/a>,\u00a0<a href=\"https:\/\/twitter.com\/home\">Twitter<\/a>\u00a0e no\u00a0<a href=\"https:\/\/web.facebook.com\/senoticias1\/\">Facebook<\/a>\u00a0<\/strong><\/em><\/p>\n","protected":false},"excerpt":{"rendered":"<p>A mar\u00e9 alta registrada na tarde desta ter\u00e7a-feira, 10, provocou novamente inunda\u00e7\u00f5es em diversas ruas do bairro 13 de Julho e do Bugio, em Aracaju. Houve congestionamento e desvios no tr\u00e1fego de ve\u00edculos. As inunda\u00e7\u00f5es na 13 de Julho, conforme a Defesa Civil de Aracaju, s\u00e3o provocadas pelo refluxo das \u00e1guas do canal da avenida [&hellip;]<\/p>\n","protected":false},"author":6557,"featured_media":122416,"comment_status":"closed","ping_status":"closed","sticky":false,"template":"","format":"standard","meta":{"footnotes":""},"categories":[15,6],"tags":[3694,14216,14215,14179],"class_list":{"0":"post-122388","1":"post","2":"type-post","3":"status-publish","4":"format-standard","5":"has-post-thumbnail","7":"category-destaques","8":"category-politica","9":"tag-alagamentos","10":"tag-bairros-13-de-julho-e-bugio","11":"tag-inundacoes","12":"tag-mare-alta"},"_links":{"self":[{"href":"https:\/\/senoticias.com.br\/se\/wp-json\/wp\/v2\/posts\/122388"}],"collection":[{"href":"https:\/\/senoticias.com.br\/se\/wp-json\/wp\/v2\/posts"}],"about":[{"href":"https:\/\/senoticias.com.br\/se\/wp-json\/wp\/v2\/types\/post"}],"author":[{"embeddable":true,"href":"https:\/\/senoticias.com.br\/se\/wp-json\/wp\/v2\/users\/6557"}],"replies":[{"embeddable":true,"href":"https:\/\/senoticias.com.br\/se\/wp-json\/wp\/v2\/comments?post=122388"}],"version-history":[{"count":0,"href":"https:\/\/senoticias.com.br\/se\/wp-json\/wp\/v2\/posts\/122388\/revisions"}],"wp:featuredmedia":[{"embeddable":true,"href":"https:\/\/senoticias.com.br\/se\/wp-json\/wp\/v2\/media\/122416"}],"wp:attachment":[{"href":"https:\/\/senoticias.com.br\/se\/wp-json\/wp\/v2\/media?parent=122388"}],"wp:term":[{"taxonomy":"category","embeddable":true,"href":"https:\/\/senoticias.com.br\/se\/wp-json\/wp\/v2\/categories?post=122388"},{"taxonomy":"post_tag","embeddable":true,"href":"https:\/\/senoticias.com.br\/se\/wp-json\/wp\/v2\/tags?post=122388"}],"curies":[{"name":"wp","href":"https:\/\/api.w.org\/{rel}","templated":true}]}}