{"id":122383,"date":"2020-03-11T04:51:05","date_gmt":"2020-03-11T07:51:05","guid":{"rendered":"https:\/\/senoticias.com.br\/se\/?p=122383"},"modified":"2020-03-11T04:57:25","modified_gmt":"2020-03-11T07:57:25","slug":"tres-pessoas-sao-presas-por-venda-clandestina-de-gas-de-cozinha","status":"publish","type":"post","link":"https:\/\/senoticias.com.br\/se\/tres-pessoas-sao-presas-por-venda-clandestina-de-gas-de-cozinha\/","title":{"rendered":"Tr\u00eas pessoas s\u00e3o presas por venda clandestina de g\u00e1s de cozinha"},"content":{"rendered":"<p style=\"text-align: justify;\">Policiais civis da 5\u00aa Delegacia Metropolitana executaram nesta ter\u00e7a-feira, 10, uma opera\u00e7\u00e3o com o intuito de reprimir a venda clandestina de GLP, o popular g\u00e1s de cozinha. Diversas a\u00e7\u00f5es conjuntas s\u00e3o feitas entre Pol\u00edcia Civil, Minist\u00e9rio P\u00fablico e \u00f3rg\u00e3o de aferi\u00e7\u00e3o e defesa do consumidor para evitar o com\u00e9rcio ilegal desse produto.<\/p>\n<div id=\"attachment_122384\" style=\"width: 609px\" class=\"wp-caption alignnone\"><a href=\"https:\/\/senoticias.com.br\/se\/wp-content\/uploads\/2020\/03\/Gas-de-cozinha-SE-Noticias-e1583913159958.jpg\"><img loading=\"lazy\" decoding=\"async\" aria-describedby=\"caption-attachment-122384\" class=\"size-full wp-image-122384\" src=\"https:\/\/senoticias.com.br\/se\/wp-content\/uploads\/2020\/03\/Gas-de-cozinha-SE-Noticias-e1583913159958.jpg\" alt=\"\" width=\"599\" height=\"337\" \/><\/a><p id=\"caption-attachment-122384\" class=\"wp-caption-text\">Segundo a Pol\u00edcia Civil, de botij\u00f5es de g\u00e1s foram apreendidos durante a opera\u00e7\u00e3o (foto: SSP\/SE)<\/p><\/div>\n<p style=\"text-align: justify;\">A repress\u00e3o a esse tipo de com\u00e9rcio foi solicitada pelo Minist\u00e9rio P\u00fablico\u00a0e ap\u00f3s o levantamento dos locais de poss\u00edvel venda clandestina, foi realizada a opera\u00e7\u00e3o. Tr\u00eas pessoas foram presas em flagrante nos conjuntos\u00a0Fernando Collor e Jo\u00e3o Alves Filho. Com a opera\u00e7\u00e3o, tamb\u00e9m foram apreendidos dezenas de botij\u00f5es de g\u00e1s.<\/p>\n<p style=\"text-align: justify;\">O delegado Marcelo Pais salienta que o perigo da ilegalidade no com\u00e9rcio deste tipo de material \u00e9 a precariedade no armazenamento dos botij\u00f5es. O risco de ocorrerem explos\u00f5es e inc\u00eandios \u00e9 grande, visto que os botij\u00f5es eram mantidos escondidos em quartos fechados e abafados, n\u00e3o seguindo as ordens de recomenda\u00e7\u00e3o da Ag\u00eancia Nacional de Petr\u00f3leo &#8211; ANP.<\/p>\n<p>&nbsp;<\/p>\n<p><a href=\"https:\/\/senoticias.com.br\/se\/wp-content\/uploads\/2019\/12\/Logo-novo-fone-1.jpg\"><img loading=\"lazy\" decoding=\"async\" class=\"alignnone size-full wp-image-121281\" src=\"https:\/\/senoticias.com.br\/se\/wp-content\/uploads\/2019\/12\/Logo-novo-fone-1.jpg\" alt=\"\" width=\"599\" height=\"78\" srcset=\"https:\/\/senoticias.com.br\/se\/wp-content\/uploads\/2019\/12\/Logo-novo-fone-1.jpg 599w, https:\/\/senoticias.com.br\/se\/wp-content\/uploads\/2019\/12\/Logo-novo-fone-1-300x39.jpg 300w\" sizes=\"(max-width: 599px) 100vw, 599px\" \/><\/a><\/p>\n<p>&nbsp;<\/p>\n<p><em>Mat\u00e9ria extra\u00edda do <a href=\"https:\/\/www.ssp.se.gov.br\/Noticias\/Detalhes?idNoticia=15061\"><strong>site<\/strong> <\/a>da SSP\/SE<\/em><\/p>\n","protected":false},"excerpt":{"rendered":"<p>Policiais civis da 5\u00aa Delegacia Metropolitana executaram nesta ter\u00e7a-feira, 10, uma opera\u00e7\u00e3o com o intuito de reprimir a venda clandestina de GLP, o popular g\u00e1s de cozinha. Diversas a\u00e7\u00f5es conjuntas s\u00e3o feitas entre Pol\u00edcia Civil, Minist\u00e9rio P\u00fablico e \u00f3rg\u00e3o de aferi\u00e7\u00e3o e defesa do consumidor para evitar o com\u00e9rcio ilegal desse produto. A repress\u00e3o a [&hellip;]<\/p>\n","protected":false},"author":6552,"featured_media":122384,"comment_status":"closed","ping_status":"closed","sticky":false,"template":"","format":"standard","meta":{"footnotes":""},"categories":[15,7,1],"tags":[7435,5351,14214,14213],"class_list":{"0":"post-122383","1":"post","2":"type-post","3":"status-publish","4":"format-standard","5":"has-post-thumbnail","7":"category-destaques","8":"category-policia","9":"category-sem-categoria","10":"tag-gas-de-cozinha","11":"tag-glp","12":"tag-venda-clandestina-de-ga-de-cozinha","13":"tag-venda-clandestina-de-glp"},"_links":{"self":[{"href":"https:\/\/senoticias.com.br\/se\/wp-json\/wp\/v2\/posts\/122383"}],"collection":[{"href":"https:\/\/senoticias.com.br\/se\/wp-json\/wp\/v2\/posts"}],"about":[{"href":"https:\/\/senoticias.com.br\/se\/wp-json\/wp\/v2\/types\/post"}],"author":[{"embeddable":true,"href":"https:\/\/senoticias.com.br\/se\/wp-json\/wp\/v2\/users\/6552"}],"replies":[{"embeddable":true,"href":"https:\/\/senoticias.com.br\/se\/wp-json\/wp\/v2\/comments?post=122383"}],"version-history":[{"count":0,"href":"https:\/\/senoticias.com.br\/se\/wp-json\/wp\/v2\/posts\/122383\/revisions"}],"wp:featuredmedia":[{"embeddable":true,"href":"https:\/\/senoticias.com.br\/se\/wp-json\/wp\/v2\/media\/122384"}],"wp:attachment":[{"href":"https:\/\/senoticias.com.br\/se\/wp-json\/wp\/v2\/media?parent=122383"}],"wp:term":[{"taxonomy":"category","embeddable":true,"href":"https:\/\/senoticias.com.br\/se\/wp-json\/wp\/v2\/categories?post=122383"},{"taxonomy":"post_tag","embeddable":true,"href":"https:\/\/senoticias.com.br\/se\/wp-json\/wp\/v2\/tags?post=122383"}],"curies":[{"name":"wp","href":"https:\/\/api.w.org\/{rel}","templated":true}]}}