{"id":122378,"date":"2020-03-10T17:18:28","date_gmt":"2020-03-10T20:18:28","guid":{"rendered":"https:\/\/senoticias.com.br\/se\/?p=122378"},"modified":"2020-03-10T18:36:56","modified_gmt":"2020-03-10T21:36:56","slug":"cabo-amintas-fiscaliza-empresa-que-vai-reformar-predio-da-camara","status":"publish","type":"post","link":"https:\/\/senoticias.com.br\/se\/cabo-amintas-fiscaliza-empresa-que-vai-reformar-predio-da-camara\/","title":{"rendered":"Cabo Amintas fiscaliza empresa que vai reformar pr\u00e9dio da C\u00e2mara"},"content":{"rendered":"<p style=\"text-align: justify;\">O vereador Cabo Amintas (PTB) esteve presente, na <strong>ter\u00e7a-feira, 10<\/strong>, na 8\u00b0 Sess\u00e3o Ordin\u00e1ria da C\u00e2mara Municipal de Aracaju (CMA) que a partir dessa data ser\u00e1 realizada no edif\u00edcio da Assembleia Legislativa de Sergipe (Alese).<\/p>\n<div id=\"attachment_122379\" style=\"width: 560px\" class=\"wp-caption aligncenter\"><a href=\"https:\/\/senoticias.com.br\/se\/wp-content\/uploads\/2020\/03\/8dfe848d-47fe-42b7-8c22-8207248775e7-e1583871392100.jpg\"><img loading=\"lazy\" decoding=\"async\" aria-describedby=\"caption-attachment-122379\" class=\"size-full wp-image-122379\" src=\"https:\/\/senoticias.com.br\/se\/wp-content\/uploads\/2020\/03\/8dfe848d-47fe-42b7-8c22-8207248775e7-e1583871392100.jpg\" alt=\"\" width=\"550\" height=\"367\" \/><\/a><p id=\"caption-attachment-122379\" class=\"wp-caption-text\">Vereador cabo Amintas (foto: Assessoria de comunica\u00e7\u00e3o)<\/p><\/div>\n<p style=\"text-align: justify;\">Amintas iniciou seu discurso relatando a fiscaliza\u00e7\u00e3o que fez no per\u00edodo da manh\u00e3. O vereador visitou a Unidade B\u00e1sica de Sa\u00fade Adel Nunes, no Bairro Am\u00e9rica, para fiscalizar as den\u00fancias de mau atendimento e falta de medicamentos que recebeu.<\/p>\n<p style=\"text-align: justify;\">&#8220;N\u00e3o sei quem \u00e9 o vereador que tem influ\u00eancia naquele posto de sa\u00fade, mas sabemos como funcionam as coisas na sa\u00fade durante essa gest\u00e3o irrespons\u00e1vel que parece odiar os postos. Fui atendido pela senhora Magna, a diretora, que se mostrou uma pessoa despreparada e at\u00e9 virou as costas para um parlamentar. Est\u00e1 tudo filmado, ela deu as costas a um representante do povo, imaginem o que n\u00e3o faz com o povo que esta ali precisando de atendimento. No posto, eu vi o ar-condicionado e luzes acesas de um consult\u00f3rio vazio, onde deveria ter uma dentista trabalhando naquele hor\u00e1rio, mas n\u00e3o havia&#8221;, denunciou Amintas.<\/p>\n<p style=\"text-align: justify;\">Depois, mudou de assunto e convidou a imprensa sergipana a investigar os gastos com a reforma do pr\u00e9dio sede da C\u00e2mara de Vereadores.<\/p>\n<p style=\"text-align: justify;\">&#8220;Quero convidar os colegas que se preocupam com o uso do dinheiro p\u00fablico a ficar de olho nessa reforma. <strong>Ser\u00e3o R$ 1.209.000,00<\/strong> gastos na reforma do pr\u00e9dio que nem \u00e9 nosso, e ser\u00e1 feita por uma empresa com o patrim\u00f4nio de <strong>R$ 650.000,00<\/strong>, se tiver qualquer problema o patrim\u00f4nio da empresa n\u00e3o cobre o valor da obra. J\u00e1 tenho imagens da empresa, n\u00e3o tem nem placa na porta, essa foi a empresa que ganhou a licita\u00e7\u00e3o. Pessoal do &#8216;Fiscalizaju&#8217;, vai l\u00e1 visitar essa empresa, se n\u00e3o quiserem ir eu passo as imagens para voc\u00eas! A empresa pertence a duas irm\u00e3s, mas quando estive l\u00e1 o representante era outra pessoa&#8221;, estimulou a investiga\u00e7\u00e3o.<\/p>\n<p style=\"text-align: justify;\">Para finalizar, Amintas questionou o motivo dessa obra de reforma da CMA. &#8220;Obra em ano de elei\u00e7\u00e3o? Abram os olhos! Nem sei porque essa reforma ser\u00e1 feita, se ouvi dizer que no pr\u00f3ximo ano ser\u00e1 constru\u00eddo o novo edif\u00edcio para a C\u00e2mara de Vereadores. Gostaria de saber se isso \u00e9 verdade, n\u00f3s vamos fiscalizar cada detalhe desse contrato porque \u00e9 o dinheiro do povo de Aracaju que est\u00e1 em jogo&#8221;, avisou.<\/p>\n<p style=\"text-align: justify;\">Fonte: Assessoria de imprensa do vereador Cabo Amintas<\/p>\n<p><a href=\"https:\/\/senoticias.com.br\/se\/wp-content\/uploads\/2020\/02\/Logo-novo-fone-1.jpg\"><img loading=\"lazy\" decoding=\"async\" class=\"alignnone size-full wp-image-121966\" src=\"https:\/\/senoticias.com.br\/se\/wp-content\/uploads\/2020\/02\/Logo-novo-fone-1.jpg\" alt=\"\" width=\"599\" height=\"78\" srcset=\"https:\/\/senoticias.com.br\/se\/wp-content\/uploads\/2020\/02\/Logo-novo-fone-1.jpg 599w, https:\/\/senoticias.com.br\/se\/wp-content\/uploads\/2020\/02\/Logo-novo-fone-1-300x39.jpg 300w\" sizes=\"(max-width: 599px) 100vw, 599px\" \/><\/a><br \/>\n<em><strong>A<\/strong><strong>companhe tamb\u00e9m o SE Not\u00edcias no\u00a0<a href=\"https:\/\/www.instagram.com\/senoticias\/\">Instagram<\/a>,\u00a0<a href=\"https:\/\/twitter.com\/home\">Twitter<\/a>\u00a0e no\u00a0<a href=\"https:\/\/web.facebook.com\/senoticias1\/\">Facebook<\/a><\/strong><\/em><\/p>\n","protected":false},"excerpt":{"rendered":"<p>O vereador Cabo Amintas (PTB) esteve presente, na ter\u00e7a-feira, 10, na 8\u00b0 Sess\u00e3o Ordin\u00e1ria da C\u00e2mara Municipal de Aracaju (CMA) que a partir dessa data ser\u00e1 realizada no edif\u00edcio da Assembleia Legislativa de Sergipe (Alese). Amintas iniciou seu discurso relatando a fiscaliza\u00e7\u00e3o que fez no per\u00edodo da manh\u00e3. O vereador visitou a Unidade B\u00e1sica de [&hellip;]<\/p>\n","protected":false},"author":6557,"featured_media":0,"comment_status":"closed","ping_status":"closed","sticky":false,"template":"","format":"standard","meta":{"footnotes":""},"categories":[15,6],"tags":[4284,14210,14211,4285],"class_list":{"0":"post-122378","1":"post","2":"type-post","3":"status-publish","4":"format-standard","6":"category-destaques","7":"category-politica","8":"tag-cabo-amintas","9":"tag-fiscaliza","10":"tag-predio-da-camara","11":"tag-vereador-amintas"},"_links":{"self":[{"href":"https:\/\/senoticias.com.br\/se\/wp-json\/wp\/v2\/posts\/122378"}],"collection":[{"href":"https:\/\/senoticias.com.br\/se\/wp-json\/wp\/v2\/posts"}],"about":[{"href":"https:\/\/senoticias.com.br\/se\/wp-json\/wp\/v2\/types\/post"}],"author":[{"embeddable":true,"href":"https:\/\/senoticias.com.br\/se\/wp-json\/wp\/v2\/users\/6557"}],"replies":[{"embeddable":true,"href":"https:\/\/senoticias.com.br\/se\/wp-json\/wp\/v2\/comments?post=122378"}],"version-history":[{"count":0,"href":"https:\/\/senoticias.com.br\/se\/wp-json\/wp\/v2\/posts\/122378\/revisions"}],"wp:attachment":[{"href":"https:\/\/senoticias.com.br\/se\/wp-json\/wp\/v2\/media?parent=122378"}],"wp:term":[{"taxonomy":"category","embeddable":true,"href":"https:\/\/senoticias.com.br\/se\/wp-json\/wp\/v2\/categories?post=122378"},{"taxonomy":"post_tag","embeddable":true,"href":"https:\/\/senoticias.com.br\/se\/wp-json\/wp\/v2\/tags?post=122378"}],"curies":[{"name":"wp","href":"https:\/\/api.w.org\/{rel}","templated":true}]}}