{"id":122375,"date":"2020-03-10T17:06:19","date_gmt":"2020-03-10T20:06:19","guid":{"rendered":"https:\/\/senoticias.com.br\/se\/?p=122375"},"modified":"2020-03-10T17:40:02","modified_gmt":"2020-03-10T20:40:02","slug":"advogado-sancristovense-sera-o-mobilizador-da-juventude-na-4a-conjuve","status":"publish","type":"post","link":"https:\/\/senoticias.com.br\/se\/advogado-sancristovense-sera-o-mobilizador-da-juventude-na-4a-conjuve\/","title":{"rendered":"Advogado sancristovense ser\u00e1 mobilizador de Sergipe na 4\u00aa Confer\u00eancia Nacional da Juventude"},"content":{"rendered":"<p style=\"text-align: justify;\">Escolhido pela Organiza\u00e7\u00e3o das Na\u00e7\u00f5es Unidas para a Educa\u00e7\u00e3o, a Ci\u00eancia e a Cultura (<strong>UNESCO<\/strong>), o advogado sancristovense, Danilo Fontes ser\u00e1 o mobilizador dos jovens Sergipanos, rumo \u00e0 4\u00aa Confer\u00eancia Nacional da Juventude \u2013 CONJUVE, em Bras\u00edlia.<\/p>\n<div id=\"attachment_122376\" style=\"width: 560px\" class=\"wp-caption aligncenter\"><a href=\"https:\/\/senoticias.com.br\/se\/wp-content\/uploads\/2020\/03\/58e84a7a-0679-4e30-ab97-658d4b097600-e1583870679465.jpg\"><img loading=\"lazy\" decoding=\"async\" aria-describedby=\"caption-attachment-122376\" class=\"size-full wp-image-122376\" src=\"https:\/\/senoticias.com.br\/se\/wp-content\/uploads\/2020\/03\/58e84a7a-0679-4e30-ab97-658d4b097600-e1583870679465.jpg\" alt=\"\" width=\"550\" height=\"550\" \/><\/a><p id=\"caption-attachment-122376\" class=\"wp-caption-text\">Danilo Fontes durante a participa\u00e7\u00e3o da reuni\u00e3o preparat\u00f3ria para mobiliza\u00e7\u00e3o da 4\u00aa Confer\u00eancia Nacional da Juventude, em Bras\u00edlia (foto: arquivo pessoal)<\/p><\/div>\n<p style=\"text-align: justify;\">O jovem advogado participou junto com representantes de todos os Estados brasileiros nos dias 10 e 11 fevereiro, em Bras\u00edlia, de uma reuni\u00e3o preparat\u00f3ria para mobiliza\u00e7\u00e3o da 4\u00aa Confer\u00eancia Nacional da Juventude, que ser\u00e1 um espa\u00e7o democr\u00e1tico de integra\u00e7\u00e3o entre o Governo, a Sociedade Civil e os jovens, onde pol\u00edticas p\u00fablicas para a juventude foram pautadas entre cada participante.<\/p>\n<p style=\"text-align: justify;\">Um dos principais objetivos propostos pela 4\u00aa Confer\u00eancia da Juventude \u00e9 trazer novas perspectivas para a juventude, elevando o jovem ao papel de protagonismo no desenvolvimento nacional de pol\u00edticas p\u00fablicas, na elabora\u00e7\u00e3o de proposta e no debate sobre assuntos importantes para a sociedade como sa\u00fade, educa\u00e7\u00e3o, cultura, profissionaliza\u00e7\u00e3o, seguran\u00e7a p\u00fablica, sustentabilidade e meio ambiente, reconhecendo \u2013o como agente necess\u00e1rio para a constru\u00e7\u00e3o da pol\u00edtica e no desenvolvimento do plano nacional da juventude.<\/p>\n<p style=\"text-align: justify;\">Com grande expectativa, Dr. Danilo Fontes conta que ir\u00e1 mobilizar todos os atores envolvidos na pol\u00edtica da juventude \u201cSer\u00e1 um trabalho de mobiliza\u00e7\u00e3o municipal e Estadual, para que possamos realizar as confer\u00eancias em Sergipe\u201d, disse com entusiasmado.<\/p>\n<p style=\"text-align: justify;\">O advogado ressalta que as etapas iniciais s\u00e3o consideradas importantes para discutir problemas e solu\u00e7\u00f5es no \u00e2mbito da juventude. \u201cPrimeiro acontecer\u00e1 \u00e0 confer\u00eancia municipal, entre os dias 01 de mar\u00e7o a 10 de maio, e logo mais, a Estadual, de 11 de maio a 20 de junho\u201d, refor\u00e7a.<\/p>\n<p style=\"text-align: justify;\">Ap\u00f3s passarem por todas as etapas previstas, os jovens sergipanos eleitos delegados ir\u00e3o participar da 4\u00aa CONFJUVE, que acontecer\u00e1 nos dias <strong>12, 13 e 14 de agosto<\/strong>. \u201cPrecisamos atrair a participa\u00e7\u00e3o dos jovens para discutirem sobre pol\u00edticas p\u00fablicas nas suas localidades. Iremos \u00e0 busca do apoio legislativo e governamentais, para que juntos possamos desencadear um amplo movimento de mobiliza\u00e7\u00e3o\u201d, observa Danilo Fontes.<\/p>\n<p style=\"text-align: justify;\">No Estado de Sergipe, teremos dois representantes respons\u00e1veis pela mobiliza\u00e7\u00e3o e valida\u00e7\u00e3o das Confer\u00eancias, al\u00e9m do jovem advogado Dr. Danillo Fontes, que ser\u00e1 encarregado de mobilizar a regi\u00e3o intermedi\u00e1ria de Itabaiana, tamb\u00e9m teremos o advogado Dr. Juraci Nunes, que ir\u00e1 mobilizar a juventude na regi\u00e3o intermunicipal de Aracaju.<\/p>\n<p style=\"text-align: justify;\"><em><strong>Por Reda\u00e7\u00e3o SE Not\u00edcias<\/strong><\/em><\/p>\n<p><a href=\"https:\/\/senoticias.com.br\/se\/wp-content\/uploads\/2020\/02\/Logo-novo-fone-1.jpg\"><img loading=\"lazy\" decoding=\"async\" class=\"alignnone size-full wp-image-121966\" src=\"https:\/\/senoticias.com.br\/se\/wp-content\/uploads\/2020\/02\/Logo-novo-fone-1.jpg\" alt=\"\" width=\"599\" height=\"78\" srcset=\"https:\/\/senoticias.com.br\/se\/wp-content\/uploads\/2020\/02\/Logo-novo-fone-1.jpg 599w, https:\/\/senoticias.com.br\/se\/wp-content\/uploads\/2020\/02\/Logo-novo-fone-1-300x39.jpg 300w\" sizes=\"(max-width: 599px) 100vw, 599px\" \/><\/a><br \/>\n<em><strong>A<\/strong><strong>companhe tamb\u00e9m o SE Not\u00edcias no\u00a0<a href=\"https:\/\/www.instagram.com\/senoticias\/\">Instagram<\/a>,\u00a0<a href=\"https:\/\/twitter.com\/home\">Twitter<\/a>\u00a0e no\u00a0<a href=\"https:\/\/web.facebook.com\/senoticias1\/\">Facebook<\/a><\/strong><\/em><\/p>\n","protected":false},"excerpt":{"rendered":"<p>Escolhido pela Organiza\u00e7\u00e3o das Na\u00e7\u00f5es Unidas para a Educa\u00e7\u00e3o, a Ci\u00eancia e a Cultura (UNESCO), o advogado sancristovense, Danilo Fontes ser\u00e1 o mobilizador dos jovens Sergipanos, rumo \u00e0 4\u00aa Confer\u00eancia Nacional da Juventude \u2013 CONJUVE, em Bras\u00edlia. O jovem advogado participou junto com representantes de todos os Estados brasileiros nos dias 10 e 11 fevereiro, [&hellip;]<\/p>\n","protected":false},"author":6557,"featured_media":0,"comment_status":"closed","ping_status":"closed","sticky":false,"template":"","format":"standard","meta":{"footnotes":""},"categories":[15,38],"tags":[14209,14208,14212],"class_list":{"0":"post-122375","1":"post","2":"type-post","3":"status-publish","4":"format-standard","6":"category-destaques","7":"category-municipios","8":"tag-4a-conjuve-mobilizador","9":"tag-advogado-sancristovense","10":"tag-danilo-fontes"},"_links":{"self":[{"href":"https:\/\/senoticias.com.br\/se\/wp-json\/wp\/v2\/posts\/122375"}],"collection":[{"href":"https:\/\/senoticias.com.br\/se\/wp-json\/wp\/v2\/posts"}],"about":[{"href":"https:\/\/senoticias.com.br\/se\/wp-json\/wp\/v2\/types\/post"}],"author":[{"embeddable":true,"href":"https:\/\/senoticias.com.br\/se\/wp-json\/wp\/v2\/users\/6557"}],"replies":[{"embeddable":true,"href":"https:\/\/senoticias.com.br\/se\/wp-json\/wp\/v2\/comments?post=122375"}],"version-history":[{"count":0,"href":"https:\/\/senoticias.com.br\/se\/wp-json\/wp\/v2\/posts\/122375\/revisions"}],"wp:attachment":[{"href":"https:\/\/senoticias.com.br\/se\/wp-json\/wp\/v2\/media?parent=122375"}],"wp:term":[{"taxonomy":"category","embeddable":true,"href":"https:\/\/senoticias.com.br\/se\/wp-json\/wp\/v2\/categories?post=122375"},{"taxonomy":"post_tag","embeddable":true,"href":"https:\/\/senoticias.com.br\/se\/wp-json\/wp\/v2\/tags?post=122375"}],"curies":[{"name":"wp","href":"https:\/\/api.w.org\/{rel}","templated":true}]}}