{"id":122347,"date":"2020-03-08T22:15:30","date_gmt":"2020-03-09T01:15:30","guid":{"rendered":"https:\/\/senoticias.com.br\/se\/?p=122347"},"modified":"2020-03-08T22:15:30","modified_gmt":"2020-03-09T01:15:30","slug":"homem-e-preso-com-tres-armas-de-fogo-no-bairro-rosa-maria-em-sao-cristovao","status":"publish","type":"post","link":"https:\/\/senoticias.com.br\/se\/homem-e-preso-com-tres-armas-de-fogo-no-bairro-rosa-maria-em-sao-cristovao\/","title":{"rendered":"Homem \u00e9 preso com tr\u00eas armas de fogo no Bairro Rosa Maria, em S\u00e3o Crist\u00f3v\u00e3o"},"content":{"rendered":"<div class=\"mc-column content-text active-extra-styles \" data-block-type=\"unstyled\" data-block-weight=\"34\" data-block-id=\"2\">\n<p class=\"content-text__container \" style=\"text-align: justify;\" data-track-category=\"Link no Texto\" data-track-links=\"\">Na tarde deste domingo, 8, um homem de 30 anos foi preso pelo Grupamento Especial T\u00e1tico de Motos (Getam), em posse de <strong>tr\u00eas de fogo e muni\u00e7\u00f5es<\/strong> no Bairro Rosa Maria, em S\u00e3o Crist\u00f3v\u00e3o.<\/p>\n<div id=\"attachment_122348\" style=\"width: 609px\" class=\"wp-caption alignnone\"><a href=\"https:\/\/senoticias.com.br\/se\/wp-content\/uploads\/2020\/03\/Getam-SE-Noticias.jpg\"><img loading=\"lazy\" decoding=\"async\" aria-describedby=\"caption-attachment-122348\" class=\"size-full wp-image-122348\" src=\"https:\/\/senoticias.com.br\/se\/wp-content\/uploads\/2020\/03\/Getam-SE-Noticias-e1583716363678.jpg\" alt=\"\" width=\"599\" height=\"449\" \/><\/a><p id=\"caption-attachment-122348\" class=\"wp-caption-text\">Armas de fogo e muni\u00e7\u00f5es foram apreendidas\u00a0 (foto: Getam\/PMSE)<\/p><\/div>\n<\/div>\n<div class=\"wall protected-content\">\n<div class=\"mc-column content-text active-extra-styles \" style=\"text-align: justify;\" data-block-type=\"unstyled\" data-block-weight=\"21\" data-block-id=\"3\">\n<p class=\"content-text__container \" data-track-category=\"Link no Texto\" data-track-links=\"\">De acordo com os policiais, populares informaram que o suspeito trafegava em um ve\u00edculo branco amea\u00e7ando pessoas que passavam pelo local.<\/p>\n<\/div>\n<div class=\"mc-column content-text active-extra-styles \" style=\"text-align: justify;\" data-block-type=\"unstyled\" data-block-weight=\"30\" data-block-id=\"4\">\n<p class=\"content-text__container \" data-track-category=\"Link no Texto\" data-track-links=\"\">No momento da pris\u00e3o foi encontrada <strong>uma pistola calibre 9 mil\u00edmetros<\/strong> com numera\u00e7\u00e3o raspada e <strong>14 muni\u00e7\u00f5es<\/strong>. J\u00e1 na casa dele, havia <strong>18 muni\u00e7\u00f5es, outra arma e uma capa t\u00e1tica<\/strong>.<\/p>\n<\/div>\n<div data-track-category=\"multicontent\" data-track-action=\"ultimo chunk conteudo\" data-track-noninteraction=\"false\" data-track-scroll=\"view\">\n<div class=\"mc-column content-text active-extra-styles \" data-block-type=\"unstyled\" data-block-weight=\"29\" data-block-id=\"5\">\n<p class=\"content-text__container \" style=\"text-align: justify;\" data-track-category=\"Link no Texto\" data-track-links=\"\">Os materiais e o suspeito foram encaminhados \u00e0 Central de Flagrantes. Segundo a Pol\u00edcia Militar, ele j\u00e1 tem passagem pelo sistema prisional por porte ilegal de arma de fogo.<\/p>\n<\/div>\n<p data-track-category=\"Link no Texto\" data-track-links=\"\"><a href=\"https:\/\/senoticias.com.br\/se\/wp-content\/uploads\/2019\/12\/Logo-novo-fone-1.jpg\"><img loading=\"lazy\" decoding=\"async\" class=\"alignnone size-full wp-image-121281\" src=\"https:\/\/senoticias.com.br\/se\/wp-content\/uploads\/2019\/12\/Logo-novo-fone-1.jpg\" alt=\"\" width=\"599\" height=\"78\" srcset=\"https:\/\/senoticias.com.br\/se\/wp-content\/uploads\/2019\/12\/Logo-novo-fone-1.jpg 599w, https:\/\/senoticias.com.br\/se\/wp-content\/uploads\/2019\/12\/Logo-novo-fone-1-300x39.jpg 300w\" sizes=\"(max-width: 599px) 100vw, 599px\" \/><\/a><\/p>\n<\/div>\n<\/div>\n<p data-track-category=\"Link no Texto\" data-track-links=\"\"><em><strong>A<\/strong><strong>companhe tamb\u00e9m o SE Not\u00edcias no\u00a0<a href=\"https:\/\/www.instagram.com\/senoticias\/\">Instagram<\/a>,\u00a0<a href=\"https:\/\/twitter.com\/home\">Twitter<\/a>\u00a0e no\u00a0<a href=\"https:\/\/web.facebook.com\/senoticias1\/\">Facebook<\/a><\/strong><\/em><\/p>\n<p data-track-category=\"Link no Texto\" data-track-links=\"\"><em>Por G1 SE<\/em><\/p>\n","protected":false},"excerpt":{"rendered":"<p>Na tarde deste domingo, 8, um homem de 30 anos foi preso pelo Grupamento Especial T\u00e1tico de Motos (Getam), em posse de tr\u00eas de fogo e muni\u00e7\u00f5es no Bairro Rosa Maria, em S\u00e3o Crist\u00f3v\u00e3o. De acordo com os policiais, populares informaram que o suspeito trafegava em um ve\u00edculo branco amea\u00e7ando pessoas que passavam pelo local. [&hellip;]<\/p>\n","protected":false},"author":6552,"featured_media":122348,"comment_status":"closed","ping_status":"closed","sticky":false,"template":"","format":"standard","meta":{"footnotes":""},"categories":[15,7],"tags":[14193,14194,11815,575,86],"class_list":{"0":"post-122347","1":"post","2":"type-post","3":"status-publish","4":"format-standard","5":"has-post-thumbnail","7":"category-destaques","8":"category-policia","9":"tag-apreensao-de-armas","10":"tag-bairro-rosa-maria","11":"tag-central-de-flagrantes","12":"tag-getam","13":"tag-policia-militar"},"_links":{"self":[{"href":"https:\/\/senoticias.com.br\/se\/wp-json\/wp\/v2\/posts\/122347"}],"collection":[{"href":"https:\/\/senoticias.com.br\/se\/wp-json\/wp\/v2\/posts"}],"about":[{"href":"https:\/\/senoticias.com.br\/se\/wp-json\/wp\/v2\/types\/post"}],"author":[{"embeddable":true,"href":"https:\/\/senoticias.com.br\/se\/wp-json\/wp\/v2\/users\/6552"}],"replies":[{"embeddable":true,"href":"https:\/\/senoticias.com.br\/se\/wp-json\/wp\/v2\/comments?post=122347"}],"version-history":[{"count":0,"href":"https:\/\/senoticias.com.br\/se\/wp-json\/wp\/v2\/posts\/122347\/revisions"}],"wp:featuredmedia":[{"embeddable":true,"href":"https:\/\/senoticias.com.br\/se\/wp-json\/wp\/v2\/media\/122348"}],"wp:attachment":[{"href":"https:\/\/senoticias.com.br\/se\/wp-json\/wp\/v2\/media?parent=122347"}],"wp:term":[{"taxonomy":"category","embeddable":true,"href":"https:\/\/senoticias.com.br\/se\/wp-json\/wp\/v2\/categories?post=122347"},{"taxonomy":"post_tag","embeddable":true,"href":"https:\/\/senoticias.com.br\/se\/wp-json\/wp\/v2\/tags?post=122347"}],"curies":[{"name":"wp","href":"https:\/\/api.w.org\/{rel}","templated":true}]}}