{"id":122339,"date":"2020-03-07T16:19:28","date_gmt":"2020-03-07T19:19:28","guid":{"rendered":"https:\/\/senoticias.com.br\/se\/?p=122339"},"modified":"2020-03-07T16:27:13","modified_gmt":"2020-03-07T19:27:13","slug":"prefeitura-de-aracaju-divulga-lista-do-processo-seletivo-da-saude","status":"publish","type":"post","link":"https:\/\/senoticias.com.br\/se\/prefeitura-de-aracaju-divulga-lista-do-processo-seletivo-da-saude\/","title":{"rendered":"Prefeitura de Aracaju divulga lista do Processo Seletivo da Sa\u00fade"},"content":{"rendered":"<p style=\"text-align: justify;\">A Prefeitura de Aracaju publicou na\u00a0 sexta-feira, 6, a lista provis\u00f3ria do resultado do Processo Seletivo Simplificado (PSS) da Sa\u00fade, para o preenchimento de vagas, no Di\u00e1rio Oficial do Munic\u00edpio e no site institucional da administra\u00e7\u00e3o municipal<\/p>\n<div id=\"attachment_83926\" style=\"width: 608px\" class=\"wp-caption alignnone\"><a href=\"https:\/\/senoticias.com.br\/se\/wp-content\/uploads\/2015\/09\/grande-040913grande-jalecos-medicos-fotonova26122011-e1442236655950.jpg\"><img loading=\"lazy\" decoding=\"async\" aria-describedby=\"caption-attachment-83926\" class=\"size-full wp-image-83926\" src=\"https:\/\/senoticias.com.br\/se\/wp-content\/uploads\/2015\/09\/grande-040913grande-jalecos-medicos-fotonova26122011-e1442236655950.jpg\" alt=\"\" width=\"598\" height=\"397\" \/><\/a><p id=\"caption-attachment-83926\" class=\"wp-caption-text\">Lista provis\u00f3ria do PSS da Sa\u00fade em Aracaju j\u00e1 est\u00e1 dispon\u00edvel\u00a0 (Foto: Ag\u00eancia Brasil)<\/p><\/div>\n<p style=\"text-align: justify;\">De acordo com a secret\u00e1ria da Sa\u00fade, Waneska Barboza, o esfor\u00e7o coletivo de toda a Secretaria faz com que haja transpar\u00eancia em todas as etapas do Processo. \u201cAp\u00f3s an\u00e1lise documental realizada pela comiss\u00e3o respons\u00e1vel pela execu\u00e7\u00e3o do certame, os candidatos considerados aptos, prosseguir\u00e3o concorrendo \u00e0s vagas oferecidas e ao cadastro reserva\u201d, destacou.<\/p>\n<p style=\"text-align: justify;\">Ainda segundo Waneska, a data para interposi\u00e7\u00e3o do recurso ser\u00e1 na pr\u00f3xima ter\u00e7a e quarta-feira, dias 10 e 11. \u201cOs candidatos que tiverem interesse, devem comparecer ao audit\u00f3rio da SMS, que fica na rua Nely Correia de Andrade, 50, bairro Coroa do Meio, das 8h \u00e0s 12h e das 13h \u00e0s 17h\u201d, enfatizou.<\/p>\n<p style=\"text-align: justify;\">De acordo com o cronograma constante no edital de abertura do PSS, depois da fase do recurso, o resultado e convoca\u00e7\u00e3o dos afrodescendentes para o procedimento de heteroidentifica\u00e7\u00e3o ser\u00e1 publicado na sexta-feira, 13.<\/p>\n<p style=\"text-align: justify;\">A heteroidentifica\u00e7\u00e3o dos candidatos afrodescedentes, acontecer\u00e1 do dia 18 ao dia 20 deste m\u00eas, e o resultado ser\u00e1 divulgado no dia 23, ficando o dia 25 reservado para a interposi\u00e7\u00e3o de recurso da heteroindetifica\u00e7\u00e3o.<\/p>\n<p style=\"text-align: justify;\">Por fim, no dia 31 de mar\u00e7o, ser\u00e1 publicado no Di\u00e1rio Oficial do Munic\u00edpio, e no site da Prefeitura de Aracaju, o a lista final dos aprovados.<\/p>\n<p>&nbsp;<\/p>\n<p>Para consultar a lista provis\u00f3ria, clique\u00a0<strong><a href=\"https:\/\/www.aracaju.se.gov.br\/userfiles\/pdf\/2020\/editais\/Saude\/edital-n-05-2020-resultado-provisorio-do-pss-2020.pdf\">aqui<\/a><\/strong>.<\/p>\n<p>&nbsp;<\/p>\n<p><a href=\"https:\/\/senoticias.com.br\/se\/wp-content\/uploads\/2019\/12\/Logo-novo-fone-1.jpg\"><img loading=\"lazy\" decoding=\"async\" class=\"alignnone size-full wp-image-121281\" src=\"https:\/\/senoticias.com.br\/se\/wp-content\/uploads\/2019\/12\/Logo-novo-fone-1.jpg\" alt=\"\" width=\"599\" height=\"78\" srcset=\"https:\/\/senoticias.com.br\/se\/wp-content\/uploads\/2019\/12\/Logo-novo-fone-1.jpg 599w, https:\/\/senoticias.com.br\/se\/wp-content\/uploads\/2019\/12\/Logo-novo-fone-1-300x39.jpg 300w\" sizes=\"(max-width: 599px) 100vw, 599px\" \/><\/a><\/p>\n<p>&nbsp;<\/p>\n<p><em>Com informa\u00e7\u00f5es da Prefeitura de Aracaju<\/em><\/p>\n","protected":false},"excerpt":{"rendered":"<p>A Prefeitura de Aracaju publicou na\u00a0 sexta-feira, 6, a lista provis\u00f3ria do resultado do Processo Seletivo Simplificado (PSS) da Sa\u00fade, para o preenchimento de vagas, no Di\u00e1rio Oficial do Munic\u00edpio e no site institucional da administra\u00e7\u00e3o municipal De acordo com a secret\u00e1ria da Sa\u00fade, Waneska Barboza, o esfor\u00e7o coletivo de toda a Secretaria faz com [&hellip;]<\/p>\n","protected":false},"author":6552,"featured_media":83926,"comment_status":"closed","ping_status":"closed","sticky":false,"template":"","format":"standard","meta":{"footnotes":""},"categories":[15,6,1],"tags":[6291,213,7144,9329,11351,14184],"class_list":{"0":"post-122339","1":"post","2":"type-post","3":"status-publish","4":"format-standard","5":"has-post-thumbnail","7":"category-destaques","8":"category-politica","9":"category-sem-categoria","10":"tag-diario-oficial-do-municipio","11":"tag-prefeitura-de-aracaju","12":"tag-processo-seletivo-simplificado","13":"tag-pss","14":"tag-pss-da-saude","15":"tag-waneska-barboza"},"_links":{"self":[{"href":"https:\/\/senoticias.com.br\/se\/wp-json\/wp\/v2\/posts\/122339"}],"collection":[{"href":"https:\/\/senoticias.com.br\/se\/wp-json\/wp\/v2\/posts"}],"about":[{"href":"https:\/\/senoticias.com.br\/se\/wp-json\/wp\/v2\/types\/post"}],"author":[{"embeddable":true,"href":"https:\/\/senoticias.com.br\/se\/wp-json\/wp\/v2\/users\/6552"}],"replies":[{"embeddable":true,"href":"https:\/\/senoticias.com.br\/se\/wp-json\/wp\/v2\/comments?post=122339"}],"version-history":[{"count":0,"href":"https:\/\/senoticias.com.br\/se\/wp-json\/wp\/v2\/posts\/122339\/revisions"}],"wp:featuredmedia":[{"embeddable":true,"href":"https:\/\/senoticias.com.br\/se\/wp-json\/wp\/v2\/media\/83926"}],"wp:attachment":[{"href":"https:\/\/senoticias.com.br\/se\/wp-json\/wp\/v2\/media?parent=122339"}],"wp:term":[{"taxonomy":"category","embeddable":true,"href":"https:\/\/senoticias.com.br\/se\/wp-json\/wp\/v2\/categories?post=122339"},{"taxonomy":"post_tag","embeddable":true,"href":"https:\/\/senoticias.com.br\/se\/wp-json\/wp\/v2\/tags?post=122339"}],"curies":[{"name":"wp","href":"https:\/\/api.w.org\/{rel}","templated":true}]}}