{"id":122324,"date":"2020-03-06T07:42:38","date_gmt":"2020-03-06T10:42:38","guid":{"rendered":"https:\/\/senoticias.com.br\/se\/?p=122324"},"modified":"2020-03-06T07:54:56","modified_gmt":"2020-03-06T10:54:56","slug":"video-mostra-principio-de-confusao-entre-vereadores-na-camara-de-caninde-de-sao-francisco-assista","status":"publish","type":"post","link":"https:\/\/senoticias.com.br\/se\/video-mostra-principio-de-confusao-entre-vereadores-na-camara-de-caninde-de-sao-francisco-assista\/","title":{"rendered":"Confus\u00e3o entre vereadores na C\u00e2mara de Canind\u00e9 de S\u00e3o Francisco; Assista"},"content":{"rendered":"<p style=\"text-align: justify;\">A reda\u00e7\u00e3o do<strong> Portal SE Not\u00edcias<\/strong> recebeu um v\u00eddeo em que mostra dois vereadores de Canind\u00e9 de S\u00e3o Francisco com \u00e2nimos exaltados durante sess\u00e3o ordin\u00e1ria realizada na \u00faltima ter\u00e7a-feira,03.<\/p>\n<p><iframe loading=\"lazy\" title=\"Vereadores discutem durante sess\u00e3o legislativa em Canind\u00e9 de S\u00e3o Francisco\/ SE\" width=\"500\" height=\"281\" src=\"https:\/\/www.youtube.com\/embed\/No1r8xfDMKQ?feature=oembed\" frameborder=\"0\" allow=\"accelerometer; autoplay; clipboard-write; encrypted-media; gyroscope; picture-in-picture; web-share\" referrerpolicy=\"strict-origin-when-cross-origin\" allowfullscreen><\/iframe><\/p>\n<p style=\"text-align: justify;\">As informa\u00e7\u00f5es foram repassadas ao nosso <strong>Portal de Not\u00edcias<\/strong> por uma moradora do munic\u00edpio que n\u00e3o quis se identificar. De acordo com a fonte e como mostra o v\u00eddeo, os parlamentares envolvidos no in\u00edcio de uma confus\u00e3o se trata do vereador <strong>Z\u00e9 Caloi (PP)<\/strong>, <strong>Pank (PRP)<\/strong> e do presidente da Casa, <strong>Weldo Mariano (PRB).<\/strong><\/p>\n<p style=\"text-align: justify;\">\u201cEles entraram em uma discuss\u00e3o e quase em via de fato, at\u00e9 copos foram quebrados\u201d, relatou a internauta que presenciou a cena.<\/p>\n<p style=\"text-align: justify;\">Ainda de acordo com a cidad\u00e3 Canindeense, o vereador <strong>Z\u00e9 Caloi<\/strong> tem gerado confus\u00e3o durante \u00e0s sess\u00f5es legislativas. \u201cPobre Canind\u00e9, sempre aparecendo de forma negativa nos meios de comunica\u00e7\u00e3o\u201d.<\/p>\n<p style=\"text-align: justify;\">A reda\u00e7\u00e3o do <em><strong>Portal SE Not\u00edcias<\/strong><\/em> entrou em contato com a C\u00e2mara do munic\u00edpio, mas n\u00e3o obteve resposta. Estamos \u00e0 disposi\u00e7\u00e3o atrav\u00e9s do telefone <strong>(79) 9-9171-5289<\/strong> ou atrav\u00e9s do e-mail: <strong>senoticias@gmail.com<\/strong><\/p>\n<p><a href=\"https:\/\/senoticias.com.br\/se\/wp-content\/uploads\/2020\/02\/Logo-novo-fone-1.jpg\"><img loading=\"lazy\" decoding=\"async\" class=\"alignnone size-full wp-image-121966 aligncenter\" src=\"https:\/\/senoticias.com.br\/se\/wp-content\/uploads\/2020\/02\/Logo-novo-fone-1.jpg\" alt=\"\" width=\"599\" height=\"78\" srcset=\"https:\/\/senoticias.com.br\/se\/wp-content\/uploads\/2020\/02\/Logo-novo-fone-1.jpg 599w, https:\/\/senoticias.com.br\/se\/wp-content\/uploads\/2020\/02\/Logo-novo-fone-1-300x39.jpg 300w\" sizes=\"(max-width: 599px) 100vw, 599px\" \/><\/a><br \/>\n<em><strong>A<\/strong><strong>companhe tamb\u00e9m o SE Not\u00edcias no\u00a0<a href=\"https:\/\/www.instagram.com\/senoticias\/\">Instagram<\/a>,\u00a0<a href=\"https:\/\/twitter.com\/home\">Twitter<\/a>\u00a0e no\u00a0<a href=\"https:\/\/web.facebook.com\/senoticias1\/\">Facebook<\/a><\/strong><\/em><\/p>\n<p>&nbsp;<\/p>\n<p><em>Por Yslla Vanessa, Portal SE Not\u00edcias<\/em><\/p>\n","protected":false},"excerpt":{"rendered":"<p>A reda\u00e7\u00e3o do Portal SE Not\u00edcias recebeu um v\u00eddeo em que mostra dois vereadores de Canind\u00e9 de S\u00e3o Francisco com \u00e2nimos exaltados durante sess\u00e3o ordin\u00e1ria realizada na \u00faltima ter\u00e7a-feira,03. As informa\u00e7\u00f5es foram repassadas ao nosso Portal de Not\u00edcias por uma moradora do munic\u00edpio que n\u00e3o quis se identificar. De acordo com a fonte e como [&hellip;]<\/p>\n","protected":false},"author":6557,"featured_media":0,"comment_status":"closed","ping_status":"closed","sticky":false,"template":"","format":"standard","meta":{"footnotes":""},"categories":[15,6],"tags":[7330,1953,4108,217],"class_list":{"0":"post-122324","1":"post","2":"type-post","3":"status-publish","4":"format-standard","6":"category-destaques","7":"category-politica","8":"tag-camara-municipal","9":"tag-caninde-de-sao-francisco","10":"tag-confusao","11":"tag-vereadores"},"_links":{"self":[{"href":"https:\/\/senoticias.com.br\/se\/wp-json\/wp\/v2\/posts\/122324"}],"collection":[{"href":"https:\/\/senoticias.com.br\/se\/wp-json\/wp\/v2\/posts"}],"about":[{"href":"https:\/\/senoticias.com.br\/se\/wp-json\/wp\/v2\/types\/post"}],"author":[{"embeddable":true,"href":"https:\/\/senoticias.com.br\/se\/wp-json\/wp\/v2\/users\/6557"}],"replies":[{"embeddable":true,"href":"https:\/\/senoticias.com.br\/se\/wp-json\/wp\/v2\/comments?post=122324"}],"version-history":[{"count":0,"href":"https:\/\/senoticias.com.br\/se\/wp-json\/wp\/v2\/posts\/122324\/revisions"}],"wp:attachment":[{"href":"https:\/\/senoticias.com.br\/se\/wp-json\/wp\/v2\/media?parent=122324"}],"wp:term":[{"taxonomy":"category","embeddable":true,"href":"https:\/\/senoticias.com.br\/se\/wp-json\/wp\/v2\/categories?post=122324"},{"taxonomy":"post_tag","embeddable":true,"href":"https:\/\/senoticias.com.br\/se\/wp-json\/wp\/v2\/tags?post=122324"}],"curies":[{"name":"wp","href":"https:\/\/api.w.org\/{rel}","templated":true}]}}