{"id":122319,"date":"2020-03-05T17:01:44","date_gmt":"2020-03-05T20:01:44","guid":{"rendered":"https:\/\/senoticias.com.br\/se\/?p=122319"},"modified":"2020-03-06T07:10:14","modified_gmt":"2020-03-06T10:10:14","slug":"presidente-da-camara-de-lagarto-e-preso","status":"publish","type":"post","link":"https:\/\/senoticias.com.br\/se\/presidente-da-camara-de-lagarto-e-preso\/","title":{"rendered":"Presidente da C\u00e2mara de Lagarto \u00e9 preso por crime de desobedi\u00eancia"},"content":{"rendered":"<p style=\"text-align: justify;\">O presidente da C\u00e2mara Municipal de Lagarto, vereador Eduardo Marat\u00e1, foi preso, nesta quinta-feira (5), por crime desobedi\u00eancia. Ele foi ao F\u00f3rum para participar de uma audi\u00eancia, mas se desentendeu com um policial militar e recebeu voz de pris\u00e3o. Conduzido \u00e0 Delegacia, o parlamentar foi ouvido, assinou um Termo Circunstanciado e foi liberado em seguida. As informa\u00e7\u00e3o d\u00e3o conta que o parlamentar n\u00e3o reagiu quando os policiais disseram que ele estava preso.<\/p>\n<div id=\"attachment_122320\" style=\"width: 560px\" class=\"wp-caption aligncenter\"><a href=\"https:\/\/senoticias.com.br\/se\/wp-content\/uploads\/2020\/03\/eduardo-3-e1583438372249.jpg\"><img loading=\"lazy\" decoding=\"async\" aria-describedby=\"caption-attachment-122320\" class=\"size-full wp-image-122320\" src=\"https:\/\/senoticias.com.br\/se\/wp-content\/uploads\/2020\/03\/eduardo-3-e1583438372249.jpg\" alt=\"\" width=\"550\" height=\"366\" \/><\/a><p id=\"caption-attachment-122320\" class=\"wp-caption-text\">Vereador Eduardo se recusou a deixar a sala das testemunhas. (Foto: Portal Lagartense)<\/p><\/div>\n<p style=\"text-align: justify;\">Pessoas que se encontravam no F\u00f3rum contaram que o vereador n\u00e3o aceitou a ordem dos policiais para deixar a sala onde estavam testemunhas de acusa\u00e7\u00e3o num processo contra oito acusados de roubo de carros. Mesmo informado que a determina\u00e7\u00e3o do juiz era para que as testemunhas de defesa e acusa\u00e7\u00e3o ficassem em aminetes separadas, Eduardo Marat\u00e1 teria insistido para permanecer na sala. Diante da desobedi\u00eancia, os militares deram voz de pris\u00e3o ao parlamentar e o conduziram para a delegacia.<\/p>\n<p style=\"text-align: center;\">Com informa\u00e7\u00f5es e foto do portal Lagartense<\/p>\n<p style=\"text-align: center;\"><a href=\"https:\/\/senoticias.com.br\/se\/wp-content\/uploads\/2020\/02\/Logo-novo-fone-1.jpg\"><img loading=\"lazy\" decoding=\"async\" class=\"alignnone size-full wp-image-121966\" src=\"https:\/\/senoticias.com.br\/se\/wp-content\/uploads\/2020\/02\/Logo-novo-fone-1.jpg\" alt=\"\" width=\"599\" height=\"78\" srcset=\"https:\/\/senoticias.com.br\/se\/wp-content\/uploads\/2020\/02\/Logo-novo-fone-1.jpg 599w, https:\/\/senoticias.com.br\/se\/wp-content\/uploads\/2020\/02\/Logo-novo-fone-1-300x39.jpg 300w\" sizes=\"(max-width: 599px) 100vw, 599px\" \/><\/a><\/p>\n<p style=\"text-align: center;\"><em><strong>A<\/strong><strong>companhe tamb\u00e9m o SE Not\u00edcias no\u00a0<a href=\"https:\/\/www.instagram.com\/senoticias\/\">Instagram<\/a>,\u00a0<a href=\"https:\/\/twitter.com\/home\">Twitter<\/a>\u00a0e no\u00a0<a href=\"https:\/\/web.facebook.com\/senoticias1\/\">Facebook<\/a><\/strong><\/em><\/p>\n","protected":false},"excerpt":{"rendered":"<p>O presidente da C\u00e2mara Municipal de Lagarto, vereador Eduardo Marat\u00e1, foi preso, nesta quinta-feira (5), por crime desobedi\u00eancia. Ele foi ao F\u00f3rum para participar de uma audi\u00eancia, mas se desentendeu com um policial militar e recebeu voz de pris\u00e3o. Conduzido \u00e0 Delegacia, o parlamentar foi ouvido, assinou um Termo Circunstanciado e foi liberado em seguida. [&hellip;]<\/p>\n","protected":false},"author":6557,"featured_media":0,"comment_status":"closed","ping_status":"closed","sticky":false,"template":"","format":"standard","meta":{"footnotes":""},"categories":[15,38],"tags":[3444,806,14178],"class_list":{"0":"post-122319","1":"post","2":"type-post","3":"status-publish","4":"format-standard","6":"category-destaques","7":"category-municipios","8":"tag-camara","9":"tag-lagarto","10":"tag-presidente-preso"},"_links":{"self":[{"href":"https:\/\/senoticias.com.br\/se\/wp-json\/wp\/v2\/posts\/122319"}],"collection":[{"href":"https:\/\/senoticias.com.br\/se\/wp-json\/wp\/v2\/posts"}],"about":[{"href":"https:\/\/senoticias.com.br\/se\/wp-json\/wp\/v2\/types\/post"}],"author":[{"embeddable":true,"href":"https:\/\/senoticias.com.br\/se\/wp-json\/wp\/v2\/users\/6557"}],"replies":[{"embeddable":true,"href":"https:\/\/senoticias.com.br\/se\/wp-json\/wp\/v2\/comments?post=122319"}],"version-history":[{"count":0,"href":"https:\/\/senoticias.com.br\/se\/wp-json\/wp\/v2\/posts\/122319\/revisions"}],"wp:attachment":[{"href":"https:\/\/senoticias.com.br\/se\/wp-json\/wp\/v2\/media?parent=122319"}],"wp:term":[{"taxonomy":"category","embeddable":true,"href":"https:\/\/senoticias.com.br\/se\/wp-json\/wp\/v2\/categories?post=122319"},{"taxonomy":"post_tag","embeddable":true,"href":"https:\/\/senoticias.com.br\/se\/wp-json\/wp\/v2\/tags?post=122319"}],"curies":[{"name":"wp","href":"https:\/\/api.w.org\/{rel}","templated":true}]}}