{"id":122311,"date":"2020-03-05T07:21:40","date_gmt":"2020-03-05T10:21:40","guid":{"rendered":"https:\/\/senoticias.com.br\/se\/?p=122311"},"modified":"2020-03-05T07:21:40","modified_gmt":"2020-03-05T10:21:40","slug":"procon-estadual-realiza-i-feirao-de-negociacao-de-dividas-em-socorro","status":"publish","type":"post","link":"https:\/\/senoticias.com.br\/se\/procon-estadual-realiza-i-feirao-de-negociacao-de-dividas-em-socorro\/","title":{"rendered":"Procon Estadual realiza I Feir\u00e3o de Negocia\u00e7\u00e3o de D\u00edvidas em Socorro"},"content":{"rendered":"<p style=\"text-align: justify;\">Nos pr\u00f3ximos dias 11, 12 e 13 de mar\u00e7o, o Procon\/SE realizar\u00e1 o I Feir\u00e3o de Negocia\u00e7\u00e3o de D\u00edvidas do Procon Estadual Sergipe. O evento ir\u00e1 ocorrer no Shopping Pr\u00eamio, em Nossa Senhora do Socorro, das 8h \u00e0s 18h. Diversas empresas de servi\u00e7os, bancos, cart\u00f5es de cr\u00e9dito e operadoras de telefonia estar\u00e3o dispon\u00edveis para o atendimento aos consumidores.No I Feir\u00e3o de Negocia\u00e7\u00e3o de D\u00edvidas, os consumidores ter\u00e3o a oportunidade de negociar diretamente com as empresas.<\/p>\n<div id=\"attachment_122312\" style=\"width: 560px\" class=\"wp-caption aligncenter\"><a href=\"https:\/\/senoticias.com.br\/se\/wp-content\/uploads\/2020\/03\/feirao_negociacao_foto_procon_estadual_04032020.jpg\"><img loading=\"lazy\" decoding=\"async\" aria-describedby=\"caption-attachment-122312\" class=\"size-full wp-image-122312\" src=\"https:\/\/senoticias.com.br\/se\/wp-content\/uploads\/2020\/03\/feirao_negociacao_foto_procon_estadual_04032020.jpg\" alt=\"\" width=\"550\" height=\"330\" srcset=\"https:\/\/senoticias.com.br\/se\/wp-content\/uploads\/2020\/03\/feirao_negociacao_foto_procon_estadual_04032020.jpg 550w, https:\/\/senoticias.com.br\/se\/wp-content\/uploads\/2020\/03\/feirao_negociacao_foto_procon_estadual_04032020-300x180.jpg 300w\" sizes=\"(max-width: 550px) 100vw, 550px\" \/><\/a><p id=\"caption-attachment-122312\" class=\"wp-caption-text\">Feir\u00e3o ocorre de 11 a 13 em Socorro (Foto: Procon Estadual)<\/p><\/div>\n<p style=\"text-align: justify;\">Estar\u00e3o presentes Banese, Banese Card, Caixa Econ\u00f4mica Federal, Bradesco, Deso, Energisa, Cencosud (GBarbosa), Oi, Vivo e Claro. A diretora do Procon\/SE, Tereza Raquel Martins, destacou a relev\u00e2ncia do feir\u00e3o. \u201cO feir\u00e3o foi pensado em raz\u00e3o do grande n\u00famero de consumidores que procura o Procon querendo negociar d\u00edvidas. Essa ser\u00e1 a oportunidade de negociar de forma r\u00e1pida entre o consumidor e o fornecedor, recebendo todo o aux\u00edlio do Procon\u201d, explicou.<\/p>\n<p style=\"text-align: justify;\">\u201cO consumidor quer voltar ao mercado de consumo, mas para isso precisa desse aux\u00edlio do \u00f3rg\u00e3o para que o seu d\u00e9bito, j\u00e1 existente, seja negociado e, assim, ele consiga voltar a consumir. Na oportunidade, as empresas oferecer\u00e3o taxas de juros mais baixas e formas de parcelamento que caibam no bolso do consumidor\u201d, complementou a diretora do Procon\/SE.<\/p>\n<p style=\"text-align: justify;\">Fonte: Procon Sergipe<\/p>\n<p><a href=\"https:\/\/senoticias.com.br\/se\/wp-content\/uploads\/2020\/02\/Logo-novo-fone-1.jpg\"><img loading=\"lazy\" decoding=\"async\" class=\"alignnone size-full wp-image-121966 aligncenter\" src=\"https:\/\/senoticias.com.br\/se\/wp-content\/uploads\/2020\/02\/Logo-novo-fone-1.jpg\" alt=\"\" width=\"599\" height=\"78\" srcset=\"https:\/\/senoticias.com.br\/se\/wp-content\/uploads\/2020\/02\/Logo-novo-fone-1.jpg 599w, https:\/\/senoticias.com.br\/se\/wp-content\/uploads\/2020\/02\/Logo-novo-fone-1-300x39.jpg 300w\" sizes=\"(max-width: 599px) 100vw, 599px\" \/><\/a><\/p>\n<p style=\"text-align: center;\"><em><strong>A<\/strong><strong>companhe tamb\u00e9m o SE Not\u00edcias no\u00a0<a href=\"https:\/\/www.instagram.com\/senoticias\/\">Instagram<\/a>,\u00a0<a href=\"https:\/\/twitter.com\/home\">Twitter<\/a>\u00a0e no\u00a0<a href=\"https:\/\/web.facebook.com\/senoticias1\/\">Facebook<\/a><\/strong><\/em><\/p>\n","protected":false},"excerpt":{"rendered":"<p>Nos pr\u00f3ximos dias 11, 12 e 13 de mar\u00e7o, o Procon\/SE realizar\u00e1 o I Feir\u00e3o de Negocia\u00e7\u00e3o de D\u00edvidas do Procon Estadual Sergipe. O evento ir\u00e1 ocorrer no Shopping Pr\u00eamio, em Nossa Senhora do Socorro, das 8h \u00e0s 18h. Diversas empresas de servi\u00e7os, bancos, cart\u00f5es de cr\u00e9dito e operadoras de telefonia estar\u00e3o dispon\u00edveis para o [&hellip;]<\/p>\n","protected":false},"author":6557,"featured_media":0,"comment_status":"closed","ping_status":"closed","sticky":false,"template":"","format":"standard","meta":{"footnotes":""},"categories":[15,38],"tags":[14171,4690,2746],"class_list":{"0":"post-122311","1":"post","2":"type-post","3":"status-publish","4":"format-standard","6":"category-destaques","7":"category-municipios","8":"tag-i-feirao-de-negociacao-de-dividas","9":"tag-procon-estadual","10":"tag-socorro"},"_links":{"self":[{"href":"https:\/\/senoticias.com.br\/se\/wp-json\/wp\/v2\/posts\/122311"}],"collection":[{"href":"https:\/\/senoticias.com.br\/se\/wp-json\/wp\/v2\/posts"}],"about":[{"href":"https:\/\/senoticias.com.br\/se\/wp-json\/wp\/v2\/types\/post"}],"author":[{"embeddable":true,"href":"https:\/\/senoticias.com.br\/se\/wp-json\/wp\/v2\/users\/6557"}],"replies":[{"embeddable":true,"href":"https:\/\/senoticias.com.br\/se\/wp-json\/wp\/v2\/comments?post=122311"}],"version-history":[{"count":0,"href":"https:\/\/senoticias.com.br\/se\/wp-json\/wp\/v2\/posts\/122311\/revisions"}],"wp:attachment":[{"href":"https:\/\/senoticias.com.br\/se\/wp-json\/wp\/v2\/media?parent=122311"}],"wp:term":[{"taxonomy":"category","embeddable":true,"href":"https:\/\/senoticias.com.br\/se\/wp-json\/wp\/v2\/categories?post=122311"},{"taxonomy":"post_tag","embeddable":true,"href":"https:\/\/senoticias.com.br\/se\/wp-json\/wp\/v2\/tags?post=122311"}],"curies":[{"name":"wp","href":"https:\/\/api.w.org\/{rel}","templated":true}]}}