{"id":122274,"date":"2020-03-02T17:25:08","date_gmt":"2020-03-02T20:25:08","guid":{"rendered":"https:\/\/senoticias.com.br\/se\/?p=122274"},"modified":"2020-03-02T18:16:13","modified_gmt":"2020-03-02T21:16:13","slug":"psb-reafirma-que-valadares-filho-e-pre-candidato-a-prefeitura-de-aracaju","status":"publish","type":"post","link":"https:\/\/senoticias.com.br\/se\/psb-reafirma-que-valadares-filho-e-pre-candidato-a-prefeitura-de-aracaju\/","title":{"rendered":"PSB reafirma que Valadares Filho \u00e9 pr\u00e9-candidato \u00e0 Prefeitura de Aracaju"},"content":{"rendered":"<p style=\"text-align: justify;\">O Partido Socialista Brasileiro &#8211; PSB, atrav\u00e9s de seu diret\u00f3rio municipal, reafirma a decis\u00e3o de lan\u00e7ar candidatura pr\u00f3pria \u00e0 Prefeitura de Aracaju nas elei\u00e7\u00f5es de outubro pr\u00f3ximo.<\/p>\n<div id=\"attachment_122275\" style=\"width: 560px\" class=\"wp-caption aligncenter\"><a href=\"https:\/\/senoticias.com.br\/se\/wp-content\/uploads\/2020\/03\/61b2236495881747-e1583180597328.jpg\"><img loading=\"lazy\" decoding=\"async\" aria-describedby=\"caption-attachment-122275\" class=\"size-full wp-image-122275\" src=\"https:\/\/senoticias.com.br\/se\/wp-content\/uploads\/2020\/03\/61b2236495881747-e1583180597328.jpg\" alt=\"\" width=\"550\" height=\"293\" \/><\/a><p id=\"caption-attachment-122275\" class=\"wp-caption-text\">Ex-deputado federal Valadares Filho diz que \u00e9 pr\u00e9-candidato (foto: arquivo\/PSB)<\/p><\/div>\n<p style=\"text-align: justify;\">Valadares Filho, \u00e9 o nosso pr\u00e9-candidato, que, publicamente, tem se manifestado disposto a enfrentar mais uma luta em favor dos aracajuanos. O seu preparo e conhecimento da realidade de nossa capital, a sua densidade eleitoral revelada nas v\u00e1rias elei\u00e7\u00f5es, seja para deputado federal, seja para cargos majorit\u00e1rios (prefeito e governador), quando obteve mais de 47% dos votos v\u00e1lidos em Aracaju, conquista naturalmente o direito de ser o nosso candidato, reunindo em torno de si todas as condi\u00e7\u00f5es para vencer o pleito e executar a mudan\u00e7a que queremos para a nossa capital.<\/p>\n<p style=\"text-align: justify;\">No intuito de fortalecer esse projeto, inclusive apresentando uma chapa bastante competitiva de candidatos a vereador, estamos e continuaremos dialogando com v\u00e1rios partidos, lideran\u00e7as e segmentos sociais, comprometidos com a mudan\u00e7a da nossa capital e do nosso estado, e que fazem oposi\u00e7\u00e3o ao governo do Estado e ao governo do munic\u00edpio de Aracaju.<\/p>\n<p style=\"text-align: justify;\">Aracaju, 2 de mar\u00e7o de 2020.<\/p>\n<p style=\"text-align: justify;\">Elber Batalha Filho<br \/>\nPresidente do PSB Aracaju.<\/p>\n<p>&nbsp;<\/p>\n<p><a href=\"https:\/\/senoticias.com.br\/se\/wp-content\/uploads\/2019\/07\/Logo-novo-fone.jpg\"><img loading=\"lazy\" decoding=\"async\" class=\"alignnone size-full wp-image-119415\" src=\"https:\/\/senoticias.com.br\/se\/wp-content\/uploads\/2019\/07\/Logo-novo-fone.jpg\" alt=\"\" width=\"599\" height=\"78\" srcset=\"https:\/\/senoticias.com.br\/se\/wp-content\/uploads\/2019\/07\/Logo-novo-fone.jpg 599w, https:\/\/senoticias.com.br\/se\/wp-content\/uploads\/2019\/07\/Logo-novo-fone-300x39.jpg 300w\" sizes=\"(max-width: 599px) 100vw, 599px\" \/><\/a><\/p>\n<p>&nbsp;<\/p>\n<p><em><strong>A<\/strong><strong>companhe tamb\u00e9m o SE Not\u00edcias no\u00a0<a href=\"https:\/\/www.instagram.com\/senoticias\/\">Instagram<\/a>,\u00a0<a href=\"https:\/\/twitter.com\/home\">Twitter<\/a>\u00a0e no\u00a0<a href=\"https:\/\/web.facebook.com\/senoticias1\/\">Facebook<\/a><\/strong><\/em><\/p>\n","protected":false},"excerpt":{"rendered":"<p>O Partido Socialista Brasileiro &#8211; PSB, atrav\u00e9s de seu diret\u00f3rio municipal, reafirma a decis\u00e3o de lan\u00e7ar candidatura pr\u00f3pria \u00e0 Prefeitura de Aracaju nas elei\u00e7\u00f5es de outubro pr\u00f3ximo. Valadares Filho, \u00e9 o nosso pr\u00e9-candidato, que, publicamente, tem se manifestado disposto a enfrentar mais uma luta em favor dos aracajuanos. O seu preparo e conhecimento da realidade [&hellip;]<\/p>\n","protected":false},"author":6557,"featured_media":0,"comment_status":"closed","ping_status":"closed","sticky":false,"template":"","format":"standard","meta":{"footnotes":""},"categories":[15,6],"tags":[8507,213,4767,697],"class_list":{"0":"post-122274","1":"post","2":"type-post","3":"status-publish","4":"format-standard","6":"category-destaques","7":"category-politica","8":"tag-eleicoes-2020","9":"tag-prefeitura-de-aracaju","10":"tag-psb","11":"tag-valadares-filho"},"_links":{"self":[{"href":"https:\/\/senoticias.com.br\/se\/wp-json\/wp\/v2\/posts\/122274"}],"collection":[{"href":"https:\/\/senoticias.com.br\/se\/wp-json\/wp\/v2\/posts"}],"about":[{"href":"https:\/\/senoticias.com.br\/se\/wp-json\/wp\/v2\/types\/post"}],"author":[{"embeddable":true,"href":"https:\/\/senoticias.com.br\/se\/wp-json\/wp\/v2\/users\/6557"}],"replies":[{"embeddable":true,"href":"https:\/\/senoticias.com.br\/se\/wp-json\/wp\/v2\/comments?post=122274"}],"version-history":[{"count":0,"href":"https:\/\/senoticias.com.br\/se\/wp-json\/wp\/v2\/posts\/122274\/revisions"}],"wp:attachment":[{"href":"https:\/\/senoticias.com.br\/se\/wp-json\/wp\/v2\/media?parent=122274"}],"wp:term":[{"taxonomy":"category","embeddable":true,"href":"https:\/\/senoticias.com.br\/se\/wp-json\/wp\/v2\/categories?post=122274"},{"taxonomy":"post_tag","embeddable":true,"href":"https:\/\/senoticias.com.br\/se\/wp-json\/wp\/v2\/tags?post=122274"}],"curies":[{"name":"wp","href":"https:\/\/api.w.org\/{rel}","templated":true}]}}