{"id":122264,"date":"2020-03-01T21:00:31","date_gmt":"2020-03-02T00:00:31","guid":{"rendered":"https:\/\/senoticias.com.br\/se\/?p=122264"},"modified":"2020-03-01T21:00:31","modified_gmt":"2020-03-02T00:00:31","slug":"servidores-da-emdagro-vao-paralisar-atividades-nesta-segunda-feira-2","status":"publish","type":"post","link":"https:\/\/senoticias.com.br\/se\/servidores-da-emdagro-vao-paralisar-atividades-nesta-segunda-feira-2\/","title":{"rendered":"Servidores da Emdagro v\u00e3o paralisar atividades nesta segunda-feira (2)."},"content":{"rendered":"<p style=\"text-align: justify;\">Nesta segunda-feira (2), a partir das 6h30 da manh\u00e3, os servidores da Empresa de Desenvolvimento Agropecu\u00e1rio de Sergipe (EMDAGRO) estar\u00e3o paralisando as atividades na sede de Aracaju. A manifesta\u00e7\u00e3o como objetivo denunciar a falta do repasse de quota da contrapartida da empresa ao Plano de Sa\u00fade, gerido pela Associa\u00e7\u00e3o dos Servidores da Emdagro (Assem).<\/p>\n<div id=\"attachment_122265\" style=\"width: 609px\" class=\"wp-caption alignnone\"><a href=\"https:\/\/senoticias.com.br\/se\/wp-content\/uploads\/2020\/03\/Servidores-Emdagro-SE-Noticias-e1583107042722.jpeg\"><img loading=\"lazy\" decoding=\"async\" aria-describedby=\"caption-attachment-122265\" class=\"size-full wp-image-122265\" src=\"https:\/\/senoticias.com.br\/se\/wp-content\/uploads\/2020\/03\/Servidores-Emdagro-SE-Noticias-e1583107042722.jpeg\" alt=\"\" width=\"599\" height=\"369\" \/><\/a><p id=\"caption-attachment-122265\" class=\"wp-caption-text\">A paralisa\u00e7\u00e3o ser\u00e1 nas primeiras horas do turno da manh\u00e3 (foto: ascom\/ SINTER\/SE)<\/p><\/div>\n<p style=\"text-align: justify;\">\n<p>&#8220;De acordo com o presidente do Sindicato dos Trabalhadores da Assist\u00eancia T\u00e9cnica e Extens\u00e3o Rural do Estado de Sergipe (Sinter-SE), Paulo Alves Filho a dire\u00e7\u00e3o da Emdagro deve um total de 30 parcelas mensais, uma d\u00edvida que est\u00e1 em torno de R$ 2.276.519,69*. No final do ano passado (14.11.2019), a Justi\u00e7a determinou que a Emdagro depositasse a contrapartida devida at\u00e9 o 5\u00ba dia \u00fatil do m\u00eas subsequente. A Emdagro, por\u00e9m, n\u00e3o obedeceu a decis\u00e3o da Justi\u00e7a, que j\u00e1 notificou a empresa pela segunda vez.<\/p>\n<p>\u201cA dire\u00e7\u00e3o da Emdagro est\u00e1 esmagando o Plano de Sa\u00fade dos funcion\u00e1rios. S\u00e3o 641 vidas que dependem desse repasse para ter assist\u00eancia \u00e0 sa\u00fade. Numa demonstra\u00e7\u00e3o de falta de compromisso com os servidores, o gestor da Emdagro decidiu piorar a situa\u00e7\u00e3o retirando da Previs\u00e3o Or\u00e7ament\u00e1ria 2019 os valores da contrapartida para a Assem\u201d, afirma Paulo Alves.<\/p>\n<p>Ainda segundo a lideran\u00e7a sindical, desde mar\u00e7o de 2018, para evitar a fal\u00eancia do plano, os servidores v\u00eam assumindo financeiramente a contrapartida da EMDAGRO. Muitos servidores j\u00e1 abandonaram o plano por falta de condi\u00e7\u00f5es financeiras para banc\u00e1-lo.<\/p>\n<p>&nbsp;<\/p>\n<p>&nbsp;<\/p>\n<p style=\"text-align: justify;\"><a href=\"https:\/\/senoticias.com.br\/se\/wp-content\/uploads\/2019\/12\/Logo-novo-fone.jpg\"><img loading=\"lazy\" decoding=\"async\" class=\"alignnone size-full wp-image-121259\" src=\"https:\/\/senoticias.com.br\/se\/wp-content\/uploads\/2019\/12\/Logo-novo-fone.jpg\" alt=\"\" width=\"599\" height=\"78\" srcset=\"https:\/\/senoticias.com.br\/se\/wp-content\/uploads\/2019\/12\/Logo-novo-fone.jpg 599w, https:\/\/senoticias.com.br\/se\/wp-content\/uploads\/2019\/12\/Logo-novo-fone-300x39.jpg 300w\" sizes=\"(max-width: 599px) 100vw, 599px\" \/><\/a><\/p>\n<p>&nbsp;<\/p>\n<p style=\"text-align: justify;\"><em><strong>A<\/strong><strong>companhe tamb\u00e9m o SE Not\u00edcias no\u00a0<a href=\"https:\/\/www.instagram.com\/senoticias\/\">Instagram<\/a>,\u00a0<a href=\"https:\/\/twitter.com\/home\">Twitter<\/a>\u00a0e no\u00a0<a href=\"https:\/\/web.facebook.com\/senoticias1\/\">Facebook<\/a><\/strong><\/em><\/p>\n<p><em>Ascom SINTER\/SE<\/em><\/p>\n","protected":false},"excerpt":{"rendered":"<p>Nesta segunda-feira (2), a partir das 6h30 da manh\u00e3, os servidores da Empresa de Desenvolvimento Agropecu\u00e1rio de Sergipe (EMDAGRO) estar\u00e3o paralisando as atividades na sede de Aracaju. A manifesta\u00e7\u00e3o como objetivo denunciar a falta do repasse de quota da contrapartida da empresa ao Plano de Sa\u00fade, gerido pela Associa\u00e7\u00e3o dos Servidores da Emdagro (Assem). &#8220;De [&hellip;]<\/p>\n","protected":false},"author":6552,"featured_media":122265,"comment_status":"closed","ping_status":"closed","sticky":false,"template":"","format":"standard","meta":{"footnotes":""},"categories":[15,6],"tags":[3407,14148,14149,14147],"class_list":{"0":"post-122264","1":"post","2":"type-post","3":"status-publish","4":"format-standard","5":"has-post-thumbnail","7":"category-destaques","8":"category-politica","9":"tag-emdagro","10":"tag-servidores-da-emdagro","11":"tag-servidores-da-emdagro-paralisam","12":"tag-sinter-se"},"_links":{"self":[{"href":"https:\/\/senoticias.com.br\/se\/wp-json\/wp\/v2\/posts\/122264"}],"collection":[{"href":"https:\/\/senoticias.com.br\/se\/wp-json\/wp\/v2\/posts"}],"about":[{"href":"https:\/\/senoticias.com.br\/se\/wp-json\/wp\/v2\/types\/post"}],"author":[{"embeddable":true,"href":"https:\/\/senoticias.com.br\/se\/wp-json\/wp\/v2\/users\/6552"}],"replies":[{"embeddable":true,"href":"https:\/\/senoticias.com.br\/se\/wp-json\/wp\/v2\/comments?post=122264"}],"version-history":[{"count":0,"href":"https:\/\/senoticias.com.br\/se\/wp-json\/wp\/v2\/posts\/122264\/revisions"}],"wp:featuredmedia":[{"embeddable":true,"href":"https:\/\/senoticias.com.br\/se\/wp-json\/wp\/v2\/media\/122265"}],"wp:attachment":[{"href":"https:\/\/senoticias.com.br\/se\/wp-json\/wp\/v2\/media?parent=122264"}],"wp:term":[{"taxonomy":"category","embeddable":true,"href":"https:\/\/senoticias.com.br\/se\/wp-json\/wp\/v2\/categories?post=122264"},{"taxonomy":"post_tag","embeddable":true,"href":"https:\/\/senoticias.com.br\/se\/wp-json\/wp\/v2\/tags?post=122264"}],"curies":[{"name":"wp","href":"https:\/\/api.w.org\/{rel}","templated":true}]}}