{"id":122252,"date":"2020-02-28T15:34:57","date_gmt":"2020-02-28T18:34:57","guid":{"rendered":"https:\/\/senoticias.com.br\/se\/?p=122252"},"modified":"2020-02-28T15:34:57","modified_gmt":"2020-02-28T18:34:57","slug":"carateca-sergipano-busca-vaga-na-selecao-brasileira-de-karate","status":"publish","type":"post","link":"https:\/\/senoticias.com.br\/se\/carateca-sergipano-busca-vaga-na-selecao-brasileira-de-karate\/","title":{"rendered":"Carateca sergipano busca vaga na sele\u00e7\u00e3o brasileira de karat\u00ea"},"content":{"rendered":"<p style=\"text-align: justify;\">Luiz Guilherme segue para Natal\/RN para participar da primeira etapa do Campeonato Brasileiro de Karat\u00ea e da Seletiva nacional Sub-14<\/p>\n<div id=\"attachment_122253\" style=\"width: 560px\" class=\"wp-caption aligncenter\"><a href=\"https:\/\/senoticias.com.br\/se\/wp-content\/uploads\/2020\/02\/be5423ee-42a6-442d-b98a-760073a23150-e1582914799889.jpg\"><img loading=\"lazy\" decoding=\"async\" aria-describedby=\"caption-attachment-122253\" class=\"size-full wp-image-122253\" src=\"https:\/\/senoticias.com.br\/se\/wp-content\/uploads\/2020\/02\/be5423ee-42a6-442d-b98a-760073a23150-e1582914799889.jpg\" alt=\"\" width=\"550\" height=\"825\" \/><\/a><p id=\"caption-attachment-122253\" class=\"wp-caption-text\">O atleta entrou recentemente para Federa\u00e7\u00e3o Sergipana de Karat\u00ea e est\u00e1 sendo assistido pelo sensei Alexandre Morais, faixa preta 5\u00ba Dan, refer\u00eancia no treinamento de atletas em Sergipe. Foto: Emilly Moura<\/p><\/div>\n<p style=\"text-align: justify;\">Como todo atleta, o sonho o carateca Luiz Guilherme \u00e9 participar dos jogos Ol\u00edmpicos, mas para isso \u00e9 preciso passar por algumas etapas e uma delas \u00e9 entrar para Sele\u00e7\u00e3o Brasileira de Karat\u00ea.E \u00e9 pensado no futuro que o jovem atleta de 12 anos segue para Natal\/RN para a Primeira Etapa do Campeonato Brasileiro de Karat\u00ea e da Seletiva nacional Sub-14.<\/p>\n<p style=\"text-align: justify;\">As lutas acontecem entre os dias 4 e 7 de mar\u00e7o, e o objetivo \u00e9 a classifica\u00e7\u00e3o para etapa final do Campeonato Brasileiro e a vit\u00f3ria na seletiva da sele\u00e7\u00e3o brasileira.<br \/>\n\u201cApesar de ser a primeira competi\u00e7\u00e3o na categoria sub-14, eu venho me preparando muito. S\u00e3o seis horas de treinos di\u00e1rios, entre treinos individuais e em grupo\u201d, revela o atleta.<\/p>\n<p>\u201cLuiz Guilherme \u00e9 um atleta jovem em forma\u00e7\u00e3o. Este ano ele tem passado por um processo de aprendizagem de novas t\u00e9cnicas e aperfei\u00e7oamento dos conhecimentos j\u00e1 adquiridos. Estamos em uma prepara\u00e7\u00e3o muito forte desde o ano passado, essa competi\u00e7\u00e3o abre o calend\u00e1rio de competi\u00e7\u00f5es nacionais para categoria de base e ele est\u00e1 muito focado e empenhado para tal evento. Apesar de ser a primeira competi\u00e7\u00e3o dele nessa categoria, almejamos bons resultados\u201d, explica Alexandre.<\/p>\n<p>Por Assessoria de Imprensa<\/p>\n<p>&nbsp;<\/p>\n<p><a href=\"https:\/\/senoticias.com.br\/se\/wp-content\/uploads\/2020\/02\/Logo-novo-fone-1.jpg\"><img loading=\"lazy\" decoding=\"async\" class=\"alignnone size-full wp-image-121966 aligncenter\" src=\"https:\/\/senoticias.com.br\/se\/wp-content\/uploads\/2020\/02\/Logo-novo-fone-1.jpg\" alt=\"\" width=\"599\" height=\"78\" srcset=\"https:\/\/senoticias.com.br\/se\/wp-content\/uploads\/2020\/02\/Logo-novo-fone-1.jpg 599w, https:\/\/senoticias.com.br\/se\/wp-content\/uploads\/2020\/02\/Logo-novo-fone-1-300x39.jpg 300w\" sizes=\"(max-width: 599px) 100vw, 599px\" \/><\/a><\/p>\n<p style=\"text-align: center;\"><em><strong>A<\/strong><strong>companhe tamb\u00e9m o SE Not\u00edcias no\u00a0<a href=\"https:\/\/www.instagram.com\/senoticias\/\">Instagram<\/a>,\u00a0<a href=\"https:\/\/twitter.com\/home\">Twitter<\/a>\u00a0e no\u00a0<a href=\"https:\/\/web.facebook.com\/senoticias1\/\">Facebook<\/a><\/strong><\/em><\/p>\n","protected":false},"excerpt":{"rendered":"<p>Luiz Guilherme segue para Natal\/RN para participar da primeira etapa do Campeonato Brasileiro de Karat\u00ea e da Seletiva nacional Sub-14 Como todo atleta, o sonho o carateca Luiz Guilherme \u00e9 participar dos jogos Ol\u00edmpicos, mas para isso \u00e9 preciso passar por algumas etapas e uma delas \u00e9 entrar para Sele\u00e7\u00e3o Brasileira de Karat\u00ea.E \u00e9 pensado [&hellip;]<\/p>\n","protected":false},"author":6557,"featured_media":0,"comment_status":"closed","ping_status":"closed","sticky":false,"template":"","format":"standard","meta":{"footnotes":""},"categories":[15,39],"tags":[14137,14136,14138,4039],"class_list":{"0":"post-122252","1":"post","2":"type-post","3":"status-publish","4":"format-standard","6":"category-destaques","7":"category-esporte","8":"tag-busca","9":"tag-carateca-sergipano","10":"tag-selecao-brasileira-de-karate","11":"tag-vaga"},"_links":{"self":[{"href":"https:\/\/senoticias.com.br\/se\/wp-json\/wp\/v2\/posts\/122252"}],"collection":[{"href":"https:\/\/senoticias.com.br\/se\/wp-json\/wp\/v2\/posts"}],"about":[{"href":"https:\/\/senoticias.com.br\/se\/wp-json\/wp\/v2\/types\/post"}],"author":[{"embeddable":true,"href":"https:\/\/senoticias.com.br\/se\/wp-json\/wp\/v2\/users\/6557"}],"replies":[{"embeddable":true,"href":"https:\/\/senoticias.com.br\/se\/wp-json\/wp\/v2\/comments?post=122252"}],"version-history":[{"count":0,"href":"https:\/\/senoticias.com.br\/se\/wp-json\/wp\/v2\/posts\/122252\/revisions"}],"wp:attachment":[{"href":"https:\/\/senoticias.com.br\/se\/wp-json\/wp\/v2\/media?parent=122252"}],"wp:term":[{"taxonomy":"category","embeddable":true,"href":"https:\/\/senoticias.com.br\/se\/wp-json\/wp\/v2\/categories?post=122252"},{"taxonomy":"post_tag","embeddable":true,"href":"https:\/\/senoticias.com.br\/se\/wp-json\/wp\/v2\/tags?post=122252"}],"curies":[{"name":"wp","href":"https:\/\/api.w.org\/{rel}","templated":true}]}}