{"id":122249,"date":"2020-02-28T14:46:58","date_gmt":"2020-02-28T17:46:58","guid":{"rendered":"https:\/\/senoticias.com.br\/se\/?p=122249"},"modified":"2020-03-01T13:09:29","modified_gmt":"2020-03-01T16:09:29","slug":"vigilante-comete-suicidio-durante-expediente-de-trabalho-na-agencia-bradesco-do-jardins","status":"publish","type":"post","link":"https:\/\/senoticias.com.br\/se\/vigilante-comete-suicidio-durante-expediente-de-trabalho-na-agencia-bradesco-do-jardins\/","title":{"rendered":"Vigilante comete suic\u00eddio durante expediente de trabalho na ag\u00eancia Bradesco do Jardins"},"content":{"rendered":"<p style=\"text-align: justify;\">Gilvan Souza da Rocha 48 anos, vigilante da empresa de seguran\u00e7a <strong>SegurPro\u00a0Vigil\u00e2ncia Patrimonial<\/strong> tirou a pr\u00f3pria vida por volta das 10h da manh\u00e3 desta sexta-feira, 28. Ele estava trabalhando na ag\u00eancia Bradesco do Bairro Jardins, em Aracaju, quando cometeu suic\u00eddio usando o pr\u00f3prio revolver. No momento da ocorr\u00eancia a ag\u00eancia recebia muitos clientes, que ficaram chocados com a cena.<\/p>\n<div id=\"attachment_122250\" style=\"width: 609px\" class=\"wp-caption alignnone\"><a href=\"https:\/\/senoticias.com.br\/se\/wp-content\/uploads\/2020\/02\/Banco.jpg\"><img loading=\"lazy\" decoding=\"async\" aria-describedby=\"caption-attachment-122250\" class=\"size-full wp-image-122250\" src=\"https:\/\/senoticias.com.br\/se\/wp-content\/uploads\/2020\/02\/Banco-e1582913417895.jpg\" alt=\"\" width=\"599\" height=\"449\" \/><\/a><p id=\"caption-attachment-122250\" class=\"wp-caption-text\">O vigilante foi identificado preliminarmente como Gilvan cometeu suic\u00eddio com um tiro dentro da ag\u00eancia banc\u00e1ria (foto: redes sociais)<\/p><\/div>\n<p style=\"text-align: justify;\">O Servi\u00e7o de Atendimento M\u00f3vel de Urg\u00eancia (SAMU) foi acionado para prestar socorro ao seguran\u00e7a do banco, mas ao chegarem ao local os profissionais de sa\u00fade constataram que o vigilante j\u00e1 estava morto.<\/p>\n<p style=\"text-align: justify;\">Os motivos que levaram o profissional de seguran\u00e7a, que tinha 48 anos, a cometer o suic\u00eddio ainda s\u00e3o desconhecidos.<\/p>\n<p>&nbsp;<\/p>\n<p><a href=\"https:\/\/senoticias.com.br\/se\/wp-content\/uploads\/2020\/02\/Logo-novo-fone-1.jpg\"><img loading=\"lazy\" decoding=\"async\" class=\"alignnone size-full wp-image-121966\" src=\"https:\/\/senoticias.com.br\/se\/wp-content\/uploads\/2020\/02\/Logo-novo-fone-1.jpg\" alt=\"\" width=\"599\" height=\"78\" srcset=\"https:\/\/senoticias.com.br\/se\/wp-content\/uploads\/2020\/02\/Logo-novo-fone-1.jpg 599w, https:\/\/senoticias.com.br\/se\/wp-content\/uploads\/2020\/02\/Logo-novo-fone-1-300x39.jpg 300w\" sizes=\"(max-width: 599px) 100vw, 599px\" \/><\/a><\/p>\n<p>&nbsp;<\/p>\n<p><em>Com informa\u00e7\u00f5es do Hora News<\/em><\/p>\n","protected":false},"excerpt":{"rendered":"<p>Gilvan Souza da Rocha 48 anos, vigilante da empresa de seguran\u00e7a SegurPro\u00a0Vigil\u00e2ncia Patrimonial tirou a pr\u00f3pria vida por volta das 10h da manh\u00e3 desta sexta-feira, 28. Ele estava trabalhando na ag\u00eancia Bradesco do Bairro Jardins, em Aracaju, quando cometeu suic\u00eddio usando o pr\u00f3prio revolver. No momento da ocorr\u00eancia a ag\u00eancia recebia muitos clientes, que ficaram [&hellip;]<\/p>\n","protected":false},"author":6557,"featured_media":122250,"comment_status":"closed","ping_status":"closed","sticky":false,"template":"","format":"standard","meta":{"footnotes":""},"categories":[15,7,1],"tags":[14134,14135],"class_list":{"0":"post-122249","1":"post","2":"type-post","3":"status-publish","4":"format-standard","5":"has-post-thumbnail","7":"category-destaques","8":"category-policia","9":"category-sem-categoria","10":"tag-banco-bradesco","11":"tag-vigilante-comete-suicidio"},"_links":{"self":[{"href":"https:\/\/senoticias.com.br\/se\/wp-json\/wp\/v2\/posts\/122249"}],"collection":[{"href":"https:\/\/senoticias.com.br\/se\/wp-json\/wp\/v2\/posts"}],"about":[{"href":"https:\/\/senoticias.com.br\/se\/wp-json\/wp\/v2\/types\/post"}],"author":[{"embeddable":true,"href":"https:\/\/senoticias.com.br\/se\/wp-json\/wp\/v2\/users\/6557"}],"replies":[{"embeddable":true,"href":"https:\/\/senoticias.com.br\/se\/wp-json\/wp\/v2\/comments?post=122249"}],"version-history":[{"count":0,"href":"https:\/\/senoticias.com.br\/se\/wp-json\/wp\/v2\/posts\/122249\/revisions"}],"wp:featuredmedia":[{"embeddable":true,"href":"https:\/\/senoticias.com.br\/se\/wp-json\/wp\/v2\/media\/122250"}],"wp:attachment":[{"href":"https:\/\/senoticias.com.br\/se\/wp-json\/wp\/v2\/media?parent=122249"}],"wp:term":[{"taxonomy":"category","embeddable":true,"href":"https:\/\/senoticias.com.br\/se\/wp-json\/wp\/v2\/categories?post=122249"},{"taxonomy":"post_tag","embeddable":true,"href":"https:\/\/senoticias.com.br\/se\/wp-json\/wp\/v2\/tags?post=122249"}],"curies":[{"name":"wp","href":"https:\/\/api.w.org\/{rel}","templated":true}]}}