{"id":122241,"date":"2020-02-29T19:15:09","date_gmt":"2020-02-29T22:15:09","guid":{"rendered":"https:\/\/senoticias.com.br\/se\/?p=122241"},"modified":"2020-03-01T21:01:28","modified_gmt":"2020-03-02T00:01:28","slug":"sabado-comeca-com-chuvas-nao-previstas-e-alagamentos-sao-registrados-na-grande-aracaju","status":"publish","type":"post","link":"https:\/\/senoticias.com.br\/se\/sabado-comeca-com-chuvas-nao-previstas-e-alagamentos-sao-registrados-na-grande-aracaju\/","title":{"rendered":"S\u00e1bado come\u00e7a com chuvas n\u00e3o previstas e alagamentos s\u00e3o registrados na Grande Aracaju"},"content":{"rendered":"<div class=\"mc-column content-text active-extra-styles \" data-block-type=\"unstyled\" data-block-weight=\"41\" data-block-id=\"3\">\n<div style=\"text-align: justify;\">\n<p>Os mais de 70 mil\u00edmetros de chuva que ca\u00edram em Aracaju entre a madrugada e o in\u00edcio da manh\u00e3 deste s\u00e1bado, 29, deixaram equipes de diversas Secretarias da Prefeitura em alerta.<\/p>\n<div id=\"attachment_122254\" style=\"width: 609px\" class=\"wp-caption alignnone\"><a href=\"https:\/\/senoticias.com.br\/se\/wp-content\/uploads\/2020\/02\/Chuvas-em-Aracaju-SE-Noticias.jpeg\"><img loading=\"lazy\" decoding=\"async\" aria-describedby=\"caption-attachment-122254\" class=\"size-full wp-image-122254\" src=\"https:\/\/senoticias.com.br\/se\/wp-content\/uploads\/2020\/02\/Chuvas-em-Aracaju-SE-Noticias-e1583014695932.jpeg\" alt=\"\" width=\"599\" height=\"283\" \/><\/a><p id=\"caption-attachment-122254\" class=\"wp-caption-text\">Avenida Hermes Fontes, assim como outros da capital e Regi\u00e3o Metropolitana, tamb\u00e9m apresentou alagamentos (foto: SE Not\u00edcias)<\/p><\/div>\n<\/div>\n<div style=\"text-align: justify;\"><\/div>\n<div style=\"text-align: justify;\">A Defesa Civil Municipal, por exemplo, atendeu a dez ocorr\u00eancias, atrav\u00e9s do n\u00famero de emerg\u00eancia 199. A maior parte delas no Conjunto M\u00e9dici, onde houve o transbordamento do canal.<\/div>\n<div style=\"text-align: justify;\"><\/div>\n<div style=\"text-align: justify;\">\u201cEsse foi o local de maior impacto das chuvas, onde cerca de 20 casas foram invadidas pela \u00e1gua\u201d, revela o major Silvio Prado, coordenador do \u00f3rg\u00e3o.<\/div>\n<div style=\"text-align: justify;\"><\/div>\n<div style=\"text-align: justify;\">As demais ocorr\u00eancias, embora em locais diferentes, tamb\u00e9m foram relacionadas a ruas alagadas com risco de a \u00e1gua invadir os im\u00f3veis.<\/div>\n<div style=\"text-align: justify;\"><\/div>\n<div style=\"text-align: justify;\">\n<p>Equipes da Empresa Municipal de Obras e Urbaniza\u00e7\u00e3o (Emurb) tamb\u00e9m est\u00e3o em campo e atuaram, principalmente, realizando a drenagem das avenidas Tancredo Neves, na regi\u00e3o da entrada do Largo da Aparecida; Francisco Porto, Maranh\u00e3o e S\u00e3o Francisco de Assis, e na rua Frei Canolo.<\/p>\n<\/div>\n<div style=\"text-align: justify;\"><strong><strong>S\u00e3o Crist\u00f3v\u00e3o<\/strong><\/strong><\/div>\n<div><\/div>\n<div style=\"text-align: justify;\"><strong><strong><br \/>\n<\/strong><\/strong>O prefeito Marcos Santana visitou, neste s\u00e1bado (29) as \u00e1reas de risco atingidas pelas fortes chuvas que ca\u00edram no Rosa Elze, Eduardo Gomes, Rosa Maria e no Jardim Universit\u00e1rio entre a madrugada e o in\u00edcio da manh\u00e3 deste s\u00e1bado.<strong><strong><br \/>\n<\/strong><\/strong>A Prefeitura de S\u00e3o Crist\u00f3v\u00e3o informou que uma nova \u00e1rea para alocar a feira do Conjunto Eduardo Gomes j\u00e1 vinha sendo estudada, e que em breve o novo endere\u00e7o ser\u00e1 divulgado \u00e0 popula\u00e7\u00e3o.A Prefeitura informou que a Secretaria Municipal de Infraestrutura vai realizar um processo licitat\u00f3rio para urbaniza\u00e7\u00e3o da nova \u00e1rea escolhida, permitindo assim entregar um espa\u00e7o adequado para que feirantes possam comercializar seus produtos e a popula\u00e7\u00e3o tenha as condi\u00e7\u00f5es ideais de acesso \u00e0 feira. At\u00e9 a mudan\u00e7a de endere\u00e7o, a Prefeitura de S\u00e3o Crist\u00f3v\u00e3o vai monitorar o local da feira na atualidade, para minimizar eventuais problemas causados pelas chuvas, atrav\u00e9s de a\u00e7\u00f5es de limpeza e escoamento de \u00e1gua.<\/div>\n<p><a href=\"https:\/\/senoticias.com.br\/se\/wp-content\/uploads\/2020\/02\/Logo-novo-fone-1.jpg\"><img loading=\"lazy\" decoding=\"async\" class=\"alignnone size-full wp-image-121966\" src=\"https:\/\/senoticias.com.br\/se\/wp-content\/uploads\/2020\/02\/Logo-novo-fone-1.jpg\" alt=\"\" width=\"599\" height=\"78\" srcset=\"https:\/\/senoticias.com.br\/se\/wp-content\/uploads\/2020\/02\/Logo-novo-fone-1.jpg 599w, https:\/\/senoticias.com.br\/se\/wp-content\/uploads\/2020\/02\/Logo-novo-fone-1-300x39.jpg 300w\" sizes=\"(max-width: 599px) 100vw, 599px\" \/><\/a><\/p>\n<\/div>\n<p><em><strong>A<\/strong><strong>companhe tamb\u00e9m o SE Not\u00edcias no\u00a0<a href=\"https:\/\/www.instagram.com\/senoticias\/\">Instagram<\/a>,\u00a0<a href=\"https:\/\/twitter.com\/home\">Twitter<\/a>\u00a0e no\u00a0<a href=\"https:\/\/web.facebook.com\/senoticias1\/\">Facebook<\/a><\/strong><\/em><\/p>\n<p>&nbsp;<\/p>\n<p><em>Com informa\u00e7\u00f5es da Prefeitura de Aracaju e S\u00e3o Crist\u00f3v\u00e3o<\/em><\/p>\n<p>&nbsp;<\/p>\n<div class=\"mc-column content-text active-extra-styles \" data-block-type=\"unstyled\" data-block-weight=\"41\" data-block-id=\"3\">\n<div style=\"text-align: justify;\">\n<p>&nbsp;<\/p>\n<\/div>\n<\/div>\n","protected":false},"excerpt":{"rendered":"<p>Os mais de 70 mil\u00edmetros de chuva que ca\u00edram em Aracaju entre a madrugada e o in\u00edcio da manh\u00e3 deste s\u00e1bado, 29, deixaram equipes de diversas Secretarias da Prefeitura em alerta. A Defesa Civil Municipal, por exemplo, atendeu a dez ocorr\u00eancias, atrav\u00e9s do n\u00famero de emerg\u00eancia 199. A maior parte delas no Conjunto M\u00e9dici, onde [&hellip;]<\/p>\n","protected":false},"author":6552,"featured_media":122254,"comment_status":"closed","ping_status":"closed","sticky":false,"template":"","format":"standard","meta":{"footnotes":""},"categories":[6],"tags":[3694,339,119,335],"class_list":{"0":"post-122241","1":"post","2":"type-post","3":"status-publish","4":"format-standard","5":"has-post-thumbnail","7":"category-politica","8":"tag-alagamentos","9":"tag-aracaju","10":"tag-chuvas","11":"tag-sao-cristovao"},"_links":{"self":[{"href":"https:\/\/senoticias.com.br\/se\/wp-json\/wp\/v2\/posts\/122241"}],"collection":[{"href":"https:\/\/senoticias.com.br\/se\/wp-json\/wp\/v2\/posts"}],"about":[{"href":"https:\/\/senoticias.com.br\/se\/wp-json\/wp\/v2\/types\/post"}],"author":[{"embeddable":true,"href":"https:\/\/senoticias.com.br\/se\/wp-json\/wp\/v2\/users\/6552"}],"replies":[{"embeddable":true,"href":"https:\/\/senoticias.com.br\/se\/wp-json\/wp\/v2\/comments?post=122241"}],"version-history":[{"count":0,"href":"https:\/\/senoticias.com.br\/se\/wp-json\/wp\/v2\/posts\/122241\/revisions"}],"wp:featuredmedia":[{"embeddable":true,"href":"https:\/\/senoticias.com.br\/se\/wp-json\/wp\/v2\/media\/122254"}],"wp:attachment":[{"href":"https:\/\/senoticias.com.br\/se\/wp-json\/wp\/v2\/media?parent=122241"}],"wp:term":[{"taxonomy":"category","embeddable":true,"href":"https:\/\/senoticias.com.br\/se\/wp-json\/wp\/v2\/categories?post=122241"},{"taxonomy":"post_tag","embeddable":true,"href":"https:\/\/senoticias.com.br\/se\/wp-json\/wp\/v2\/tags?post=122241"}],"curies":[{"name":"wp","href":"https:\/\/api.w.org\/{rel}","templated":true}]}}