{"id":122164,"date":"2020-02-21T15:04:09","date_gmt":"2020-02-21T18:04:09","guid":{"rendered":"https:\/\/senoticias.com.br\/se\/?p=122164"},"modified":"2020-02-21T15:32:04","modified_gmt":"2020-02-21T18:32:04","slug":"orgaos-de-controle-se-unem-para-reduzir-classes-multisseriadas-em-sergipe","status":"publish","type":"post","link":"https:\/\/senoticias.com.br\/se\/orgaos-de-controle-se-unem-para-reduzir-classes-multisseriadas-em-sergipe\/","title":{"rendered":"TCE, MPE e MPC se unem para reduzir classes multisseriadas em Sergipe"},"content":{"rendered":"<p style=\"text-align: justify;\">As classes multisseriadas, compostas por alunos de s\u00e9ries e n\u00edveis de conhecimento diferentes, t\u00eam dificultado a aprendizagem na rede p\u00fablica de ensino, sobretudo nas zonas rurais. Presente, tamb\u00e9m, em diversos munic\u00edpios sergipanos, tal realidade ser\u00e1 revista por meio de uma a\u00e7\u00e3o integrada envolvendo o Tribunal de Contas do Estado (TCE) e os minist\u00e9rios p\u00fablicos do Estado (MPE) e de Contas (MPC).<\/p>\n<div id=\"attachment_122166\" style=\"width: 609px\" class=\"wp-caption alignnone\"><a href=\"https:\/\/senoticias.com.br\/se\/wp-content\/uploads\/2020\/02\/unnamed-1-e1582308400570.jpg\"><img loading=\"lazy\" decoding=\"async\" aria-describedby=\"caption-attachment-122166\" class=\"size-full wp-image-122166\" src=\"https:\/\/senoticias.com.br\/se\/wp-content\/uploads\/2020\/02\/unnamed-1-e1582308400570.jpg\" alt=\"\" width=\"599\" height=\"399\" \/><\/a><p id=\"caption-attachment-122166\" class=\"wp-caption-text\"><br \/>\u00d3rg\u00e3os de controles querem acabar com salas multisseriadas (foto:\u00a0 Cleverton Ribeiro\/TCE)<\/p><\/div>\n<p>Para alinhar a estrat\u00e9gia de atua\u00e7\u00e3o conjunta, a conselheira Susana Azevedo, vice-presidente do TCE e o procurador-geral do MPC, Jo\u00e3o Augusto Bandeira de Mello, estiveram reunidos nesta sexta-feira, 21, no MPE, com o procurador-geral de Justi\u00e7a, Eduardo D`Avila e o promotor Alexsandro Sampaio, chefe do Centro de Apoio Operacional dos Direitos \u00e0 Educa\u00e7\u00e3o.<\/p>\n<div id=\"attachment_122168\" style=\"width: 609px\" class=\"wp-caption alignnone\"><a href=\"https:\/\/senoticias.com.br\/se\/wp-content\/uploads\/2020\/02\/unnamed-1-1-e1582309320895.jpg\"><img loading=\"lazy\" decoding=\"async\" aria-describedby=\"caption-attachment-122168\" class=\"size-full wp-image-122168\" src=\"https:\/\/senoticias.com.br\/se\/wp-content\/uploads\/2020\/02\/unnamed-1-1-e1582309320895.jpg\" alt=\"\" width=\"599\" height=\"399\" \/><\/a><p id=\"caption-attachment-122168\" class=\"wp-caption-text\">Conselheira Susana Azevedo, vice-presidente do TCE e o procurador-geral de Justi\u00e7a, Eduardo D`Avila (foto: Cleverton Ribeiro\/TCE)<\/p><\/div>\n<p style=\"text-align: justify;\">Integrante do Comit\u00ea T\u00e9cnico da Educa\u00e7\u00e3o do Instituto Rui Barbosa (IRB), que re\u00fane membros dos Tribunais de Contas de todo o pa\u00eds, a conselheira informou que a Corte sergipana est\u00e1 prestes a iniciar uma auditoria que vai tra\u00e7ar um diagn\u00f3stico das salas de aula multisseriadas em todos os munic\u00edpios sergipanos e que o resultado ser\u00e1 de grande valia para reverter esse quadro.<\/p>\n<p style=\"text-align: justify;\">&#8220;Viemos unir for\u00e7as em prol da educa\u00e7\u00e3o no estado de Sergipe; com esse trabalho esperamos conseguir ao menos uma redu\u00e7\u00e3o na quantidade de classes multisseriadas, pois sabemos que o ensino dos alunos vem sendo prejudicado&#8221;, comentou a conselheira Susana Azevedo.<\/p>\n<p style=\"text-align: justify;\">Ao assegurar todo o apoio e engajamento do MPE, o procurador-geral de Justi\u00e7a salientou que as constata\u00e7\u00f5es t\u00e9cnicas obtidas pelo Tribunal de Contas atrav\u00e9s da auditoria dever\u00e3o subsidiar novas frentes de atua\u00e7\u00e3o. &#8220;No MPE temos uma aten\u00e7\u00e3o especial com o Tribunal de Contas e temas como educa\u00e7\u00e3o merecem essa intera\u00e7\u00e3o de v\u00e1rios \u00f3rg\u00e3os para poder trazer melhores solu\u00e7\u00f5es&#8221;, observou Eduardo D`Avila.<\/p>\n<p style=\"text-align: justify;\">Autor da propositura que levou o Pleno do TCE a aprovar a auditoria, Bandeira de Mello destacou as frentes de trabalho que vir\u00e3o adiante: &#8220;As situa\u00e7\u00f5es que n\u00e3o estiverem dentro do par\u00e2metro legal da utiliza\u00e7\u00e3o da multisseria\u00e7\u00e3o e que os alunos daquela escola possam ter um ensino mais qualificado, que se possa fazer uma interven\u00e7\u00e3o para que o munic\u00edpio atue mais, para que esses alunos tenham melhores condi\u00e7\u00f5es&#8221;, destacou o procurador-geral do MP de Contas.<\/p>\n<p style=\"text-align: justify;\">O encontro teve ainda as presen\u00e7as do secret\u00e1rio de Educa\u00e7\u00e3o do munic\u00edpio de Itabaianinha, Thiago Carvalho; do coordenador de Auditoria Operacional do TCE, Gidel Matos; da analista de controle externo II do TCE\/SE, Roberta Fonseca; do assessor t\u00e9cnico da Federa\u00e7\u00e3o dos Munic\u00edpios do Estado de Sergipe (Fames), Jorge Teles; bem como de representantes da Secretaria de Educa\u00e7\u00e3o estadual.<\/p>\n<p>&nbsp;<\/p>\n<p>&nbsp;<\/p>\n<p><a href=\"https:\/\/senoticias.com.br\/se\/wp-content\/uploads\/2020\/02\/Logo-novo-fone-1.jpg\"><img loading=\"lazy\" decoding=\"async\" class=\"alignnone size-full wp-image-121966\" src=\"https:\/\/senoticias.com.br\/se\/wp-content\/uploads\/2020\/02\/Logo-novo-fone-1.jpg\" alt=\"\" width=\"599\" height=\"78\" srcset=\"https:\/\/senoticias.com.br\/se\/wp-content\/uploads\/2020\/02\/Logo-novo-fone-1.jpg 599w, https:\/\/senoticias.com.br\/se\/wp-content\/uploads\/2020\/02\/Logo-novo-fone-1-300x39.jpg 300w\" sizes=\"(max-width: 599px) 100vw, 599px\" \/><\/a><\/p>\n<p>&nbsp;<\/p>\n<p><em>Mat\u00e9ria enviada pelo assessoria de comunica\u00e7\u00e3o do TCE<\/em><\/p>\n","protected":false},"excerpt":{"rendered":"<p>As classes multisseriadas, compostas por alunos de s\u00e9ries e n\u00edveis de conhecimento diferentes, t\u00eam dificultado a aprendizagem na rede p\u00fablica de ensino, sobretudo nas zonas rurais. Presente, tamb\u00e9m, em diversos munic\u00edpios sergipanos, tal realidade ser\u00e1 revista por meio de uma a\u00e7\u00e3o integrada envolvendo o Tribunal de Contas do Estado (TCE) e os minist\u00e9rios p\u00fablicos do [&hellip;]<\/p>\n","protected":false},"author":6557,"featured_media":0,"comment_status":"closed","ping_status":"closed","sticky":false,"template":"","format":"standard","meta":{"footnotes":""},"categories":[15,6,1],"tags":[14092,14091,5038,529,565],"class_list":{"0":"post-122164","1":"post","2":"type-post","3":"status-publish","4":"format-standard","6":"category-destaques","7":"category-politica","8":"category-sem-categoria","9":"tag-multisseriacao","10":"tag-orgaos-de-controles","11":"tag-pleno-do-tce","12":"tag-tce","13":"tag-tribunal-de-contas-do-estado"},"_links":{"self":[{"href":"https:\/\/senoticias.com.br\/se\/wp-json\/wp\/v2\/posts\/122164"}],"collection":[{"href":"https:\/\/senoticias.com.br\/se\/wp-json\/wp\/v2\/posts"}],"about":[{"href":"https:\/\/senoticias.com.br\/se\/wp-json\/wp\/v2\/types\/post"}],"author":[{"embeddable":true,"href":"https:\/\/senoticias.com.br\/se\/wp-json\/wp\/v2\/users\/6557"}],"replies":[{"embeddable":true,"href":"https:\/\/senoticias.com.br\/se\/wp-json\/wp\/v2\/comments?post=122164"}],"version-history":[{"count":0,"href":"https:\/\/senoticias.com.br\/se\/wp-json\/wp\/v2\/posts\/122164\/revisions"}],"wp:attachment":[{"href":"https:\/\/senoticias.com.br\/se\/wp-json\/wp\/v2\/media?parent=122164"}],"wp:term":[{"taxonomy":"category","embeddable":true,"href":"https:\/\/senoticias.com.br\/se\/wp-json\/wp\/v2\/categories?post=122164"},{"taxonomy":"post_tag","embeddable":true,"href":"https:\/\/senoticias.com.br\/se\/wp-json\/wp\/v2\/tags?post=122164"}],"curies":[{"name":"wp","href":"https:\/\/api.w.org\/{rel}","templated":true}]}}