{"id":122136,"date":"2020-02-19T18:34:28","date_gmt":"2020-02-19T21:34:28","guid":{"rendered":"https:\/\/senoticias.com.br\/se\/?p=122136"},"modified":"2020-02-19T18:34:28","modified_gmt":"2020-02-19T21:34:28","slug":"luciano-bispo-e-reeleito-presidente-da-alese","status":"publish","type":"post","link":"https:\/\/senoticias.com.br\/se\/luciano-bispo-e-reeleito-presidente-da-alese\/","title":{"rendered":"Luciano Bispo \u00e9 reeleito presidente da Alese"},"content":{"rendered":"<p style=\"text-align: justify;\">Ap\u00f3s vota\u00e7\u00e3o de projetos nas comiss\u00f5es e no plen\u00e1rio, aconteceu na tarde desta quarta-feira, 19, a elei\u00e7\u00e3o para a composi\u00e7\u00e3o da Mesa Diretora da Assembleia Legislativa de Sergipe, reconduzindo o deputado Luciano Bispo (MDB) ao cargo de presidente da Alese, para o segundo bi\u00eanio da 19\u00aa Legislatura. Essa \u00e9 a quarta vez que Luciano assume a presid\u00eancia da Casa.<\/p>\n<div id=\"attachment_122138\" style=\"width: 560px\" class=\"wp-caption aligncenter\"><a href=\"https:\/\/senoticias.com.br\/se\/wp-content\/uploads\/2020\/02\/luciano-bispo.jpg\"><img loading=\"lazy\" decoding=\"async\" aria-describedby=\"caption-attachment-122138\" class=\"size-full wp-image-122138\" src=\"https:\/\/senoticias.com.br\/se\/wp-content\/uploads\/2020\/02\/luciano-bispo-e1582147935894.jpg\" alt=\"\" width=\"550\" height=\"309\" \/><\/a><p id=\"caption-attachment-122138\" class=\"wp-caption-text\">Imagem\/ Reprodu\u00e7\u00e3o Internet<\/p><\/div>\n<p style=\"text-align: justify;\">Tamb\u00e9m foram eleitos como integrantes da Mesa Diretora da Assembleia Legislativa de Sergipe (bi\u00eanio 2021\/2022), os deputados Francisco Gualberto (PT), vice-presidente; Jeferson Andrade (PSD), primeiro secret\u00e1rio; Luciano Pimentel (PSB), segundo secret\u00e1rio; Maisa Mitidieri (PSD), terceira secret\u00e1ria e Dr. Samuel Carvalho (CIDADANIA), quarto secret\u00e1rio.\u201cPrimeiro quero agradecer aos colegas pela confian\u00e7a em ficarmos aqui no comando da Assembleia Legislativa; agradecer o apoio de todos que compareceram e votaram por unanimidade; a gente espera ter a mesma tranquilidade, a mesma firmeza, transpar\u00eancia e respeito ao povo sergipano\u201c, destacou o presidente Luciano Bispo acrescentando que a antecipa\u00e7\u00e3o das elei\u00e7\u00f5es acontece em v\u00e1rios estados e est\u00e1 de acordo com o Regimento Interno.<\/p>\n<p style=\"text-align: justify;\">Dos 24 deputados, 19 votaram favor\u00e1veis. A deputada Maria Mendon\u00e7a (PSDB) est\u00e1 licenciada e os deputados Gilmar Carvalho (PSC), Talysson de Valmir (PL), Kitty Lima (CIDADANIA) e Iran Barbosa se ausentaram. Iran j\u00e1 havia declarado o voto favor\u00e1vel, mas precisou participar de um compromisso no interior.<\/p>\n<p style=\"text-align: justify;\">Por ALESE<\/p>\n<p><a href=\"https:\/\/senoticias.com.br\/se\/wp-content\/uploads\/2020\/02\/Logo-novo-fone-1.jpg\"><img loading=\"lazy\" decoding=\"async\" class=\"alignnone size-full wp-image-121966 aligncenter\" src=\"https:\/\/senoticias.com.br\/se\/wp-content\/uploads\/2020\/02\/Logo-novo-fone-1.jpg\" alt=\"\" width=\"599\" height=\"78\" srcset=\"https:\/\/senoticias.com.br\/se\/wp-content\/uploads\/2020\/02\/Logo-novo-fone-1.jpg 599w, https:\/\/senoticias.com.br\/se\/wp-content\/uploads\/2020\/02\/Logo-novo-fone-1-300x39.jpg 300w\" sizes=\"(max-width: 599px) 100vw, 599px\" \/><\/a><\/p>\n<p style=\"text-align: center;\"><em><strong>A<\/strong><strong>companhe tamb\u00e9m o SE Not\u00edcias no\u00a0<a href=\"https:\/\/www.instagram.com\/senoticias\/\">Instagram<\/a>,\u00a0<a href=\"https:\/\/twitter.com\/home\">Twitter<\/a>\u00a0e no\u00a0<a href=\"https:\/\/web.facebook.com\/senoticias1\/\">Facebook<\/a><\/strong><\/em><\/p>\n","protected":false},"excerpt":{"rendered":"<p>Ap\u00f3s vota\u00e7\u00e3o de projetos nas comiss\u00f5es e no plen\u00e1rio, aconteceu na tarde desta quarta-feira, 19, a elei\u00e7\u00e3o para a composi\u00e7\u00e3o da Mesa Diretora da Assembleia Legislativa de Sergipe, reconduzindo o deputado Luciano Bispo (MDB) ao cargo de presidente da Alese, para o segundo bi\u00eanio da 19\u00aa Legislatura. Essa \u00e9 a quarta vez que Luciano assume [&hellip;]<\/p>\n","protected":false},"author":6557,"featured_media":0,"comment_status":"closed","ping_status":"closed","sticky":false,"template":"","format":"standard","meta":{"footnotes":""},"categories":[15,6],"tags":[140],"class_list":{"0":"post-122136","1":"post","2":"type-post","3":"status-publish","4":"format-standard","6":"category-destaques","7":"category-politica","8":"tag-luciano-bispo"},"_links":{"self":[{"href":"https:\/\/senoticias.com.br\/se\/wp-json\/wp\/v2\/posts\/122136"}],"collection":[{"href":"https:\/\/senoticias.com.br\/se\/wp-json\/wp\/v2\/posts"}],"about":[{"href":"https:\/\/senoticias.com.br\/se\/wp-json\/wp\/v2\/types\/post"}],"author":[{"embeddable":true,"href":"https:\/\/senoticias.com.br\/se\/wp-json\/wp\/v2\/users\/6557"}],"replies":[{"embeddable":true,"href":"https:\/\/senoticias.com.br\/se\/wp-json\/wp\/v2\/comments?post=122136"}],"version-history":[{"count":0,"href":"https:\/\/senoticias.com.br\/se\/wp-json\/wp\/v2\/posts\/122136\/revisions"}],"wp:attachment":[{"href":"https:\/\/senoticias.com.br\/se\/wp-json\/wp\/v2\/media?parent=122136"}],"wp:term":[{"taxonomy":"category","embeddable":true,"href":"https:\/\/senoticias.com.br\/se\/wp-json\/wp\/v2\/categories?post=122136"},{"taxonomy":"post_tag","embeddable":true,"href":"https:\/\/senoticias.com.br\/se\/wp-json\/wp\/v2\/tags?post=122136"}],"curies":[{"name":"wp","href":"https:\/\/api.w.org\/{rel}","templated":true}]}}