{"id":122134,"date":"2020-02-19T11:19:37","date_gmt":"2020-02-19T14:19:37","guid":{"rendered":"https:\/\/senoticias.com.br\/se\/?p=122134"},"modified":"2020-02-19T11:19:37","modified_gmt":"2020-02-19T14:19:37","slug":"juiz-suspende-pensoes-vitalicias-dos-ex-governadores-joao-alves-e-valadares","status":"publish","type":"post","link":"https:\/\/senoticias.com.br\/se\/juiz-suspende-pensoes-vitalicias-dos-ex-governadores-joao-alves-e-valadares\/","title":{"rendered":"Juiz suspende pens\u00f5es vital\u00edcias dos ex-governadores Jo\u00e3o Alves e Valadares"},"content":{"rendered":"<p style=\"text-align: justify;\">O juiz Luis Gustavo Serravalle Almeida, titular da 3\u00aa Vara C\u00edvel de Aracaju, acatou pedido do Minist\u00e9rio P\u00fablico do Estado e determinou a suspens\u00e3o do pagamento de pens\u00e3o vital\u00edcia aos ex-governadores Jo\u00e3o Alves Filho e Ant\u00f4nio Carlos Valadares. Os dois recebem pens\u00e3o vital\u00edcia de R$ 30 mil por terem sido governadores de Sergipe.<\/p>\n<div id=\"attachment_122135\" style=\"width: 560px\" class=\"wp-caption aligncenter\"><a href=\"https:\/\/senoticias.com.br\/se\/wp-content\/uploads\/2020\/02\/foto-joao-e-valadares.jpg\"><img loading=\"lazy\" decoding=\"async\" aria-describedby=\"caption-attachment-122135\" class=\"size-full wp-image-122135\" src=\"https:\/\/senoticias.com.br\/se\/wp-content\/uploads\/2020\/02\/foto-joao-e-valadares.jpg\" alt=\"\" width=\"550\" height=\"330\" srcset=\"https:\/\/senoticias.com.br\/se\/wp-content\/uploads\/2020\/02\/foto-joao-e-valadares.jpg 550w, https:\/\/senoticias.com.br\/se\/wp-content\/uploads\/2020\/02\/foto-joao-e-valadares-300x180.jpg 300w\" sizes=\"(max-width: 550px) 100vw, 550px\" \/><\/a><p id=\"caption-attachment-122135\" class=\"wp-caption-text\">Fotos: Andr\u00e9 Moreira\/ASN (Jo\u00e3o Alves) e Geraldo Magela\/Ag\u00eancia Senado (Valadares)<\/p><\/div>\n<p style=\"text-align: justify;\">\u201cDefiro o pedido de tutela antecipada formulado na inicial, nos termos do artigo 300 do C\u00f3digo de Processo Civil, para determinar a suspens\u00e3o dos atos administrativos que concederam pens\u00e3o especial aos requeridos Jo\u00e3o Alves Filho e Ant\u00f4nio Carlos Valadares, com a determina\u00e7\u00e3o consequente de suspens\u00e3o imediata dos pagamentos, fixando, desde j\u00e1, em caso de descumprimento, multa no importe de R$ 2 mil por dia\u201d, diz trecho da decis\u00e3o do magistrado.<\/p>\n<p style=\"text-align: justify;\">O juiz se baseou no C\u00f3digo de Processo Civil e em decis\u00e3o do Supremo Tribunal Federal (STF) para proibir o benef\u00edcio. Em uma a\u00e7\u00e3o impetrada pelo Conselho Federal da Ordem dos Advogados do Brasil (CFOAB), em 2018, o plen\u00e1rio do STF considerou inconstitucional o pagamento das pens\u00f5es aos ex-governadores sergipanos.<\/p>\n<p style=\"text-align: justify;\">As pens\u00f5es est\u00e3o previstas no artigo 263 da Constitui\u00e7\u00e3o Estadual, que garante a concess\u00e3o de pens\u00f5es a governadores que tenham exercido o cargo por pelo menos seis meses.<\/p>\n<p style=\"text-align: justify;\">Por se tratar de decis\u00e3o de primeira inst\u00e2ncia, os ex-governadores ainda podem recorrer da senten\u00e7a no Tribunal de Justi\u00e7a de Sergipe (TJ-SE).<\/p>\n<p style=\"text-align: justify;\">\nPor <a href=\"https:\/\/horanews.net\/juiz-suspende-pensoes-vitalicias-dos-ex-governadores-joao-alves-e-valadares\/\">Hora News\u00a0<\/a><\/p>\n<p><a href=\"https:\/\/senoticias.com.br\/se\/wp-content\/uploads\/2020\/02\/Logo-novo-fone-1.jpg\"><img loading=\"lazy\" decoding=\"async\" class=\"alignnone size-full wp-image-121966 aligncenter\" src=\"https:\/\/senoticias.com.br\/se\/wp-content\/uploads\/2020\/02\/Logo-novo-fone-1.jpg\" alt=\"\" width=\"599\" height=\"78\" srcset=\"https:\/\/senoticias.com.br\/se\/wp-content\/uploads\/2020\/02\/Logo-novo-fone-1.jpg 599w, https:\/\/senoticias.com.br\/se\/wp-content\/uploads\/2020\/02\/Logo-novo-fone-1-300x39.jpg 300w\" sizes=\"(max-width: 599px) 100vw, 599px\" \/><\/a><\/p>\n<p style=\"text-align: center;\"><em><strong>A<\/strong><strong>companhe tamb\u00e9m o SE Not\u00edcias no\u00a0<a href=\"https:\/\/www.instagram.com\/senoticias\/\">Instagram<\/a>,\u00a0<a href=\"https:\/\/twitter.com\/home\">Twitter<\/a>\u00a0e no\u00a0<a href=\"https:\/\/web.facebook.com\/senoticias1\/\">Facebook<\/a><\/strong><\/em><\/p>\n","protected":false},"excerpt":{"rendered":"<p>O juiz Luis Gustavo Serravalle Almeida, titular da 3\u00aa Vara C\u00edvel de Aracaju, acatou pedido do Minist\u00e9rio P\u00fablico do Estado e determinou a suspens\u00e3o do pagamento de pens\u00e3o vital\u00edcia aos ex-governadores Jo\u00e3o Alves Filho e Ant\u00f4nio Carlos Valadares. Os dois recebem pens\u00e3o vital\u00edcia de R$ 30 mil por terem sido governadores de Sergipe. \u201cDefiro o [&hellip;]<\/p>\n","protected":false},"author":6557,"featured_media":0,"comment_status":"closed","ping_status":"closed","sticky":false,"template":"","format":"standard","meta":{"footnotes":""},"categories":[15,6],"tags":[3744,1435,14073,14074,4355],"class_list":{"0":"post-122134","1":"post","2":"type-post","3":"status-publish","4":"format-standard","6":"category-destaques","7":"category-politica","8":"tag-ex-governadores","9":"tag-joao-alves","10":"tag-juiz-suspende","11":"tag-pensoes-vitalicias","12":"tag-valadares"},"_links":{"self":[{"href":"https:\/\/senoticias.com.br\/se\/wp-json\/wp\/v2\/posts\/122134"}],"collection":[{"href":"https:\/\/senoticias.com.br\/se\/wp-json\/wp\/v2\/posts"}],"about":[{"href":"https:\/\/senoticias.com.br\/se\/wp-json\/wp\/v2\/types\/post"}],"author":[{"embeddable":true,"href":"https:\/\/senoticias.com.br\/se\/wp-json\/wp\/v2\/users\/6557"}],"replies":[{"embeddable":true,"href":"https:\/\/senoticias.com.br\/se\/wp-json\/wp\/v2\/comments?post=122134"}],"version-history":[{"count":0,"href":"https:\/\/senoticias.com.br\/se\/wp-json\/wp\/v2\/posts\/122134\/revisions"}],"wp:attachment":[{"href":"https:\/\/senoticias.com.br\/se\/wp-json\/wp\/v2\/media?parent=122134"}],"wp:term":[{"taxonomy":"category","embeddable":true,"href":"https:\/\/senoticias.com.br\/se\/wp-json\/wp\/v2\/categories?post=122134"},{"taxonomy":"post_tag","embeddable":true,"href":"https:\/\/senoticias.com.br\/se\/wp-json\/wp\/v2\/tags?post=122134"}],"curies":[{"name":"wp","href":"https:\/\/api.w.org\/{rel}","templated":true}]}}