{"id":122112,"date":"2020-02-17T21:28:59","date_gmt":"2020-02-18T00:28:59","guid":{"rendered":"https:\/\/senoticias.com.br\/se\/?p=122112"},"modified":"2020-02-17T21:53:02","modified_gmt":"2020-02-18T00:53:02","slug":"pe-diabetico-pesquisa-desenvolve-medicamento-que-trata-feridas-de-dificil-cicatrizacao","status":"publish","type":"post","link":"https:\/\/senoticias.com.br\/se\/pe-diabetico-pesquisa-desenvolve-medicamento-que-trata-feridas-de-dificil-cicatrizacao\/","title":{"rendered":"P\u00e9 diab\u00e9tico: pesquisa desenvolve medicamento que trata feridas de dif\u00edcil cicatriza\u00e7\u00e3o"},"content":{"rendered":"<p style=\"text-align: justify;\">H\u00e1 mais de 10 anos, a pesquisadora Juliana Cardoso estuda membranas bioativas utilizadas no tratamento e cura de feridas. O foco atual da pesquisa envolve a planta denominada de Barbatim\u00e3o, bastante conhecida no Nordeste.<\/p>\n<div id=\"attachment_122114\" style=\"width: 609px\" class=\"wp-caption alignnone\"><a href=\"https:\/\/senoticias.com.br\/se\/wp-content\/uploads\/2020\/02\/Pediabetico-SE-Noticias-e1581986991277.jpg\"><img loading=\"lazy\" decoding=\"async\" aria-describedby=\"caption-attachment-122114\" class=\"size-full wp-image-122114\" src=\"https:\/\/senoticias.com.br\/se\/wp-content\/uploads\/2020\/02\/Pediabetico-SE-Noticias-e1581986991277.jpg\" alt=\"\" width=\"599\" height=\"449\" \/><\/a><p id=\"caption-attachment-122114\" class=\"wp-caption-text\">Pesquisa desenvolve medicamento que trata feridas de dif\u00edcil cicatriza\u00e7\u00e3o em P\u00e9 diab\u00e9tico (foto: Ag\u00eancia Brasil\/Ortopel\/Sa\u00fade)<\/p><\/div>\n<p style=\"text-align: justify;\">No mundo, <strong>uma em cada 11 pessoas com idade entre 20 e 79 anos tem diabetes<\/strong>. Estima-se que at\u00e9 <strong>2045 o n\u00famero de indiv\u00edduos diagnosticados com a doen\u00e7a alcance 700 milh\u00f5es<\/strong>. Se comparado ao ano passado, as perspectivas de aumento de diagn\u00f3stico chegam a 51%. Os dados s\u00e3o da Federa\u00e7\u00e3o Internacional de Diabetes \u2013 IDF.<\/p>\n<p style=\"text-align: justify;\">Os n\u00fameros tamb\u00e9m s\u00e3o alarmantes no Brasil. O pa\u00eds \u00e9 o 5\u00ba do mundo e o maior da Am\u00e9rica Latina com pessoas diagnosticadas, segundo a IDF em 2019, possuindo 16,8 milh\u00f5es \u2013 1 em cada 9 pessoas \u2013 de diab\u00e9ticos. Metade desconhece o diagn\u00f3stico.<\/p>\n<p style=\"text-align: justify;\">O aumento de casos do diabetes est\u00e1 relacionado, entre outras causas, ao sedentarismo, excesso de peso e estilo de vida. Em um ranking divulgado pela Sociedade Brasileira de Diabetes, entre as doen\u00e7as que mais matam no pa\u00eds \u2013 doen\u00e7as cr\u00f4nicas n\u00e3o transmiss\u00edveis, causas externas e doen\u00e7as transmiss\u00edveis, maternas, neonatais e nutricionais \u2013 a patologia, junto com as doen\u00e7as do rim, subiu de 11\u00ba lugar em 1990 para a 3\u00aa coloca\u00e7\u00e3o em 2017, ficando atr\u00e1s apenas das doen\u00e7as cardiovasculares e das neoplasias.<\/p>\n<p style=\"text-align: justify;\">Entre as principais complica\u00e7\u00f5es causadas pelo Diabetes est\u00e1 o P\u00e9 Diab\u00e9tico que s\u00e3o les\u00f5es e \u00falceras causadas pela dificuldade de vasculariza\u00e7\u00e3o. \u201cO Diabetes \u00e9 uma doen\u00e7a extremamente complexa. Devido \u00e0s in\u00fameras complica\u00e7\u00f5es impostas pela doen\u00e7a, os pacientes ficam mais suscet\u00edveis \u00e0s les\u00f5es. Por causa do metabolismo alterado, h\u00e1 uma dificuldade maior de oxigena\u00e7\u00e3o local causando problemas na cicatriza\u00e7\u00e3o\u201d, explica a pesquisadora do Instituto de Tecnologia e Pesquisa, Dra. Juliana Cordeiro Cardoso.<\/p>\n<p style=\"text-align: justify;\">Docente da Universidade Tiradentes e da P\u00f3s-gradua\u00e7\u00e3o em Sa\u00fade e Ambiente da institui\u00e7\u00e3o de ensino, Juliana \u00e9 farmac\u00eautica, com P\u00f3s-doutorado em Engenharia de Tecidos e Biomateriais na Universidade de Harvard em parceria com o MIT, e possui grande experi\u00eancia na caracteriza\u00e7\u00e3o e utiliza\u00e7\u00e3o de pol\u00edmeros e produtos naturais. H\u00e1 mais de 10 anos, a pesquisadora estuda membranas bioativas utilizadas no tratamento e cura de feridas.<\/p>\n<p style=\"text-align: justify;\">\u201cPor atuar em um programa de mestrado e doutorado interdisciplinar, enquanto pesquisadores, verificamos o mesmo problema sob v\u00e1rios \u00e2ngulos. A ideia do projeto inicia com a possibilidade de estudar e utilizar a nossa rica biodiversidade, tanto no estado quanto no Brasil, e dos produtos serem ricos em subst\u00e2ncias ativas capazes de cicatriza\u00e7\u00e3o. J\u00e1 trabalhamos com Pr\u00f3polis, Rom\u00e3, mangaba, entre outros produtos\u201d, destaca Juliana.<\/p>\n<p style=\"text-align: justify;\">A partir dos bons resultados obtidos com as diversas pesquisas, o grupo de cientistas iniciou novos estudos. Desta vez, o foco atual da pesquisa envolve a planta denominada de Barbatim\u00e3o, bastante conhecida no Nordeste. \u201cNesta pesquisa, iniciamos entendendo o que a popula\u00e7\u00e3o de forma geral utiliza para curar os seus ferimentos, o chamado uso popular. Com base nisso, realizamos a comprova\u00e7\u00e3o cient\u00edfica, como funciona, quais as subst\u00e2ncias e qual o mecanismo de a\u00e7\u00e3o\u201d, salienta.<\/p>\n<p style=\"text-align: justify;\">\u201cSabemos que uma ferida em um paciente saud\u00e1vel fecha sozinha, apenas cuidamos do ferimento para n\u00e3o infeccionar. Optamos por trabalhar com pacientes diab\u00e9ticos, pois buscamos um nicho onde o paciente tem problema para cicatriza\u00e7\u00e3o\u201d, acrescenta a pesquisadora.<\/p>\n<p style=\"text-align: justify;\">O produto \u00e9 desenvolvido a partir da extra\u00e7\u00e3o de subst\u00e2ncias da casca do barbatim\u00e3o. \u201cAs catequinas, subst\u00e2ncias presentes no Barbatim\u00e3o, s\u00e3o capazes de formar novos vasos e ajuda a trazer o oxig\u00eanio para a nutri\u00e7\u00e3o celular e renova\u00e7\u00e3o do tecido. Acreditamos que o mecanismo de a\u00e7\u00e3o seja a diminui\u00e7\u00e3o da infec\u00e7\u00e3o, diminui\u00e7\u00e3o dos efeitos inflamat\u00f3rios e a melhora da vasculariza\u00e7\u00e3o local\u201d, assegura.<\/p>\n<p><strong>Fomento<\/strong><\/p>\n<p style=\"text-align: justify;\">Devido \u00e0 import\u00e2ncia do projeto desenvolvido, a pesquisa recebeu um importante incentivo a partir da aprova\u00e7\u00e3o do projeto no Programa de Pesquisa para o Sistema \u00danico de sa\u00fade (PPSUS), financiado pela Funda\u00e7\u00e3o de Apoio \u00e0 Pesquisa e \u00e0 Inova\u00e7\u00e3o Tecnol\u00f3gica do Estado de Sergipe \u2013 Fapitec\/SE. No in\u00edcio era realizada apenas em feridas abertas e queimaduras, em fase experimental e estudo pr\u00e9-cl\u00ednico (em ratos), e passou para o ensaio cl\u00ednico a ser realizada em seres humanos.<\/p>\n<p style=\"text-align: justify;\">\u201cUma grande parte das f\u00f3rmulas farmac\u00eauticas que est\u00e3o dispon\u00edveis no mercado est\u00e3o na forma de cremes e g\u00e9is. Com isso, pensamos em desenvolver uma membrana com a dose adequada. Al\u00e9m de tudo, esta membrana a base de col\u00e1geno \u00e9 biocompat\u00edvel e n\u00e3o causa rejei\u00e7\u00e3o. Ela \u00e9 bioabsorv\u00edvel, ou seja, o nosso pr\u00f3prio organismo tem enzimas que absorvem esta membrana e libera o f\u00e1rmaco. A ferida deve possuir o leito \u00famido e, cada 24 horas, colocamos uma nova dose at\u00e9 a cicatriza\u00e7\u00e3o do ferimento\u201d, enfatiza a farmac\u00eautica.<\/p>\n<p style=\"text-align: justify;\">\u201cA membrana tem a\u00e7\u00e3o anti-inflamat\u00f3ria, diminuindo o edema, a\u00e7\u00e3o antioxidante, agindo inativando os radicais livres que podem ser danosos para os tecidos adjacentes e atividade antimicrobiana, evitando a contamina\u00e7\u00e3o\u201d, garante.<\/p>\n<p style=\"text-align: justify;\">Al\u00e9m disso, o projeto tem parcerias com outras ag\u00eancias de fomento como a Coordena\u00e7\u00e3o de Aperfei\u00e7oamento de Pessoal de N\u00edvel Superior \u2013 Capes e Conselho Nacional de Desenvolvimento Cient\u00edfico e Tecnol\u00f3gico \u2013 CNPq. \u201cS\u00e3o importantes parceiros que ajudam a propiciar bolsas aos nossos recursos humanos, insumos para aquisi\u00e7\u00e3o de produtos para testes, entre outros investimentos\u201d, frisa Juliana.<\/p>\n<p style=\"text-align: justify;\"><strong>Parceiros<\/strong><\/p>\n<p style=\"text-align: justify;\">Desde o in\u00edcio do projeto, a pesquisa conta a parceria da Universidade Estadual de Maring\u00e1 \u2013 UEM \u2013 por meio do pesquisador Dr. Jo\u00e3o Carlos Palazzo de Mello, estudioso do Barbatim\u00e3o h\u00e1 20 anos.<\/p>\n<p style=\"text-align: justify;\">\u201cFoi o nosso parceiro inicial. Atrav\u00e9s do pesquisador foi detectado que existiam duas plantas diferentes com o mesmo nome popular. Ent\u00e3o, o laborat\u00f3rio Dr. Palazzo ficou respons\u00e1vel pela produ\u00e7\u00e3o do extrato e identifica\u00e7\u00e3o das subst\u00e2ncias presentes em cada planta. N\u00f3s complementamos com o desenvolvimento do produto (membrana bioativa) e ensaio pr\u00e9-cl\u00ednico, com pesquisadores da UNIT e do ITP, a exemplo do Prof. Dr. Ricardo Albuquerque\u201d, ressalta a pesquisadora.<\/p>\n<p style=\"text-align: justify;\">Al\u00e9m da institui\u00e7\u00e3o de ensino, a Universidade de S\u00e3o Paulo \u2013 USP \u2013 de Ribeir\u00e3o Preto tamb\u00e9m participa do projeto atrav\u00e9s da mobilidade realizada entre os pesquisadores. \u201cA Escola de Enfermagem da USP tem um programa de P\u00f3s-gradua\u00e7\u00e3o nota 7, de excel\u00eancia no pa\u00eds, e vai auxiliar no ensaio multic\u00eantrico e na educa\u00e7\u00e3o em Sa\u00fade\u201d, afirma.<\/p>\n<p style=\"text-align: justify;\">Profa. Dra. Rosalina Partezani Rodrigues e Profa. Dra. Soraia Rabeh, juntamente com a equipe da UNIT e UEM recebem apoio da Fapitec por meio do Programa de Est\u00edmulo a Mobilidade e ao Aumento da Coopera\u00e7\u00e3o Acad\u00eamica da P\u00f3s-Gradua\u00e7\u00e3o em Sergipe financiado pelo Edital CAPES\/FAPITEC\/SE N\u00b0 10\/2016.<\/p>\n<p style=\"text-align: justify;\">\u201cOutro parceiro muito importante \u00e9 a Prefeitura Municipal de Aracaju, por meio da Secretaria Municipal de Sa\u00fade pois \u00e9 a infraestrutura onde vamos encontrar esse paciente para ser atendido, tratando o paciente sergipano com o devido respeito\u201d, finaliza a pesquisadora.<\/p>\n<p style=\"text-align: justify;\">O pr\u00f3ximo passo pode ser a implanta\u00e7\u00e3o de um Centro de Excel\u00eancia no tratamento de Feridas para o estado de Sergipe.<\/p>\n<p>&nbsp;<\/p>\n<p>&nbsp;<\/p>\n<p><a href=\"https:\/\/senoticias.com.br\/se\/wp-content\/uploads\/2020\/02\/Logo-novo-fone-1.jpg\"><img loading=\"lazy\" decoding=\"async\" class=\"alignnone size-full wp-image-121966\" src=\"https:\/\/senoticias.com.br\/se\/wp-content\/uploads\/2020\/02\/Logo-novo-fone-1.jpg\" alt=\"\" width=\"599\" height=\"78\" srcset=\"https:\/\/senoticias.com.br\/se\/wp-content\/uploads\/2020\/02\/Logo-novo-fone-1.jpg 599w, https:\/\/senoticias.com.br\/se\/wp-content\/uploads\/2020\/02\/Logo-novo-fone-1-300x39.jpg 300w\" sizes=\"(max-width: 599px) 100vw, 599px\" \/><\/a><\/p>\n<p>&nbsp;<\/p>\n<p><em><strong>A<\/strong><strong>companhe tamb\u00e9m o SE Not\u00edcias no\u00a0<a href=\"https:\/\/www.instagram.com\/senoticias\/\">Instagram<\/a>,\u00a0<a href=\"https:\/\/twitter.com\/home\">Twitter<\/a>\u00a0e no\u00a0<a href=\"https:\/\/web.facebook.com\/senoticias1\/\">Facebook<\/a><\/strong><\/em><\/p>\n<p>&nbsp;<\/p>\n<p>Ascom Unit<\/p>\n","protected":false},"excerpt":{"rendered":"<p>H\u00e1 mais de 10 anos, a pesquisadora Juliana Cardoso estuda membranas bioativas utilizadas no tratamento e cura de feridas. O foco atual da pesquisa envolve a planta denominada de Barbatim\u00e3o, bastante conhecida no Nordeste. No mundo, uma em cada 11 pessoas com idade entre 20 e 79 anos tem diabetes. Estima-se que at\u00e9 2045 o [&hellip;]<\/p>\n","protected":false},"author":6552,"featured_media":122114,"comment_status":"closed","ping_status":"closed","sticky":false,"template":"","format":"standard","meta":{"footnotes":""},"categories":[15,2961,1],"tags":[3631,14061,14060,14062],"class_list":{"0":"post-122112","1":"post","2":"type-post","3":"status-publish","4":"format-standard","5":"has-post-thumbnail","7":"category-destaques","8":"category-nacional","9":"category-sem-categoria","10":"tag-diabetes","11":"tag-feridas","12":"tag-feridas-de-dificil-cicatrizacao","13":"tag-pe-diabetico"},"_links":{"self":[{"href":"https:\/\/senoticias.com.br\/se\/wp-json\/wp\/v2\/posts\/122112"}],"collection":[{"href":"https:\/\/senoticias.com.br\/se\/wp-json\/wp\/v2\/posts"}],"about":[{"href":"https:\/\/senoticias.com.br\/se\/wp-json\/wp\/v2\/types\/post"}],"author":[{"embeddable":true,"href":"https:\/\/senoticias.com.br\/se\/wp-json\/wp\/v2\/users\/6552"}],"replies":[{"embeddable":true,"href":"https:\/\/senoticias.com.br\/se\/wp-json\/wp\/v2\/comments?post=122112"}],"version-history":[{"count":0,"href":"https:\/\/senoticias.com.br\/se\/wp-json\/wp\/v2\/posts\/122112\/revisions"}],"wp:featuredmedia":[{"embeddable":true,"href":"https:\/\/senoticias.com.br\/se\/wp-json\/wp\/v2\/media\/122114"}],"wp:attachment":[{"href":"https:\/\/senoticias.com.br\/se\/wp-json\/wp\/v2\/media?parent=122112"}],"wp:term":[{"taxonomy":"category","embeddable":true,"href":"https:\/\/senoticias.com.br\/se\/wp-json\/wp\/v2\/categories?post=122112"},{"taxonomy":"post_tag","embeddable":true,"href":"https:\/\/senoticias.com.br\/se\/wp-json\/wp\/v2\/tags?post=122112"}],"curies":[{"name":"wp","href":"https:\/\/api.w.org\/{rel}","templated":true}]}}