{"id":122093,"date":"2020-02-16T16:45:01","date_gmt":"2020-02-16T19:45:01","guid":{"rendered":"https:\/\/senoticias.com.br\/se\/?p=122093"},"modified":"2020-02-16T16:50:26","modified_gmt":"2020-02-16T19:50:26","slug":"agatha-e-duda-iniciam-ano-com-ouro-na-etapa-de-maceio","status":"publish","type":"post","link":"https:\/\/senoticias.com.br\/se\/agatha-e-duda-iniciam-ano-com-ouro-na-etapa-de-maceio\/","title":{"rendered":"\u00c1gatha e Duda iniciam ano com ouro na etapa de Macei\u00f3"},"content":{"rendered":"<p style=\"text-align: justify;\">A sergipana Duda Lisboa e a paranaense \u00c1gatha Rippel foram as grandes campe\u00e3s da etapa Macei\u00f3-AL do Open nacional de v\u00f4lei de praia. Em final realizada na manh\u00e3 deste domingo, 16, elas derrotaram Tain\u00e1 e Victoria (SE\/ MS) por 2 sets a 1 \u2013 parciais de 23-21, 21-23 e 15-12. Este foi o primeiro ouro de Duda e \u00c1gatha em 2020. O bronze ficou com Fernanda Berti e Taiana (RJ\/CE), que superaram Ana Patr\u00edcia e Rebecca (MG\/CE).<\/p>\n<div id=\"attachment_122094\" style=\"width: 609px\" class=\"wp-caption alignnone\"><a href=\"https:\/\/senoticias.com.br\/se\/wp-content\/uploads\/2020\/02\/podiofeminino-e1581882362178.jpg\"><img loading=\"lazy\" decoding=\"async\" aria-describedby=\"caption-attachment-122094\" class=\"size-full wp-image-122094\" src=\"https:\/\/senoticias.com.br\/se\/wp-content\/uploads\/2020\/02\/podiofeminino-e1581882362178.jpg\" alt=\"\" width=\"599\" height=\"399\" \/><\/a><p id=\"caption-attachment-122094\" class=\"wp-caption-text\">Duda e \u00c1gatha no alto do p\u00f3dio feminino em Macei\u00f3 \u2014 Foto: Wander Roberto\/Inovafoto\/CBV<\/p><\/div>\n<p style=\"text-align: justify;\">A campanha de \u00c1gatha e Duda no primeiro compromisso oficial da dupla em 2020 contou com seis vit\u00f3rias em seis jogos e apenas dois sets perdidos. \u00c1gatha comentou o bom preparo f\u00edsico do time, que contou com uma pr\u00e9-temporada mais extensa, focada nos Jogos Ol\u00edmpicos.<\/p>\n<p style=\"text-align: justify;\">A pr\u00f3xima etapa da temporada 2019\/2020 acontece em <strong>Aracaju (SE)<\/strong>, de<strong> 4 a 8<\/strong> de mar\u00e7o, na <strong>Atalaia<\/strong>. Ser\u00e1 a pen\u00faltima parada do tour nacional, que termina em Arraial do Cabo (RJ), no in\u00edcio de abril. A competi\u00e7\u00e3o possui os campe\u00f5es de cada parada, al\u00e9m de um campe\u00e3o geral, no somat\u00f3rio de pontos das sete etapas realizadas.<\/p>\n<p style=\"text-align: justify;\">A campanha de \u00c1gatha e Duda no primeiro compromisso oficial da dupla em 2020 contou com seis vit\u00f3rias em seis jogos e apenas dois sets perdidos. \u00c1gatha comentou o bom preparo f\u00edsico do time, que contou com uma pr\u00e9-temporada mais extensa, focando nos Jogos.<\/p>\n<p style=\"text-align: justify;\">\u201cA palavra que define esta partida \u00e9 supera\u00e7\u00e3o. Todas as duplas que jogaram hoje fizeram tr\u00eas partidas ontem, mas eu e a Duda estamos com uma prepara\u00e7\u00e3o mais voltada para o meio do ano. Ent\u00e3o, vencer esta primeira etapa que disputamos em 2020 tem um sabor muito especial. \u00c9 o sabor da paci\u00eancia, pois o corpo muitas vezes n\u00e3o vai responder o que a mente quer. Estamos muito felizes e agora \u00e9 voltar para casa e descansar um pouco depois de enfrentar esse calor de Macei\u00f3\u201d, disse a paranaense.<\/p>\n<p style=\"text-align: justify;\">Filha de Cida Lisboa, que \u00e9 t\u00e9cnica de Tain\u00e1 e Victoria, Duda tamb\u00e9m comentou sobre a conquista. \u201cA gente sabe que ainda n\u00e3o estamos em nosso melhor no aspecto f\u00edsico, t\u00e1tico e mental. Mas ganhar esse ouro foi um pr\u00eamio pela supera\u00e7\u00e3o, tivemos paci\u00eancia, tivemos muita vontade. O time delas tamb\u00e9m est\u00e1 de parab\u00e9ns, jogaram muito bem. Sabemos que o caminho \u00e9 longo, mas vencer essa final em \u2018fam\u00edlia\u2019 \u00e9 extremamente motivador\u201d, declarou.<\/p>\n<p>&nbsp;<\/p>\n<p><a href=\"https:\/\/senoticias.com.br\/se\/wp-content\/uploads\/2020\/02\/Logo-novo-fone-1.jpg\"><img loading=\"lazy\" decoding=\"async\" class=\"alignnone size-full wp-image-121966\" src=\"https:\/\/senoticias.com.br\/se\/wp-content\/uploads\/2020\/02\/Logo-novo-fone-1.jpg\" alt=\"\" width=\"599\" height=\"78\" srcset=\"https:\/\/senoticias.com.br\/se\/wp-content\/uploads\/2020\/02\/Logo-novo-fone-1.jpg 599w, https:\/\/senoticias.com.br\/se\/wp-content\/uploads\/2020\/02\/Logo-novo-fone-1-300x39.jpg 300w\" sizes=\"(max-width: 599px) 100vw, 599px\" \/><\/a><\/p>\n<p>&nbsp;<\/p>\n<p><em><strong>A<\/strong><strong>companhe tamb\u00e9m o SE Not\u00edcias no\u00a0<a href=\"https:\/\/www.instagram.com\/senoticias\/\">Instagram<\/a>,\u00a0<a href=\"https:\/\/twitter.com\/home\">Twitter<\/a>\u00a0e no\u00a0<a href=\"https:\/\/web.facebook.com\/senoticias1\/\">Facebook<\/a><\/strong><\/em><\/p>\n<p>&nbsp;<\/p>\n<p>Com informa\u00e7\u00f5es da Confedera\u00e7\u00e3o Brasileira de V\u00f4lei<\/p>\n","protected":false},"excerpt":{"rendered":"<p>A sergipana Duda Lisboa e a paranaense \u00c1gatha Rippel foram as grandes campe\u00e3s da etapa Macei\u00f3-AL do Open nacional de v\u00f4lei de praia. Em final realizada na manh\u00e3 deste domingo, 16, elas derrotaram Tain\u00e1 e Victoria (SE\/ MS) por 2 sets a 1 \u2013 parciais de 23-21, 21-23 e 15-12. Este foi o primeiro ouro [&hellip;]<\/p>\n","protected":false},"author":6552,"featured_media":122094,"comment_status":"closed","ping_status":"closed","sticky":false,"template":"","format":"standard","meta":{"footnotes":""},"categories":[47,15,26],"tags":[10564,2525,6611,14053,2522],"class_list":{"0":"post-122093","1":"post","2":"type-post","3":"status-publish","4":"format-standard","5":"has-post-thumbnail","7":"category-carnaval2011","8":"category-destaques","9":"category-esportes","10":"tag-agatha-e-duda","11":"tag-circuito-brasileiro-de-volei-de-praia","12":"tag-dupla-agatha-e-duda","13":"tag-open-nacional-de-volei-de-praia","14":"tag-volei-de-praia"},"_links":{"self":[{"href":"https:\/\/senoticias.com.br\/se\/wp-json\/wp\/v2\/posts\/122093"}],"collection":[{"href":"https:\/\/senoticias.com.br\/se\/wp-json\/wp\/v2\/posts"}],"about":[{"href":"https:\/\/senoticias.com.br\/se\/wp-json\/wp\/v2\/types\/post"}],"author":[{"embeddable":true,"href":"https:\/\/senoticias.com.br\/se\/wp-json\/wp\/v2\/users\/6552"}],"replies":[{"embeddable":true,"href":"https:\/\/senoticias.com.br\/se\/wp-json\/wp\/v2\/comments?post=122093"}],"version-history":[{"count":0,"href":"https:\/\/senoticias.com.br\/se\/wp-json\/wp\/v2\/posts\/122093\/revisions"}],"wp:featuredmedia":[{"embeddable":true,"href":"https:\/\/senoticias.com.br\/se\/wp-json\/wp\/v2\/media\/122094"}],"wp:attachment":[{"href":"https:\/\/senoticias.com.br\/se\/wp-json\/wp\/v2\/media?parent=122093"}],"wp:term":[{"taxonomy":"category","embeddable":true,"href":"https:\/\/senoticias.com.br\/se\/wp-json\/wp\/v2\/categories?post=122093"},{"taxonomy":"post_tag","embeddable":true,"href":"https:\/\/senoticias.com.br\/se\/wp-json\/wp\/v2\/tags?post=122093"}],"curies":[{"name":"wp","href":"https:\/\/api.w.org\/{rel}","templated":true}]}}