{"id":122080,"date":"2020-02-15T10:58:15","date_gmt":"2020-02-15T13:58:15","guid":{"rendered":"https:\/\/senoticias.com.br\/se\/?p=122080"},"modified":"2020-02-16T08:42:19","modified_gmt":"2020-02-16T11:42:19","slug":"cptran-prende-dupla-que-realizava-assaltos-no-bairro-augusto-franco","status":"publish","type":"post","link":"https:\/\/senoticias.com.br\/se\/cptran-prende-dupla-que-realizava-assaltos-no-bairro-augusto-franco\/","title":{"rendered":"CPTran prende dupla que realizava assaltos no Conjunto Augusto Franco"},"content":{"rendered":"<p style=\"text-align: justify;\">Na madrugada deste s\u00e1bado, 15, uma a\u00e7\u00e3o realizada pela Companhia de Pol\u00edcia de Tr\u00e2nsito (CPTRAN), com o apoio da Superintend\u00eancia Municipal de Transporte e Tr\u00e2nsito (SMTT), Pol\u00edcia Civil e do COTAX, resultou na pris\u00e3o de dois assaltantes que praticavam roubos na regi\u00e3o do Conjunto Augusto Franco.<\/p>\n<div id=\"attachment_122081\" style=\"width: 560px\" class=\"wp-caption aligncenter\"><a href=\"https:\/\/senoticias.com.br\/se\/wp-content\/uploads\/2020\/02\/f6963bb6-8de6-466d-953e-d0de41498355-e1581774902519.jpg\"><img loading=\"lazy\" decoding=\"async\" aria-describedby=\"caption-attachment-122081\" class=\"size-full wp-image-122081\" src=\"https:\/\/senoticias.com.br\/se\/wp-content\/uploads\/2020\/02\/f6963bb6-8de6-466d-953e-d0de41498355-e1581774902519.jpg\" alt=\"\" width=\"550\" height=\"351\" \/><\/a><p id=\"caption-attachment-122081\" class=\"wp-caption-text\">Os pertences das v\u00edtimas foram encontrados com a dupla de assaltantes. Foto: CPTRAN<\/p><\/div>\n<p style=\"text-align: justify;\">O alvo dos meliantes eram bares e restaurantes, e logo ap\u00f3s ao roubo realizado em uma pizzaria, uma das v\u00edtimas conseguiu rastrear, atrav\u00e9s do aparelho celular, a localiza\u00e7\u00e3o da dupla. Ao serem acionados, o CPTran, O COTAX da SMTT, e uma guarni\u00e7\u00e3o da Pol\u00edcia Civil fecharam o cerco e realizaram a pris\u00e3o em flagrante.<\/p>\n<p style=\"text-align: justify;\">Foram encontrados com os assaltantes, pertences das v\u00edtimas e uma arma de fogo. Ambos foram conduzidos \u00e0 delegacia para o devido procedimento legal.<\/p>\n<p><em>Por Reda\u00e7\u00e3o SE Not\u00edcias, com informa\u00e7\u00f5es do capit\u00e3o Silveira, comandante da CPTran<\/em><\/p>\n<p><a href=\"https:\/\/senoticias.com.br\/se\/wp-content\/uploads\/2020\/02\/Logo-novo-fone-1.jpg\"><img loading=\"lazy\" decoding=\"async\" class=\"alignnone size-full wp-image-121966 aligncenter\" src=\"https:\/\/senoticias.com.br\/se\/wp-content\/uploads\/2020\/02\/Logo-novo-fone-1.jpg\" alt=\"\" width=\"599\" height=\"78\" srcset=\"https:\/\/senoticias.com.br\/se\/wp-content\/uploads\/2020\/02\/Logo-novo-fone-1.jpg 599w, https:\/\/senoticias.com.br\/se\/wp-content\/uploads\/2020\/02\/Logo-novo-fone-1-300x39.jpg 300w\" sizes=\"(max-width: 599px) 100vw, 599px\" \/><\/a><\/p>\n<p style=\"text-align: center;\"><em><strong>A<\/strong><strong>companhe tamb\u00e9m o SE Not\u00edcias no\u00a0<a href=\"https:\/\/www.instagram.com\/senoticias\/\">Instagram<\/a>,\u00a0<a href=\"https:\/\/twitter.com\/home\">Twitter<\/a>\u00a0e no\u00a0<a href=\"https:\/\/web.facebook.com\/senoticias1\/\">Facebook<\/a><\/strong><\/em><\/p>\n","protected":false},"excerpt":{"rendered":"<p>Na madrugada deste s\u00e1bado, 15, uma a\u00e7\u00e3o realizada pela Companhia de Pol\u00edcia de Tr\u00e2nsito (CPTRAN), com o apoio da Superintend\u00eancia Municipal de Transporte e Tr\u00e2nsito (SMTT), Pol\u00edcia Civil e do COTAX, resultou na pris\u00e3o de dois assaltantes que praticavam roubos na regi\u00e3o do Conjunto Augusto Franco. O alvo dos meliantes eram bares e restaurantes, e [&hellip;]<\/p>\n","protected":false},"author":6557,"featured_media":0,"comment_status":"closed","ping_status":"closed","sticky":false,"template":"","format":"standard","meta":{"footnotes":""},"categories":[15,7],"tags":[339,14051,631,14050,14049,594,223],"class_list":{"0":"post-122080","1":"post","2":"type-post","3":"status-publish","4":"format-standard","6":"category-destaques","7":"category-policia","8":"tag-aracaju","9":"tag-bairro-augusto-franco","10":"tag-cptran","11":"tag-dupla-de-assaltantes","12":"tag-prisao-em-flagrante","13":"tag-roubos","14":"tag-sergipe"},"_links":{"self":[{"href":"https:\/\/senoticias.com.br\/se\/wp-json\/wp\/v2\/posts\/122080"}],"collection":[{"href":"https:\/\/senoticias.com.br\/se\/wp-json\/wp\/v2\/posts"}],"about":[{"href":"https:\/\/senoticias.com.br\/se\/wp-json\/wp\/v2\/types\/post"}],"author":[{"embeddable":true,"href":"https:\/\/senoticias.com.br\/se\/wp-json\/wp\/v2\/users\/6557"}],"replies":[{"embeddable":true,"href":"https:\/\/senoticias.com.br\/se\/wp-json\/wp\/v2\/comments?post=122080"}],"version-history":[{"count":0,"href":"https:\/\/senoticias.com.br\/se\/wp-json\/wp\/v2\/posts\/122080\/revisions"}],"wp:attachment":[{"href":"https:\/\/senoticias.com.br\/se\/wp-json\/wp\/v2\/media?parent=122080"}],"wp:term":[{"taxonomy":"category","embeddable":true,"href":"https:\/\/senoticias.com.br\/se\/wp-json\/wp\/v2\/categories?post=122080"},{"taxonomy":"post_tag","embeddable":true,"href":"https:\/\/senoticias.com.br\/se\/wp-json\/wp\/v2\/tags?post=122080"}],"curies":[{"name":"wp","href":"https:\/\/api.w.org\/{rel}","templated":true}]}}