{"id":122074,"date":"2020-02-15T06:36:31","date_gmt":"2020-02-15T09:36:31","guid":{"rendered":"https:\/\/senoticias.com.br\/se\/?p=122074"},"modified":"2020-02-15T06:41:49","modified_gmt":"2020-02-15T09:41:49","slug":"governo-de-sergipe-realiza-formatura-de-64-concludentes-do-curso-de-formacao-de-delegados-da-policia-civil","status":"publish","type":"post","link":"https:\/\/senoticias.com.br\/se\/governo-de-sergipe-realiza-formatura-de-64-concludentes-do-curso-de-formacao-de-delegados-da-policia-civil\/","title":{"rendered":"Governo de Sergipe realiza formatura de 64 concludentes do Curso de Forma\u00e7\u00e3o de Delegados da Pol\u00edcia Civil"},"content":{"rendered":"<p style=\"text-align: justify;\">Sentimento de dever cumprido. Essa foi a sensa\u00e7\u00e3o de J\u00e9ssica Garcia expressada na solenidade de formatura do Curso de Forma\u00e7\u00e3o de Delegados da Pol\u00edcia Civil de Sergipe, ocorrida na manh\u00e3 desta sexta-feira, 14, no teatro Atheneu. O evento contou com diversas autoridades, concludentes do curso e familiares dos futuros profissionais da Seguran\u00e7a P\u00fablica que coordenar\u00e3o o trabalho policial nas delegacias do estado.<\/p>\n<div id=\"attachment_122075\" style=\"width: 609px\" class=\"wp-caption alignnone\"><a href=\"https:\/\/senoticias.com.br\/se\/wp-content\/uploads\/2020\/02\/Novos-delegados-SE-Noticias.jpg\"><img loading=\"lazy\" decoding=\"async\" aria-describedby=\"caption-attachment-122075\" class=\"size-full wp-image-122075\" src=\"https:\/\/senoticias.com.br\/se\/wp-content\/uploads\/2020\/02\/Novos-delegados-SE-Noticias-e1581759507193.jpg\" alt=\"\" width=\"599\" height=\"399\" \/><\/a><p id=\"caption-attachment-122075\" class=\"wp-caption-text\">Segundo a SSP, m breve, 12 profissionais ser\u00e3o destinados para atua\u00e7\u00e3o em delegacias do interior. Os demais ser\u00e3o convocados no decorrer da validade do concurso.<\/p><\/div>\n<p style=\"text-align: justify;\">\u201cEssa formatura \u00e9 a realiza\u00e7\u00e3o de um sonho para todos n\u00f3s. Estamos imensamente felizes e realizados porque \u00e9 uma verdadeira batalha chegar at\u00e9 aqui, com dedica\u00e7\u00e3o aos estudos antes e depois da aprova\u00e7\u00e3o no concurso. Esse caminho \u00e9 dif\u00edcil e se torna mais prazeroso porque temos pessoas ao nosso lado nos apoiando e incentivando. \u00c9 um momento de muita gratid\u00e3o a tudo que passamos\u201d, pontuou a concludente e futura delegada J\u00e9ssica Garcia.<\/p>\n<p style=\"text-align: justify;\">O Curso de Forma\u00e7\u00e3o de Delegados Substitutos de Pol\u00edcia Civil iniciou no dia 30 de outubro de 2019 e foi finalizado no dia 4 de fevereiro deste ano, contando com 64 alunos matriculados, sendo 49 do sexo masculino e 15 do sexo feminino. Ao longo de mais de tr\u00eas meses, os candidatos aprovados no concurso tiveram aulas pr\u00e1ticas e te\u00f3ricas na Academia de Pol\u00edcia Civil (Acadepol). Nesse per\u00edodo, foram mobilizados 50 instrutores com t\u00edtulos de mestre, doutores e especialistas em suas \u00e1reas de atua\u00e7\u00e3o. Os alunos passaram por 36 disciplinas, totalizando 386 horas\/aulas de ensino. A carga hor\u00e1ria foi distribu\u00edda da seguinte forma: 54 horas para Armamento e Tiro; 30 horas de Procedimentos Policiais Eletr\u00f4nicos (PPE); 20 horas de Est\u00e1gio Supervisionado; 16 horas de aulas de Lideran\u00e7a e Motiva\u00e7\u00e3o; 10 horas de T\u00e9cnicas de Imobiliza\u00e7\u00e3o e Defesa Pessoal, entre outros.<\/p>\n<p style=\"text-align: justify;\">\u201cDentro das possibilidades do estado, tenho certeza que o governador Belivaldo Chagas conseguir\u00e1 convocar o maior n\u00famero de profissionais para que a Pol\u00edcia Civil consiga contar com um delegado em cada munic\u00edpio. Atualmente ainda temos delegados respondendo por tr\u00eas, quatro cidades e isso n\u00e3o \u00e9 o ideal para a popula\u00e7\u00e3o. Mudan\u00e7as s\u00e3o sempre positivas e novos profissionais s\u00e3o sempre bem vindos\u201d, pontuou Jo\u00e3o Eloy de Menezes, secret\u00e1rio de estado da Seguran\u00e7a P\u00fablica.<\/p>\n<p style=\"text-align: justify;\">Os concludentes tamb\u00e9m contaram com 40 horas de palestras ministradas, sendo os seguintes temas em destaque: Psicologia Patol\u00f3gica; Aborto: O que n\u00e3o se costuma falar sobre o tema; Hist\u00f3ria do R\u00e1dio Digital em Sergipe; Aten\u00e7\u00e3o \u00e0 Sa\u00fade Mental; Sistema de Comando de Incidentes; Nova Lei de Abuso de Autoridade; e Relacionamento com a Imprensa.<\/p>\n<p style=\"text-align: justify;\">Na oportunidade, a delegada geral da Pol\u00edcia Civil, Katarina Feitoza, destacou a import\u00e2ncia dos futuros delegados no cen\u00e1rio da Seguran\u00e7a P\u00fablica de Sergipe. \u201cEstamos aguardando a posse e a nomea\u00e7\u00e3o desses novos colegas com muita expectativa porque com a chegada deles n\u00f3s ampliaremos o atendimento especializado no interior de Sergipe. Precisamos atuar em ocorr\u00eancias que v\u00e3o desde \u00e0 viol\u00eancia dom\u00e9stica, passando pela investiga\u00e7\u00e3o de homic\u00eddios e tr\u00e1fico de drogas, entre outros crimes. Tenho certeza que eles foram muito bem formados e v\u00e3o se somar no combate \u00e0 criminalidade e em defesa da sociedade\u201d, pontuou.<\/p>\n<p><strong>Treinamento com armas de fogo<\/strong><\/p>\n<p style=\"text-align: justify;\">Para tornar os alunos aptos ao manuseio de armas de fogo, foram disparados durante o treinamento 14.400 tiros durante o curso, sendo que 3.200 tiros de Rev\u00f3lver 38; 2.560 tiros de Pistola .40; 3.200 de Pistola .45; 3.200 tiros foram disparados de Carabina .30 ; 640 tiros de Famae e 1.600 tiros foram disparados de Espingarda calibre 12. Em m\u00e9dia, cada aluno efetuou 50 tiros dos calibres 38; 40 tiros de calibre .40; 50 tiros de calibre .45; 50 tiros de calibre .30; 10 tiros de Famae .40 e 25 tiros de calibre 12.<\/p>\n<p style=\"text-align: justify;\">Durante a formatura, o delegado Jo\u00e3o Batista Santos J\u00fanior, diretor da Acadepol, refor\u00e7ou a import\u00e2ncia do treinamento que os concludentes tiveram que finalizar. \u201c\u00c9 uma etapa muito relevante de um concurso longo que termina com o Curso de Forma\u00e7\u00e3o que acaba sendo o mais importante dessa trajet\u00f3ria. \u00c9 onde o aluno de fato se torna preparado tecnicamente e apto a exercer a fun\u00e7\u00e3o \u00e1rdua do delegado de Pol\u00edcia Civil\u201d, concluiu.<\/p>\n<p>&nbsp;<\/p>\n<p><a href=\"https:\/\/senoticias.com.br\/se\/wp-content\/uploads\/2020\/02\/Logo-novo-fone-1.jpg\"><img loading=\"lazy\" decoding=\"async\" class=\"alignnone size-full wp-image-121966\" src=\"https:\/\/senoticias.com.br\/se\/wp-content\/uploads\/2020\/02\/Logo-novo-fone-1.jpg\" alt=\"\" width=\"599\" height=\"78\" srcset=\"https:\/\/senoticias.com.br\/se\/wp-content\/uploads\/2020\/02\/Logo-novo-fone-1.jpg 599w, https:\/\/senoticias.com.br\/se\/wp-content\/uploads\/2020\/02\/Logo-novo-fone-1-300x39.jpg 300w\" sizes=\"(max-width: 599px) 100vw, 599px\" \/><\/a><\/p>\n<p>&nbsp;<\/p>\n<p><em><strong>A<\/strong><strong>companhe tamb\u00e9m o SE Not\u00edcias no\u00a0<a href=\"https:\/\/www.instagram.com\/senoticias\/\">Instagram<\/a>,\u00a0<a href=\"https:\/\/twitter.com\/home\">Twitter<\/a>\u00a0e no\u00a0<a href=\"https:\/\/web.facebook.com\/senoticias1\/\">Facebook<\/a><\/strong><\/em><\/p>\n<p>&nbsp;<\/p>\n<p><em>Mat\u00e9ria extra\u00edda do <a href=\"https:\/\/www.ssp.se.gov.br\/Noticias\/Detalhes?idNoticia=14910\"><strong>site<\/strong><\/a> da SSP\/SE<\/em><\/p>\n","protected":false},"excerpt":{"rendered":"<p>Sentimento de dever cumprido. Essa foi a sensa\u00e7\u00e3o de J\u00e9ssica Garcia expressada na solenidade de formatura do Curso de Forma\u00e7\u00e3o de Delegados da Pol\u00edcia Civil de Sergipe, ocorrida na manh\u00e3 desta sexta-feira, 14, no teatro Atheneu. O evento contou com diversas autoridades, concludentes do curso e familiares dos futuros profissionais da Seguran\u00e7a P\u00fablica que coordenar\u00e3o [&hellip;]<\/p>\n","protected":false},"author":6552,"featured_media":122075,"comment_status":"closed","ping_status":"closed","sticky":false,"template":"","format":"standard","meta":{"footnotes":""},"categories":[15,6,1],"tags":[14047,448,14046],"class_list":{"0":"post-122074","1":"post","2":"type-post","3":"status-publish","4":"format-standard","5":"has-post-thumbnail","7":"category-destaques","8":"category-politica","9":"category-sem-categoria","10":"tag-curso-de-formacao-de-delegados-da-policia-civil","11":"tag-governo-de-sergipe","12":"tag-novos-delegados"},"_links":{"self":[{"href":"https:\/\/senoticias.com.br\/se\/wp-json\/wp\/v2\/posts\/122074"}],"collection":[{"href":"https:\/\/senoticias.com.br\/se\/wp-json\/wp\/v2\/posts"}],"about":[{"href":"https:\/\/senoticias.com.br\/se\/wp-json\/wp\/v2\/types\/post"}],"author":[{"embeddable":true,"href":"https:\/\/senoticias.com.br\/se\/wp-json\/wp\/v2\/users\/6552"}],"replies":[{"embeddable":true,"href":"https:\/\/senoticias.com.br\/se\/wp-json\/wp\/v2\/comments?post=122074"}],"version-history":[{"count":0,"href":"https:\/\/senoticias.com.br\/se\/wp-json\/wp\/v2\/posts\/122074\/revisions"}],"wp:featuredmedia":[{"embeddable":true,"href":"https:\/\/senoticias.com.br\/se\/wp-json\/wp\/v2\/media\/122075"}],"wp:attachment":[{"href":"https:\/\/senoticias.com.br\/se\/wp-json\/wp\/v2\/media?parent=122074"}],"wp:term":[{"taxonomy":"category","embeddable":true,"href":"https:\/\/senoticias.com.br\/se\/wp-json\/wp\/v2\/categories?post=122074"},{"taxonomy":"post_tag","embeddable":true,"href":"https:\/\/senoticias.com.br\/se\/wp-json\/wp\/v2\/tags?post=122074"}],"curies":[{"name":"wp","href":"https:\/\/api.w.org\/{rel}","templated":true}]}}