{"id":121998,"date":"2020-02-10T18:03:40","date_gmt":"2020-02-10T21:03:40","guid":{"rendered":"https:\/\/senoticias.com.br\/se\/?p=121998"},"modified":"2020-02-10T18:12:10","modified_gmt":"2020-02-10T21:12:10","slug":"edital-do-concurso-publico-da-cma-ja-esta-disponivel","status":"publish","type":"post","link":"https:\/\/senoticias.com.br\/se\/edital-do-concurso-publico-da-cma-ja-esta-disponivel\/","title":{"rendered":"C\u00e2mara Municipal de Aracaju divulga edital para concurso p\u00fablico com sal\u00e1rios de at\u00e9 R$ 2.300"},"content":{"rendered":"<p style=\"text-align: justify;\">J\u00e1 est\u00e1 dispon\u00edvel no portal da C\u00e2mara Municipal de Aracaju (CMA) o edital do Concurso P\u00fablico da Casa. O documento foi publicado nesta segunda-feira, 10, e cont\u00e9m todas as informa\u00e7\u00f5es de cargos, per\u00edodo de inscri\u00e7\u00e3o e realiza\u00e7\u00e3o das provas \u2013 as primeiras da CMA em mais de 30 anos.<\/p>\n<div id=\"attachment_121420\" style=\"width: 560px\" class=\"wp-caption alignnone\"><a href=\"https:\/\/senoticias.com.br\/se\/wp-content\/uploads\/2019\/12\/prova_fotopixabay_041219-e1575488810261.jpg\"><img loading=\"lazy\" decoding=\"async\" aria-describedby=\"caption-attachment-121420\" class=\"size-full wp-image-121420\" src=\"https:\/\/senoticias.com.br\/se\/wp-content\/uploads\/2019\/12\/prova_fotopixabay_041219-e1575488810261.jpg\" alt=\"\" width=\"550\" height=\"366\" srcset=\"https:\/\/senoticias.com.br\/se\/wp-content\/uploads\/2019\/12\/prova_fotopixabay_041219-e1575488810261.jpg 550w, https:\/\/senoticias.com.br\/se\/wp-content\/uploads\/2019\/12\/prova_fotopixabay_041219-e1575488810261-300x200.jpg 300w, https:\/\/senoticias.com.br\/se\/wp-content\/uploads\/2019\/12\/prova_fotopixabay_041219-e1575488810261-90x60.jpg 90w, https:\/\/senoticias.com.br\/se\/wp-content\/uploads\/2019\/12\/prova_fotopixabay_041219-e1575488810261-180x120.jpg 180w, https:\/\/senoticias.com.br\/se\/wp-content\/uploads\/2019\/12\/prova_fotopixabay_041219-e1575488810261-95x64.jpg 95w\" sizes=\"(max-width: 550px) 100vw, 550px\" \/><\/a><p id=\"caption-attachment-121420\" class=\"wp-caption-text\">Para os todos os cargos haver\u00e1 Prova Escrita Objetiva, de car\u00e1ter eliminat\u00f3rio e classificat\u00f3rio (foto: Ag\u00eancia Brasil\/arquivo)<\/p><\/div>\n<p style=\"text-align: justify;\">O Concurso prev\u00ea<strong> 50 vagas dispon\u00edvei<\/strong>s. Destas, <strong>34 s\u00e3o para n\u00edvel m\u00e9dio e t\u00e9cnico<\/strong> e <strong>16 para n\u00edvel superior<\/strong>. Os valores da inscri\u00e7\u00e3o variam: <strong>R$ 80 para as vagas em n\u00edvel superior<\/strong> e <strong>R$ 70 para as demais<\/strong>. A Funda\u00e7\u00e3o Get\u00falio Vargas, institui\u00e7\u00e3o renomada no assunto, ser\u00e1 a respons\u00e1vel pela realiza\u00e7\u00e3o da prova.<\/p>\n<p style=\"text-align: justify;\">Desde a aprova\u00e7\u00e3o da realiza\u00e7\u00e3o do Concurso P\u00fablico, a C\u00e2mara Municipal de Aracaju passou por um processo de atualiza\u00e7\u00e3o do cronograma liderado pelo presidente da Casa, vereador Nitinho (PSD). Com isso, houve o ajuste do quadro pessoal da Casa, abrindo espa\u00e7o para a realiza\u00e7\u00e3o do aguardado certame.<\/p>\n<p style=\"text-align: justify;\">Para acessar o edital do Concurso P\u00fablico da C\u00e2mara Municipal de Aracaju, basta<a href=\"https:\/\/www.aracaju.se.leg.br\/institucional\/concurso-publico\/Editaldeabertura_CMA_27.01.20.pdf\"><span style=\"font-size: 18pt;\"><strong> clicar aqui<\/strong>.<\/span><\/a><\/p>\n<p>&nbsp;<\/p>\n<p><em><strong>A<\/strong><strong>companhe tamb\u00e9m o SE Not\u00edcias no\u00a0<a href=\"https:\/\/www.instagram.com\/senoticias\/\">Instagram<\/a>,\u00a0<a href=\"https:\/\/twitter.com\/home\">Twitter<\/a>\u00a0e no\u00a0<a href=\"https:\/\/web.facebook.com\/senoticias1\/\">Facebook<\/a>\u00a0<\/strong><\/em><\/p>\n<p>&nbsp;<\/p>\n<p><a href=\"https:\/\/senoticias.com.br\/se\/wp-content\/uploads\/2019\/12\/Logo-novo-fone.jpg\"><img loading=\"lazy\" decoding=\"async\" class=\"alignnone size-full wp-image-121259\" src=\"https:\/\/senoticias.com.br\/se\/wp-content\/uploads\/2019\/12\/Logo-novo-fone.jpg\" alt=\"\" width=\"599\" height=\"78\" srcset=\"https:\/\/senoticias.com.br\/se\/wp-content\/uploads\/2019\/12\/Logo-novo-fone.jpg 599w, https:\/\/senoticias.com.br\/se\/wp-content\/uploads\/2019\/12\/Logo-novo-fone-300x39.jpg 300w\" sizes=\"(max-width: 599px) 100vw, 599px\" \/><\/a><\/p>\n<p>&nbsp;<\/p>\n<p><em>Informa\u00e7\u00f5es extra\u00eddas do site da C\u00e2mara de Aracaju<\/em><\/p>\n<p>&nbsp;<\/p>\n<p>&nbsp;<\/p>\n","protected":false},"excerpt":{"rendered":"<p>J\u00e1 est\u00e1 dispon\u00edvel no portal da C\u00e2mara Municipal de Aracaju (CMA) o edital do Concurso P\u00fablico da Casa. O documento foi publicado nesta segunda-feira, 10, e cont\u00e9m todas as informa\u00e7\u00f5es de cargos, per\u00edodo de inscri\u00e7\u00e3o e realiza\u00e7\u00e3o das provas \u2013 as primeiras da CMA em mais de 30 anos. O Concurso prev\u00ea 50 vagas dispon\u00edveis. [&hellip;]<\/p>\n","protected":false},"author":6557,"featured_media":121420,"comment_status":"closed","ping_status":"closed","sticky":false,"template":"","format":"standard","meta":{"footnotes":""},"categories":[9,15],"tags":[5674,14005,413],"class_list":{"0":"post-121998","1":"post","2":"type-post","3":"status-publish","4":"format-standard","5":"has-post-thumbnail","7":"category-concursos","8":"category-destaques","9":"tag-camara-municipal-de-aracaju","10":"tag-concurso-camara-de-aracaju","11":"tag-concurso-publico"},"_links":{"self":[{"href":"https:\/\/senoticias.com.br\/se\/wp-json\/wp\/v2\/posts\/121998"}],"collection":[{"href":"https:\/\/senoticias.com.br\/se\/wp-json\/wp\/v2\/posts"}],"about":[{"href":"https:\/\/senoticias.com.br\/se\/wp-json\/wp\/v2\/types\/post"}],"author":[{"embeddable":true,"href":"https:\/\/senoticias.com.br\/se\/wp-json\/wp\/v2\/users\/6557"}],"replies":[{"embeddable":true,"href":"https:\/\/senoticias.com.br\/se\/wp-json\/wp\/v2\/comments?post=121998"}],"version-history":[{"count":0,"href":"https:\/\/senoticias.com.br\/se\/wp-json\/wp\/v2\/posts\/121998\/revisions"}],"wp:featuredmedia":[{"embeddable":true,"href":"https:\/\/senoticias.com.br\/se\/wp-json\/wp\/v2\/media\/121420"}],"wp:attachment":[{"href":"https:\/\/senoticias.com.br\/se\/wp-json\/wp\/v2\/media?parent=121998"}],"wp:term":[{"taxonomy":"category","embeddable":true,"href":"https:\/\/senoticias.com.br\/se\/wp-json\/wp\/v2\/categories?post=121998"},{"taxonomy":"post_tag","embeddable":true,"href":"https:\/\/senoticias.com.br\/se\/wp-json\/wp\/v2\/tags?post=121998"}],"curies":[{"name":"wp","href":"https:\/\/api.w.org\/{rel}","templated":true}]}}