{"id":121994,"date":"2020-02-11T18:59:20","date_gmt":"2020-02-11T21:59:20","guid":{"rendered":"https:\/\/senoticias.com.br\/se\/?p=121994"},"modified":"2020-02-11T19:07:43","modified_gmt":"2020-02-11T22:07:43","slug":"sao-cristovao-reduz-em-452-o-numero-de-mortes-violentas-em-2019-aponta-ssp-se","status":"publish","type":"post","link":"https:\/\/senoticias.com.br\/se\/sao-cristovao-reduz-em-452-o-numero-de-mortes-violentas-em-2019-aponta-ssp-se\/","title":{"rendered":"S\u00e3o Crist\u00f3v\u00e3o reduz em 45,2% o n\u00famero de mortes violentas em 2019, aponta SSP\/SE"},"content":{"rendered":"<p style=\"text-align: justify;\">S\u00e3o Crist\u00f3v\u00e3o fechou o ano de 2019 com uma redu\u00e7\u00e3o de<strong> 45,2%<\/strong> no n\u00famero de mortes violentas, se comparado com a taxa registrada em 2018. Com isso, o munic\u00edpio alcan\u00e7ou o melhor resultado no \u00edndice de Crimes Violentos Letais e Intencionais (CVLIs)- que engloba homic\u00eddios, latroc\u00ednios e les\u00e3o corporal seguida de morte &#8211; entre os anos de 2018 e 2019, em S\u00e3o Crist\u00f3v\u00e3o. O comparativo tamb\u00e9m mostra uma diferen\u00e7a significativa relacionada a 2019 \u2013 2016, com o 57,4%, e 2019 \u2013 2017, 52,4%, segundo a Secretaria de Seguran\u00e7a P\u00fablica de Sergipe (SSPSE).<\/p>\n<div id=\"attachment_122023\" style=\"width: 609px\" class=\"wp-caption alignnone\"><a href=\"https:\/\/senoticias.com.br\/se\/wp-content\/uploads\/2020\/02\/ssp1.jpeg\"><img loading=\"lazy\" decoding=\"async\" aria-describedby=\"caption-attachment-122023\" class=\"size-full wp-image-122023\" src=\"https:\/\/senoticias.com.br\/se\/wp-content\/uploads\/2020\/02\/ssp1.jpeg\" alt=\"\" width=\"599\" height=\"394\" srcset=\"https:\/\/senoticias.com.br\/se\/wp-content\/uploads\/2020\/02\/ssp1.jpeg 599w, https:\/\/senoticias.com.br\/se\/wp-content\/uploads\/2020\/02\/ssp1-300x197.jpeg 300w, https:\/\/senoticias.com.br\/se\/wp-content\/uploads\/2020\/02\/ssp1-90x60.jpeg 90w\" sizes=\"(max-width: 599px) 100vw, 599px\" \/><\/a><p id=\"caption-attachment-122023\" class=\"wp-caption-text\">Prefeito Marcos Santana comemora redu\u00e7\u00e3o nos \u00edndices de Viol\u00eancia em S\u00e3o Crist\u00f3v\u00e3o (foto: Heitor Xavier\/PMSC)<\/p><\/div>\n<p style=\"text-align: justify;\">A redu\u00e7\u00e3o \u00e9 fruto do trabalho realizado pelo Departamento Narc\u00f3ticos (DENARC) que atua em crimes como trafico de drogas, latroc\u00ednios, roubos e arrombamentos, o que gera uma grande rela\u00e7\u00e3o com a cadeia do tr\u00e1fico de entorpecentes, al\u00e9m do Departamento de Homic\u00eddios e Prote\u00e7\u00e3o \u00e0 Pessoa (DHPP), Cavalaria da Pol\u00edcia Militar, Grupo de A\u00e7\u00f5es T\u00e1ticas (GAT) e Grupamento Especial T\u00e1tico de Motos (GETAM).<\/p>\n<p style=\"text-align: justify;\">A atua\u00e7\u00e3o das policias e departamentos envolvidos acontece no sentido de diminuir n\u00fameros de homic\u00eddios e compartilhar \u00e0s informa\u00e7\u00f5es com o DHPP, sendo que muitas vezes, o traficante est\u00e1 envolvido com o mando da pr\u00e1tica de execu\u00e7\u00e3o.<\/p>\n<p style=\"text-align: justify;\">Um trabalho espec\u00edfico realizado pela Pol\u00edcia Militar, A\u00e7\u00f5es T\u00e1ticas (GAT) e Grupamento Especial T\u00e1tico de Motos (GETAM), em \u00e1reas de feiras, com\u00e9rcios e onde existem reclama\u00e7\u00f5es sobre \u00edndices de viol\u00eancia, tamb\u00e9m auxilia na atua\u00e7\u00e3o de combate.<\/p>\n<p style=\"text-align: justify;\">A Reda\u00e7\u00e3o do <strong>Portal SE Not\u00edcias<\/strong> conversou com o secret\u00e1rio de Estado da SSP\/SE, Dr. Jo\u00e3o Eloy de Menezes, que enfatizou a importante participa\u00e7\u00e3o da Prefeitura de S\u00e3o Crist\u00f3v\u00e3o junto ao \u00f3rg\u00e3o. \u201cO prefeito Marcos Santana nos procurou para tratar sobre o assunto. Ele tem se preocupado com a seguran\u00e7a p\u00fablica do munic\u00edpio, e se comprometeu em investir na recupera\u00e7\u00e3o de vias p\u00fablicas e ilumina\u00e7\u00e3o\u201d, disse.<\/p>\n<p>De acordo com o secret\u00e1rio, o caos instalado e o cen\u00e1rio de vulnerabilidade da popula\u00e7\u00e3o e servi\u00e7os p\u00fablicos ruins resultam em viol\u00eancia. \u201cA redu\u00e7\u00e3o passa pelos investimentos feitos pela Prefeitura\u201d, analisa.<\/p>\n<p style=\"text-align: justify;\">Em entrevista concedida ao <strong>Portal SE Not\u00edcias<\/strong>, o prefeito Marcos Santana disse que \u00e9 com muita satisfa\u00e7\u00e3o que a cidade recebe os dados, e que a prefeitura, em parceria com a SSP\/SE, vem realizando a\u00e7\u00f5es importantes na cidade, a exemplo melhoria das estradas vicinais, vias, investimento na amplia\u00e7\u00e3o e moderniza\u00e7\u00e3o da ilumina\u00e7\u00e3o p\u00fablica e na preven\u00e7\u00e3o em sala de aula, al\u00e9m da viabiliza\u00e7\u00e3o do curso de Programa Educacional de Resist\u00eancia \u00e0s Drogas e \u00e0 Viol\u00eancia (PROERD).<\/p>\n<p style=\"text-align: justify;\">\u201cAcredito que a\u00e7\u00f5es integradas geram resultados positivos. Tudo come\u00e7a na escola, e iremos sempre trabalhar para que o \u00edndice de criminalidade diminua ano ap\u00f3s ano, e que as fam\u00edlias sancristovenses possam viver uma realidade diferente\u201d.<\/p>\n<p>&nbsp;<\/p>\n<p>&nbsp;<\/p>\n<p><a href=\"https:\/\/senoticias.com.br\/se\/wp-content\/uploads\/2020\/02\/Logo-novo-fone-1.jpg\"><img loading=\"lazy\" decoding=\"async\" class=\"alignnone size-full wp-image-121966\" src=\"https:\/\/senoticias.com.br\/se\/wp-content\/uploads\/2020\/02\/Logo-novo-fone-1.jpg\" alt=\"\" width=\"599\" height=\"78\" srcset=\"https:\/\/senoticias.com.br\/se\/wp-content\/uploads\/2020\/02\/Logo-novo-fone-1.jpg 599w, https:\/\/senoticias.com.br\/se\/wp-content\/uploads\/2020\/02\/Logo-novo-fone-1-300x39.jpg 300w\" sizes=\"(max-width: 599px) 100vw, 599px\" \/><\/a><\/p>\n<p>&nbsp;<\/p>\n<p><em><strong>\u00a0 \u00a0 \u00a0 A<\/strong><strong>companhe tamb\u00e9m o SE Not\u00edcias no\u00a0<a href=\"https:\/\/www.instagram.com\/senoticias\/\">Instagram<\/a>,\u00a0<a href=\"https:\/\/twitter.com\/home\">Twitter<\/a>\u00a0e no\u00a0<a href=\"https:\/\/web.facebook.com\/senoticias1\/\">Facebook<\/a><\/strong><\/em><\/p>\n<p>&nbsp;<\/p>\n<p><em>Por Reda\u00e7\u00e3o SE Not\u00edcias<\/em><\/p>\n","protected":false},"excerpt":{"rendered":"<p>S\u00e3o Crist\u00f3v\u00e3o fechou o ano de 2019 com uma redu\u00e7\u00e3o de 45,2% no n\u00famero de mortes violentas, se comparado com a taxa registrada em 2018. Com isso, o munic\u00edpio alcan\u00e7ou o melhor resultado no \u00edndice de Crimes Violentos Letais e Intencionais (CVLIs)- que engloba homic\u00eddios, latroc\u00ednios e les\u00e3o corporal seguida de morte &#8211; entre os [&hellip;]<\/p>\n","protected":false},"author":6557,"featured_media":122023,"comment_status":"closed","ping_status":"closed","sticky":false,"template":"","format":"standard","meta":{"footnotes":""},"categories":[15,7,1],"tags":[78,86,4589,14017],"class_list":{"0":"post-121994","1":"post","2":"type-post","3":"status-publish","4":"format-standard","5":"has-post-thumbnail","7":"category-destaques","8":"category-policia","9":"category-sem-categoria","10":"tag-policia-civil","11":"tag-policia-militar","12":"tag-prefeito-marcos-santana","13":"tag-rducao-nos-indices-de-violencia-em-sao-cristovao"},"_links":{"self":[{"href":"https:\/\/senoticias.com.br\/se\/wp-json\/wp\/v2\/posts\/121994"}],"collection":[{"href":"https:\/\/senoticias.com.br\/se\/wp-json\/wp\/v2\/posts"}],"about":[{"href":"https:\/\/senoticias.com.br\/se\/wp-json\/wp\/v2\/types\/post"}],"author":[{"embeddable":true,"href":"https:\/\/senoticias.com.br\/se\/wp-json\/wp\/v2\/users\/6557"}],"replies":[{"embeddable":true,"href":"https:\/\/senoticias.com.br\/se\/wp-json\/wp\/v2\/comments?post=121994"}],"version-history":[{"count":0,"href":"https:\/\/senoticias.com.br\/se\/wp-json\/wp\/v2\/posts\/121994\/revisions"}],"wp:featuredmedia":[{"embeddable":true,"href":"https:\/\/senoticias.com.br\/se\/wp-json\/wp\/v2\/media\/122023"}],"wp:attachment":[{"href":"https:\/\/senoticias.com.br\/se\/wp-json\/wp\/v2\/media?parent=121994"}],"wp:term":[{"taxonomy":"category","embeddable":true,"href":"https:\/\/senoticias.com.br\/se\/wp-json\/wp\/v2\/categories?post=121994"},{"taxonomy":"post_tag","embeddable":true,"href":"https:\/\/senoticias.com.br\/se\/wp-json\/wp\/v2\/tags?post=121994"}],"curies":[{"name":"wp","href":"https:\/\/api.w.org\/{rel}","templated":true}]}}