{"id":121964,"date":"2020-02-07T12:18:11","date_gmt":"2020-02-07T15:18:11","guid":{"rendered":"https:\/\/senoticias.com.br\/se\/?p=121964"},"modified":"2020-02-07T12:18:11","modified_gmt":"2020-02-07T15:18:11","slug":"aracaju-tem-maior-alta-no-preco-da-cesta-basica-entre-as-capitais","status":"publish","type":"post","link":"https:\/\/senoticias.com.br\/se\/aracaju-tem-maior-alta-no-preco-da-cesta-basica-entre-as-capitais\/","title":{"rendered":"Aracaju tem maior alta no pre\u00e7o da cesta b\u00e1sica entre as capitais"},"content":{"rendered":"<p style=\"text-align: justify;\">Aracaju registrou um aumento de 4,75% no pre\u00e7o da cesta b\u00e1sica entre as 17 principais capitais do Brasil durante o m\u00eas de janeiro e liderou a lista de cidades com maior alta durante o per\u00edodo. A pesquisa que culminou nesse resultado foi divulgada pelo Departamento Intersindical de Estat\u00edstica e Estudos Socioecon\u00f4micos (DIEESE) na \u00faltima quinta-feira, 6.<\/p>\n<div id=\"attachment_121965\" style=\"width: 560px\" class=\"wp-caption aligncenter\"><a href=\"https:\/\/senoticias.com.br\/se\/wp-content\/uploads\/2020\/02\/cesta_basica_foto_infonet_050918-e1581088502279.jpg\"><img loading=\"lazy\" decoding=\"async\" aria-describedby=\"caption-attachment-121965\" class=\"size-full wp-image-121965\" src=\"https:\/\/senoticias.com.br\/se\/wp-content\/uploads\/2020\/02\/cesta_basica_foto_infonet_050918-e1581088502279.jpg\" alt=\"\" width=\"550\" height=\"356\" \/><\/a><p id=\"caption-attachment-121965\" class=\"wp-caption-text\">Apesar da alta, cesta b\u00e1sica em Aracaju permanece a mais barata do pa\u00eds. (Foto: Arquivo Infonet)<\/p><\/div>\n<p style=\"text-align: justify;\">O levantamento apontou que atualmente o aracajuano destina 38,57% do sal\u00e1rio-m\u00ednimo para a compra da cesta composta por itens b\u00e1sicos de alimenta\u00e7\u00e3o familiar e que est\u00e1 avaliada em R$ 368,69. No estudo \u00e9 poss\u00edvel verificar ainda que os alimentos que mais elevaram o pre\u00e7o da cesta b\u00e1sica na capital sergipana foram o tomate, com uma alta de 45,2%, e o quilo do a\u00e7\u00facar, registrado em 16,75%. O tomate, por exemplo, foi respons\u00e1vel por colocar Aracaju na segunda coloca\u00e7\u00e3o entre os maiores aumentos entre as cidades pesquisadas.<\/p>\n<p style=\"text-align: justify;\">Apesar da alta, o valor dos itens ainda fazem com que Aracaju tenha a cesta b\u00e1sica mais barata entre as 17 cidades pesquisadas, seguida por Salvador-BA (R$ 376,49), Jo\u00e3o Pessoa-PB (R$ 388,02) e Natal-RN (R$ 389,26).<\/p>\n<p style=\"text-align: justify;\">por Daniel Rezende, Portal SE Not\u00edcias<\/p>\n<p><a href=\"https:\/\/senoticias.com.br\/se\/wp-content\/uploads\/2020\/02\/Logo-novo-fone-1.jpg\"><img loading=\"lazy\" decoding=\"async\" class=\"size-full wp-image-121966 aligncenter\" src=\"https:\/\/senoticias.com.br\/se\/wp-content\/uploads\/2020\/02\/Logo-novo-fone-1.jpg\" alt=\"\" width=\"599\" height=\"78\" srcset=\"https:\/\/senoticias.com.br\/se\/wp-content\/uploads\/2020\/02\/Logo-novo-fone-1.jpg 599w, https:\/\/senoticias.com.br\/se\/wp-content\/uploads\/2020\/02\/Logo-novo-fone-1-300x39.jpg 300w\" sizes=\"(max-width: 599px) 100vw, 599px\" \/><\/a><\/p>\n","protected":false},"excerpt":{"rendered":"<p>Aracaju registrou um aumento de 4,75% no pre\u00e7o da cesta b\u00e1sica entre as 17 principais capitais do Brasil durante o m\u00eas de janeiro e liderou a lista de cidades com maior alta durante o per\u00edodo. A pesquisa que culminou nesse resultado foi divulgada pelo Departamento Intersindical de Estat\u00edstica e Estudos Socioecon\u00f4micos (DIEESE) na \u00faltima quinta-feira, [&hellip;]<\/p>\n","protected":false},"author":6557,"featured_media":0,"comment_status":"closed","ping_status":"closed","sticky":false,"template":"","format":"standard","meta":{"footnotes":""},"categories":[15],"tags":[13985,7929],"class_list":{"0":"post-121964","1":"post","2":"type-post","3":"status-publish","4":"format-standard","6":"category-destaques","7":"tag-alta-no-preco","8":"tag-cesta-basica"},"_links":{"self":[{"href":"https:\/\/senoticias.com.br\/se\/wp-json\/wp\/v2\/posts\/121964"}],"collection":[{"href":"https:\/\/senoticias.com.br\/se\/wp-json\/wp\/v2\/posts"}],"about":[{"href":"https:\/\/senoticias.com.br\/se\/wp-json\/wp\/v2\/types\/post"}],"author":[{"embeddable":true,"href":"https:\/\/senoticias.com.br\/se\/wp-json\/wp\/v2\/users\/6557"}],"replies":[{"embeddable":true,"href":"https:\/\/senoticias.com.br\/se\/wp-json\/wp\/v2\/comments?post=121964"}],"version-history":[{"count":0,"href":"https:\/\/senoticias.com.br\/se\/wp-json\/wp\/v2\/posts\/121964\/revisions"}],"wp:attachment":[{"href":"https:\/\/senoticias.com.br\/se\/wp-json\/wp\/v2\/media?parent=121964"}],"wp:term":[{"taxonomy":"category","embeddable":true,"href":"https:\/\/senoticias.com.br\/se\/wp-json\/wp\/v2\/categories?post=121964"},{"taxonomy":"post_tag","embeddable":true,"href":"https:\/\/senoticias.com.br\/se\/wp-json\/wp\/v2\/tags?post=121964"}],"curies":[{"name":"wp","href":"https:\/\/api.w.org\/{rel}","templated":true}]}}