{"id":121953,"date":"2020-02-06T14:50:19","date_gmt":"2020-02-06T17:50:19","guid":{"rendered":"https:\/\/senoticias.com.br\/se\/?p=121953"},"modified":"2020-02-07T06:12:11","modified_gmt":"2020-02-07T09:12:11","slug":"segundo-sequestro-a-motoristas-de-aplicativos-e-realizado-em-48-horas","status":"publish","type":"post","link":"https:\/\/senoticias.com.br\/se\/segundo-sequestro-a-motoristas-de-aplicativos-e-realizado-em-48-horas\/","title":{"rendered":"Segundo sequestro a motoristas de aplicativos \u00e9 realizado em 48 horas"},"content":{"rendered":"<p style=\"text-align: justify;\">Pela segunda vez em um intervalo de dois dias, policiais militares registraram o sequestro rel\u00e2mpago de motoristas de aplicativo em Aracaju. O segundo caso ocorreu na noite da \u00faltima quarta-feira, 5, quando policiais do Batalh\u00e3o de Radiopatrulha (BPRp) identificaram um Voyage abandonado no bairro Mosqueiro com o condutor preso no porta-malas do autom\u00f3vel.<\/p>\n<div id=\"attachment_121954\" style=\"width: 560px\" class=\"wp-caption aligncenter\"><a href=\"https:\/\/senoticias.com.br\/se\/wp-content\/uploads\/2020\/02\/motorista-aplicativo-sequestrado-aracaju-fotoradiopatrulha-06022020.jpg\"><img loading=\"lazy\" decoding=\"async\" aria-describedby=\"caption-attachment-121954\" class=\"size-full wp-image-121954\" src=\"https:\/\/senoticias.com.br\/se\/wp-content\/uploads\/2020\/02\/motorista-aplicativo-sequestrado-aracaju-fotoradiopatrulha-06022020.jpg\" alt=\"\" width=\"550\" height=\"330\" srcset=\"https:\/\/senoticias.com.br\/se\/wp-content\/uploads\/2020\/02\/motorista-aplicativo-sequestrado-aracaju-fotoradiopatrulha-06022020.jpg 550w, https:\/\/senoticias.com.br\/se\/wp-content\/uploads\/2020\/02\/motorista-aplicativo-sequestrado-aracaju-fotoradiopatrulha-06022020-300x180.jpg 300w\" sizes=\"(max-width: 550px) 100vw, 550px\" \/><\/a><p id=\"caption-attachment-121954\" class=\"wp-caption-text\">O ve\u00edculo foi recuperado e o motorista resgatado pelo Batalh\u00e3o de Radiopatrulha (Foto: BPRp)<\/p><\/div>\n<p style=\"text-align: justify;\">De acordo com a R\u00e1dio Patrulha, o motorista foi resgatado ap\u00f3s receberem a informa\u00e7\u00e3o de que havia ocorrido um assalto na Orlinha P\u00f4r do Sol, zona de expans\u00e3o de Aracaju. \u201cCom a informa\u00e7\u00e3o, v\u00e1rias equipes se deslocaram com brevidade ao local do crime e come\u00e7aram a diligenciar pelas principais rotas de fuga da regi\u00e3o, realizando uma completa varredura policial. Na rua 6, no Bairro Mosqueiro, localizaram o ve\u00edculo e fizeram uma aproxima\u00e7\u00e3o\u201d, explica o batalh\u00e3o, em nota.<\/p>\n<p style=\"text-align: justify;\">Conforme a nota do batalh\u00e3o, ap\u00f3s localizarem o condutor, os policiais prestaram a assist\u00eancia necess\u00e1ria e encaminharam o caso \u00e0 Central de Flagrantes. Os respons\u00e1veis pelo crime continuam foragidos e est\u00e3o sob investiga\u00e7\u00e3o policial. \u201cTodas as medidas legais foram adotadas e as buscas continuam sendo realizadas pela pol\u00edcia militar com o intuito de efetuar a pris\u00e3o de todos os suspeitos\u201d, finaliza.<\/p>\n<p style=\"text-align: justify;\">Primeiro caso<\/p>\n<p style=\"text-align: justify;\">Na ter\u00e7a-feira, 4, o primeiro registro de um crime dessa modalidade foi constatado no bairro Rosa Elze, em S\u00e3o Crist\u00f3v\u00e3o. Na ocasi\u00e3o, o condutor sequestrado conseguiu abrir a mala do ve\u00edculo e pulou na via, sofrendo graves ferimentos.<\/p>\n<p>Por Portal Infonet<\/p>\n<div id=\"attachment_121281\" style=\"width: 609px\" class=\"wp-caption aligncenter\"><a href=\"https:\/\/senoticias.com.br\/se\/wp-content\/uploads\/2019\/12\/Logo-novo-fone-1.jpg\"><img loading=\"lazy\" decoding=\"async\" aria-describedby=\"caption-attachment-121281\" class=\"size-full wp-image-121281\" src=\"https:\/\/senoticias.com.br\/se\/wp-content\/uploads\/2019\/12\/Logo-novo-fone-1.jpg\" alt=\"\" width=\"599\" height=\"78\" srcset=\"https:\/\/senoticias.com.br\/se\/wp-content\/uploads\/2019\/12\/Logo-novo-fone-1.jpg 599w, https:\/\/senoticias.com.br\/se\/wp-content\/uploads\/2019\/12\/Logo-novo-fone-1-300x39.jpg 300w\" sizes=\"(max-width: 599px) 100vw, 599px\" \/><\/a><p id=\"caption-attachment-121281\" class=\"wp-caption-text\"><em><strong>A<\/strong><strong>companhe tamb\u00e9m o SE Not\u00edcias no\u00a0<a href=\"https:\/\/www.instagram.com\/senoticias\/\">Instagram<\/a>,\u00a0<a href=\"https:\/\/twitter.com\/home\">Twitter<\/a>\u00a0e no\u00a0<a href=\"https:\/\/web.facebook.com\/senoticias1\/\">Facebook<\/a>\u00a0<\/strong><\/em><\/p><\/div>\n","protected":false},"excerpt":{"rendered":"<p>Pela segunda vez em um intervalo de dois dias, policiais militares registraram o sequestro rel\u00e2mpago de motoristas de aplicativo em Aracaju. O segundo caso ocorreu na noite da \u00faltima quarta-feira, 5, quando policiais do Batalh\u00e3o de Radiopatrulha (BPRp) identificaram um Voyage abandonado no bairro Mosqueiro com o condutor preso no porta-malas do autom\u00f3vel. De acordo [&hellip;]<\/p>\n","protected":false},"author":6557,"featured_media":0,"comment_status":"closed","ping_status":"closed","sticky":false,"template":"","format":"standard","meta":{"footnotes":""},"categories":[15,7],"tags":[12166,7640],"class_list":{"0":"post-121953","1":"post","2":"type-post","3":"status-publish","4":"format-standard","6":"category-destaques","7":"category-policia","8":"tag-motorista-de-aplicativo","9":"tag-sequestro"},"_links":{"self":[{"href":"https:\/\/senoticias.com.br\/se\/wp-json\/wp\/v2\/posts\/121953"}],"collection":[{"href":"https:\/\/senoticias.com.br\/se\/wp-json\/wp\/v2\/posts"}],"about":[{"href":"https:\/\/senoticias.com.br\/se\/wp-json\/wp\/v2\/types\/post"}],"author":[{"embeddable":true,"href":"https:\/\/senoticias.com.br\/se\/wp-json\/wp\/v2\/users\/6557"}],"replies":[{"embeddable":true,"href":"https:\/\/senoticias.com.br\/se\/wp-json\/wp\/v2\/comments?post=121953"}],"version-history":[{"count":0,"href":"https:\/\/senoticias.com.br\/se\/wp-json\/wp\/v2\/posts\/121953\/revisions"}],"wp:attachment":[{"href":"https:\/\/senoticias.com.br\/se\/wp-json\/wp\/v2\/media?parent=121953"}],"wp:term":[{"taxonomy":"category","embeddable":true,"href":"https:\/\/senoticias.com.br\/se\/wp-json\/wp\/v2\/categories?post=121953"},{"taxonomy":"post_tag","embeddable":true,"href":"https:\/\/senoticias.com.br\/se\/wp-json\/wp\/v2\/tags?post=121953"}],"curies":[{"name":"wp","href":"https:\/\/api.w.org\/{rel}","templated":true}]}}