{"id":121935,"date":"2020-02-05T09:27:34","date_gmt":"2020-02-05T12:27:34","guid":{"rendered":"https:\/\/senoticias.com.br\/se\/?p=121935"},"modified":"2020-02-05T20:20:18","modified_gmt":"2020-02-05T23:20:18","slug":"parte-de-aracaju-e-sao-cristovao-ficara-sem-agua-nesta-quarta-feira","status":"publish","type":"post","link":"https:\/\/senoticias.com.br\/se\/parte-de-aracaju-e-sao-cristovao-ficara-sem-agua-nesta-quarta-feira\/","title":{"rendered":"Parte de Aracaju e S\u00e3o Crist\u00f3v\u00e3o ficar\u00e1 sem \u00e1gua nesta quarta-feira"},"content":{"rendered":"<p style=\"text-align: justify;\">A Companhia de Saneamento de Sergipe \u2013 Deso informou o abastecimento de \u00e1gua ser\u00e1 interrompido nesta quarta-feira, 5, das 8h \u00e0s 13h, nos bairros Siqueira Campos e Am\u00e9rica, em Aracaju, e no Rosa Elze e Serra Pelada, em S\u00e3o Crist\u00f3v\u00e3o. O motivo \u00e9 uma manuten\u00e7\u00e3o no sistema.<\/p>\n<div id=\"attachment_121936\" style=\"width: 560px\" class=\"wp-caption aligncenter\"><a href=\"https:\/\/senoticias.com.br\/se\/wp-content\/uploads\/2020\/02\/aguatorneira_arquivo_040220-e1580858028386.jpg\"><img loading=\"lazy\" decoding=\"async\" aria-describedby=\"caption-attachment-121936\" class=\"size-full wp-image-121936\" src=\"https:\/\/senoticias.com.br\/se\/wp-content\/uploads\/2020\/02\/aguatorneira_arquivo_040220-e1580858028386.jpg\" alt=\"\" width=\"550\" height=\"366\" srcset=\"https:\/\/senoticias.com.br\/se\/wp-content\/uploads\/2020\/02\/aguatorneira_arquivo_040220-e1580858028386.jpg 550w, https:\/\/senoticias.com.br\/se\/wp-content\/uploads\/2020\/02\/aguatorneira_arquivo_040220-e1580858028386-300x200.jpg 300w, https:\/\/senoticias.com.br\/se\/wp-content\/uploads\/2020\/02\/aguatorneira_arquivo_040220-e1580858028386-90x60.jpg 90w, https:\/\/senoticias.com.br\/se\/wp-content\/uploads\/2020\/02\/aguatorneira_arquivo_040220-e1580858028386-180x120.jpg 180w, https:\/\/senoticias.com.br\/se\/wp-content\/uploads\/2020\/02\/aguatorneira_arquivo_040220-e1580858028386-95x64.jpg 95w\" sizes=\"(max-width: 550px) 100vw, 550px\" \/><\/a><p id=\"caption-attachment-121936\" class=\"wp-caption-text\">Abastecimento de \u00e1gua ser\u00e1 interrompido de 8h \u00e0s 13h (Foto: arquivo Portal Infonet)<\/p><\/div>\n<p style=\"text-align: justify;\">A regulariza\u00e7\u00e3o do abastecimento ser\u00e1 gradativa ap\u00f3s a corre\u00e7\u00e3o, que tem previs\u00e3o para finalizar \u00e0s 13 horas. Se os servi\u00e7os forem conclu\u00eddos antes do previsto, o abastecimento ser\u00e1 restabelecido sem qualquer outro aviso.A Deso recomenda a utiliza\u00e7\u00e3o econ\u00f4mica da \u00e1gua existente nas caixas d\u2019\u00e1gua e reservat\u00f3rios residenciais.<\/p>\n<p style=\"text-align: justify;\">Casos de emerg\u00eancia e pedidos de servi\u00e7os podem ser informados pelo telefone 08000790195 com prioridade para creches, hospitais, asilos e demais entidades dessa natureza.<\/p>\n<p style=\"text-align: justify;\">Com informa\u00e7\u00f5es da Deso<\/p>\n<p><a href=\"https:\/\/senoticias.com.br\/se\/wp-content\/uploads\/2019\/12\/Logo-novo-fone.jpg\"><img loading=\"lazy\" decoding=\"async\" class=\"size-full wp-image-121259 aligncenter\" src=\"https:\/\/senoticias.com.br\/se\/wp-content\/uploads\/2019\/12\/Logo-novo-fone.jpg\" alt=\"\" width=\"599\" height=\"78\" srcset=\"https:\/\/senoticias.com.br\/se\/wp-content\/uploads\/2019\/12\/Logo-novo-fone.jpg 599w, https:\/\/senoticias.com.br\/se\/wp-content\/uploads\/2019\/12\/Logo-novo-fone-300x39.jpg 300w\" sizes=\"(max-width: 599px) 100vw, 599px\" \/><\/a><br \/>\n<em><strong>A<\/strong><strong>companhe tamb\u00e9m o SE Not\u00edcias no\u00a0<a href=\"https:\/\/www.instagram.com\/senoticias\/\">Instagram<\/a>,\u00a0<a href=\"https:\/\/twitter.com\/home\">Twitter<\/a>\u00a0e no\u00a0<a href=\"https:\/\/web.facebook.com\/senoticias1\/\">Facebook<\/a><\/strong><\/em><\/p>\n","protected":false},"excerpt":{"rendered":"<p>A Companhia de Saneamento de Sergipe \u2013 Deso informou o abastecimento de \u00e1gua ser\u00e1 interrompido nesta quarta-feira, 5, das 8h \u00e0s 13h, nos bairros Siqueira Campos e Am\u00e9rica, em Aracaju, e no Rosa Elze e Serra Pelada, em S\u00e3o Crist\u00f3v\u00e3o. O motivo \u00e9 uma manuten\u00e7\u00e3o no sistema. A regulariza\u00e7\u00e3o do abastecimento ser\u00e1 gradativa ap\u00f3s a [&hellip;]<\/p>\n","protected":false},"author":6557,"featured_media":0,"comment_status":"closed","ping_status":"closed","sticky":false,"template":"","format":"standard","meta":{"footnotes":""},"categories":[6],"tags":[339,208,3871,335],"class_list":{"0":"post-121935","1":"post","2":"type-post","3":"status-publish","4":"format-standard","6":"category-politica","7":"tag-aracaju","8":"tag-deso","9":"tag-falta-de-agua","10":"tag-sao-cristovao"},"_links":{"self":[{"href":"https:\/\/senoticias.com.br\/se\/wp-json\/wp\/v2\/posts\/121935"}],"collection":[{"href":"https:\/\/senoticias.com.br\/se\/wp-json\/wp\/v2\/posts"}],"about":[{"href":"https:\/\/senoticias.com.br\/se\/wp-json\/wp\/v2\/types\/post"}],"author":[{"embeddable":true,"href":"https:\/\/senoticias.com.br\/se\/wp-json\/wp\/v2\/users\/6557"}],"replies":[{"embeddable":true,"href":"https:\/\/senoticias.com.br\/se\/wp-json\/wp\/v2\/comments?post=121935"}],"version-history":[{"count":0,"href":"https:\/\/senoticias.com.br\/se\/wp-json\/wp\/v2\/posts\/121935\/revisions"}],"wp:attachment":[{"href":"https:\/\/senoticias.com.br\/se\/wp-json\/wp\/v2\/media?parent=121935"}],"wp:term":[{"taxonomy":"category","embeddable":true,"href":"https:\/\/senoticias.com.br\/se\/wp-json\/wp\/v2\/categories?post=121935"},{"taxonomy":"post_tag","embeddable":true,"href":"https:\/\/senoticias.com.br\/se\/wp-json\/wp\/v2\/tags?post=121935"}],"curies":[{"name":"wp","href":"https:\/\/api.w.org\/{rel}","templated":true}]}}