{"id":121908,"date":"2020-02-03T19:41:42","date_gmt":"2020-02-03T22:41:42","guid":{"rendered":"https:\/\/senoticias.com.br\/se\/?p=121908"},"modified":"2020-02-03T19:42:26","modified_gmt":"2020-02-03T22:42:26","slug":"onibus-da-real-alagoas-que-saiu-de-aracaju-para-recife-pega-fogo-na-br-101-em-alagoas","status":"publish","type":"post","link":"https:\/\/senoticias.com.br\/se\/onibus-da-real-alagoas-que-saiu-de-aracaju-para-recife-pega-fogo-na-br-101-em-alagoas\/","title":{"rendered":"\u00d4nibus da Real Alagoas, que saiu de Aracaju para Recife, pega fogo na BR-101, em Alagoas"},"content":{"rendered":"<p style=\"text-align: justify;\">Um \u00f4nibus da Via\u00e7\u00e3o Real Alagoas, que saiu de Aracaju com destino a Recife, pegou fogo na BR-101, na madrugada desta segunda-feira (3), e ficou totalmente destru\u00eddo. No momento do inc\u00eandio, o \u00f4nibus transportava 26 passageiros.<\/p>\n<p style=\"text-align: justify;\">O inc\u00eandio teve inicio quando o ve\u00edculo estava em frente a um Batalh\u00e3o da Pol\u00edcia Militar, em Junqueiro, interior de Alagoas. Grande parte da bagagem foi queimada, mas ningu\u00e9m ficou ferido.<\/p>\n<div id=\"attachment_121909\" style=\"width: 609px\" class=\"wp-caption alignnone\"><a href=\"https:\/\/senoticias.com.br\/se\/wp-content\/uploads\/2020\/02\/Onibus-pega-fogo-SE-Noticias-e1580769552453.jpg\"><img loading=\"lazy\" decoding=\"async\" aria-describedby=\"caption-attachment-121909\" class=\"size-full wp-image-121909\" src=\"https:\/\/senoticias.com.br\/se\/wp-content\/uploads\/2020\/02\/Onibus-pega-fogo-SE-Noticias-e1580769552453.jpg\" alt=\"\" width=\"599\" height=\"389\" \/><\/a><p id=\"caption-attachment-121909\" class=\"wp-caption-text\">Os passageiros conseguiram sair do \u00f4nibus antes do fogo se alastrar por todo o ve\u00edculo (foto: PRF\/Alagoas)<\/p><\/div>\n<p style=\"text-align: justify;\">Uma equipe da Pol\u00edcia Rodovi\u00e1ria Federal esteve no local para orientar o tr\u00e2nsito, enquanto equipes do Corpo de Bombeiros se mobilizaram para apagar o fogo.<\/p>\n<p><strong>NOTA REAL ALAGOAS<\/strong><\/p>\n<p style=\"text-align: justify;\">A Real Alagoas esclarece que est\u00e1 apurando o que aconteceu com o ve\u00edculo na noite deste domingo (3), na cidade de Junqueiro. Aproveita tamb\u00e9m para refor\u00e7ar que todos os procedimentos de seguran\u00e7a foram feitos por parte do rodovi\u00e1rio respons\u00e1vel pelo ve\u00edculo e nenhum passageiro ficou ferido. Os passageiros receberam atendimento da empresa e logo em seguida embarcaram em outro ve\u00edculo para continuar a viagem.<\/p>\n<p>&nbsp;<\/p>\n<p><a href=\"https:\/\/senoticias.com.br\/se\/wp-content\/uploads\/2019\/12\/Logo-novo-fone.jpg\"><img loading=\"lazy\" decoding=\"async\" class=\"alignnone size-full wp-image-121259\" src=\"https:\/\/senoticias.com.br\/se\/wp-content\/uploads\/2019\/12\/Logo-novo-fone.jpg\" alt=\"\" width=\"599\" height=\"78\" srcset=\"https:\/\/senoticias.com.br\/se\/wp-content\/uploads\/2019\/12\/Logo-novo-fone.jpg 599w, https:\/\/senoticias.com.br\/se\/wp-content\/uploads\/2019\/12\/Logo-novo-fone-300x39.jpg 300w\" sizes=\"(max-width: 599px) 100vw, 599px\" \/><\/a><\/p>\n<p>&nbsp;<\/p>\n<p><em><strong>A<\/strong><strong>companhe tamb\u00e9m o SE Not\u00edcias no\u00a0<a href=\"https:\/\/www.instagram.com\/senoticias\/\">Instagram<\/a>,\u00a0<a href=\"https:\/\/twitter.com\/home\">Twitter<\/a>\u00a0e no\u00a0<a href=\"https:\/\/web.facebook.com\/senoticias1\/\">Facebook<\/a>\u00a0<\/strong><\/em><\/p>\n<p><em>Com informa\u00e7\u00f5es de Paulo Sousa e Gazeta de Alagoas<\/em><\/p>\n","protected":false},"excerpt":{"rendered":"<p>Um \u00f4nibus da Via\u00e7\u00e3o Real Alagoas, que saiu de Aracaju com destino a Recife, pegou fogo na BR-101, na madrugada desta segunda-feira (3), e ficou totalmente destru\u00eddo. No momento do inc\u00eandio, o \u00f4nibus transportava 26 passageiros. O inc\u00eandio teve inicio quando o ve\u00edculo estava em frente a um Batalh\u00e3o da Pol\u00edcia Militar, em Junqueiro, interior [&hellip;]<\/p>\n","protected":false},"author":6552,"featured_media":121909,"comment_status":"closed","ping_status":"closed","sticky":false,"template":"","format":"standard","meta":{"footnotes":""},"categories":[15,6],"tags":[13960,13961,77,13962,13963],"class_list":{"0":"post-121908","1":"post","2":"type-post","3":"status-publish","4":"format-standard","5":"has-post-thumbnail","7":"category-destaques","8":"category-politica","9":"tag-onibus-pega-fogo","10":"tag-onibus-pega-fogo-em-junqueiro","11":"tag-prf","12":"tag-real-alagoas","13":"tag-viacao-real-alagoas"},"_links":{"self":[{"href":"https:\/\/senoticias.com.br\/se\/wp-json\/wp\/v2\/posts\/121908"}],"collection":[{"href":"https:\/\/senoticias.com.br\/se\/wp-json\/wp\/v2\/posts"}],"about":[{"href":"https:\/\/senoticias.com.br\/se\/wp-json\/wp\/v2\/types\/post"}],"author":[{"embeddable":true,"href":"https:\/\/senoticias.com.br\/se\/wp-json\/wp\/v2\/users\/6552"}],"replies":[{"embeddable":true,"href":"https:\/\/senoticias.com.br\/se\/wp-json\/wp\/v2\/comments?post=121908"}],"version-history":[{"count":0,"href":"https:\/\/senoticias.com.br\/se\/wp-json\/wp\/v2\/posts\/121908\/revisions"}],"wp:featuredmedia":[{"embeddable":true,"href":"https:\/\/senoticias.com.br\/se\/wp-json\/wp\/v2\/media\/121909"}],"wp:attachment":[{"href":"https:\/\/senoticias.com.br\/se\/wp-json\/wp\/v2\/media?parent=121908"}],"wp:term":[{"taxonomy":"category","embeddable":true,"href":"https:\/\/senoticias.com.br\/se\/wp-json\/wp\/v2\/categories?post=121908"},{"taxonomy":"post_tag","embeddable":true,"href":"https:\/\/senoticias.com.br\/se\/wp-json\/wp\/v2\/tags?post=121908"}],"curies":[{"name":"wp","href":"https:\/\/api.w.org\/{rel}","templated":true}]}}