{"id":121879,"date":"2020-02-02T07:45:07","date_gmt":"2020-02-02T10:45:07","guid":{"rendered":"https:\/\/senoticias.com.br\/se\/?p=121879"},"modified":"2020-02-02T07:45:07","modified_gmt":"2020-02-02T10:45:07","slug":"em-minas-gerais-sancristovense-willian-colorado-nocauteia-deberson-e-conquista-titulo-do-jungle-fight","status":"publish","type":"post","link":"https:\/\/senoticias.com.br\/se\/em-minas-gerais-sancristovense-willian-colorado-nocauteia-deberson-e-conquista-titulo-do-jungle-fight\/","title":{"rendered":"Em Minas Gerais, sancristovense Willian &#8216;Colorado&#8217; nocauteia Deberson e conquista t\u00edtulo do Jungle Fight."},"content":{"rendered":"<p style=\"text-align: justify;\">Willian Colorado \u00e9 o novo campe\u00e3o dos penas do Jungle Fight. O sancristovense nocauteou Deberson &#8220;The Prince&#8221; Batista no segundo round pelo Jungle Fight no DAZN 101, que rolou na noite de sexta-feira, 31, no Gin\u00e1sio Campestre Yucca Clube, na cidade de Contagem, Minas Gerais.<\/p>\n<div id=\"attachment_121880\" style=\"width: 609px\" class=\"wp-caption alignnone\"><a href=\"https:\/\/senoticias.com.br\/se\/wp-content\/uploads\/2020\/02\/Wilian-Colorado-SE-Noticias-e1580640072731.jpeg\"><img loading=\"lazy\" decoding=\"async\" aria-describedby=\"caption-attachment-121880\" class=\"size-full wp-image-121880\" src=\"https:\/\/senoticias.com.br\/se\/wp-content\/uploads\/2020\/02\/Wilian-Colorado-SE-Noticias-e1580640072731.jpeg\" alt=\"\" width=\"599\" height=\"400\" \/><\/a><p id=\"caption-attachment-121880\" class=\"wp-caption-text\">Willian Colorado conquistou o cintur\u00e3o dos penas do Jungle Fight (foto: Leonardo Fabri\/ Lance)<\/p><\/div>\n<p style=\"text-align: justify;\">Willian Colorado, que na pesagem garantiu que iria nocautear o seu advers\u00e1rio, cumpriu a promessa e levou para casa o cintur\u00e3o que estava vago. Ap\u00f3s um primeiro round em que Deberson, empurrado por sua torcida, escapou de um estrangulamento nas costas e levou uma pequena vantagem, Colorado voltou mais concentrado e conseguiu aos 35 segundos aplicar um direto que levou o minero a knockdown e terminou o combate com socos no ch\u00e3o at\u00e9 a interrup\u00e7\u00e3o do juiz.<\/p>\n<p style=\"text-align: justify;\">&#8220;Eu treinei para lutar com um cara destro, mas o meu oponente passou mal no dia da passagem e eu tive o meu advers\u00e1rio trocado. O Deberson \u00e9 canhoto, atrapalhou um pouco o meu jogo no in\u00edcio, mas deu tudo certo. O The Prince \u00e9 bom pra caramba, foi uma das melhores lutas que eu j\u00e1 fiz. Estou muito feliz. Eu sou o rei da selva. Eu falo que vou nocautear e fa\u00e7o. Nunca levei uma luta para a decis\u00e3o dos ju\u00edzes, ven\u00e7o todas por nocaute&#8221;, comemorou o mais novo campe\u00e3o do Jungle.<\/p>\n<p style=\"text-align: justify;\">O sergipano &#8216;Colorado&#8217; vinha de dois triunfos consecutivos no Jungle Fight, sobre Andr\u00e9 Matos Muniz e Geberson Coutinho, respectivamente. Em sua ainda curta carreira, a jovem promessa, de 23 anos, possui apenas um rev\u00e9s, que ocorreu em sua estreia no MMA profissional, em abril de 2017.<\/p>\n<p style=\"text-align: justify;\">Com a vit\u00f3ria de sexta-feira Willian chega ao topo do MMA nacional, o atleta tupiniquim se desdobrou em trabalhos como entregador de marmita, vendedor de sorvete e mec\u00e2nico de motos.<\/p>\n<p style=\"text-align: justify;\">De origem humilde, Willian, ainda jovem, tentou seguir o sonho de quase todo menino do Brasil: se tornar jogador de futebol. No entanto, ao longo de sua trajet\u00f3ria alguns percal\u00e7os frearam o objetivo do sergipano. E foi neste per\u00edodo que Colorado conheceu o mundo das artes marciais.<\/p>\n<p>&nbsp;<\/p>\n<p><a href=\"https:\/\/senoticias.com.br\/se\/wp-content\/uploads\/2019\/12\/Logo-novo-fone.jpg\"><img loading=\"lazy\" decoding=\"async\" class=\"alignnone size-full wp-image-121259\" src=\"https:\/\/senoticias.com.br\/se\/wp-content\/uploads\/2019\/12\/Logo-novo-fone.jpg\" alt=\"\" width=\"599\" height=\"78\" srcset=\"https:\/\/senoticias.com.br\/se\/wp-content\/uploads\/2019\/12\/Logo-novo-fone.jpg 599w, https:\/\/senoticias.com.br\/se\/wp-content\/uploads\/2019\/12\/Logo-novo-fone-300x39.jpg 300w\" sizes=\"(max-width: 599px) 100vw, 599px\" \/><\/a><\/p>\n<p>&nbsp;<\/p>\n<p><em><strong>A<\/strong><strong>companhe tamb\u00e9m o SE Not\u00edcias no\u00a0<a href=\"https:\/\/www.instagram.com\/senoticias\/\">Instagram<\/a>,\u00a0<a href=\"https:\/\/twitter.com\/home\">Twitter<\/a>\u00a0e no\u00a0<a href=\"https:\/\/web.facebook.com\/senoticias1\/\">Facebook<\/a>\u00a0<\/strong><\/em><\/p>\n<p><em>Reda\u00e7\u00e3o SE Not\u00edcias, com informa\u00e7\u00f5es da ag\u00eancia Fight.<\/em><\/p>\n","protected":false},"excerpt":{"rendered":"<p>Willian Colorado \u00e9 o novo campe\u00e3o dos penas do Jungle Fight. O sancristovense nocauteou Deberson &#8220;The Prince&#8221; Batista no segundo round pelo Jungle Fight no DAZN 101, que rolou na noite de sexta-feira, 31, no Gin\u00e1sio Campestre Yucca Clube, na cidade de Contagem, Minas Gerais. Willian Colorado, que na pesagem garantiu que iria nocautear o [&hellip;]<\/p>\n","protected":false},"author":6552,"featured_media":121880,"comment_status":"closed","ping_status":"closed","sticky":false,"template":"","format":"standard","meta":{"footnotes":""},"categories":[15,26],"tags":[13952,13950,13951,13949,13948],"class_list":{"0":"post-121879","1":"post","2":"type-post","3":"status-publish","4":"format-standard","5":"has-post-thumbnail","7":"category-destaques","8":"category-esportes","9":"tag-cinturao-dos-penas-do-jungle-fight","10":"tag-jungle-fight","11":"tag-mma","12":"tag-the-prince","13":"tag-willian-colorado"},"_links":{"self":[{"href":"https:\/\/senoticias.com.br\/se\/wp-json\/wp\/v2\/posts\/121879"}],"collection":[{"href":"https:\/\/senoticias.com.br\/se\/wp-json\/wp\/v2\/posts"}],"about":[{"href":"https:\/\/senoticias.com.br\/se\/wp-json\/wp\/v2\/types\/post"}],"author":[{"embeddable":true,"href":"https:\/\/senoticias.com.br\/se\/wp-json\/wp\/v2\/users\/6552"}],"replies":[{"embeddable":true,"href":"https:\/\/senoticias.com.br\/se\/wp-json\/wp\/v2\/comments?post=121879"}],"version-history":[{"count":0,"href":"https:\/\/senoticias.com.br\/se\/wp-json\/wp\/v2\/posts\/121879\/revisions"}],"wp:featuredmedia":[{"embeddable":true,"href":"https:\/\/senoticias.com.br\/se\/wp-json\/wp\/v2\/media\/121880"}],"wp:attachment":[{"href":"https:\/\/senoticias.com.br\/se\/wp-json\/wp\/v2\/media?parent=121879"}],"wp:term":[{"taxonomy":"category","embeddable":true,"href":"https:\/\/senoticias.com.br\/se\/wp-json\/wp\/v2\/categories?post=121879"},{"taxonomy":"post_tag","embeddable":true,"href":"https:\/\/senoticias.com.br\/se\/wp-json\/wp\/v2\/tags?post=121879"}],"curies":[{"name":"wp","href":"https:\/\/api.w.org\/{rel}","templated":true}]}}