{"id":121877,"date":"2020-02-01T06:45:04","date_gmt":"2020-02-01T09:45:04","guid":{"rendered":"https:\/\/senoticias.com.br\/se\/?p=121877"},"modified":"2020-02-01T06:45:04","modified_gmt":"2020-02-01T09:45:04","slug":"corpo-de-filha-de-delegado-alagoano-e-encontrado-no-interior-de-sergipe","status":"publish","type":"post","link":"https:\/\/senoticias.com.br\/se\/corpo-de-filha-de-delegado-alagoano-e-encontrado-no-interior-de-sergipe\/","title":{"rendered":"Corpo de filha de delegado alagoano \u00e9 encontrado no interior de Sergipe"},"content":{"rendered":"<p style=\"text-align: justify;\">O corpo de uma jovem identificada como Mariana Torres, foi encontrado por um pescador \u00e0s margens do Rio S\u00e3o Francisco, no munic\u00edpio de Canhoba, regi\u00e3o do Baixo S\u00e3o Francisco de Sergipe, durante a manh\u00e3 de sexta-feira, 31.<\/p>\n<div id=\"attachment_121878\" style=\"width: 609px\" class=\"wp-caption alignnone\"><a href=\"https:\/\/senoticias.com.br\/se\/wp-content\/uploads\/2020\/02\/Mariana-Dantas-SE-Noticias-e1580549907313.jpg\"><img loading=\"lazy\" decoding=\"async\" aria-describedby=\"caption-attachment-121878\" class=\"size-full wp-image-121878\" src=\"https:\/\/senoticias.com.br\/se\/wp-content\/uploads\/2020\/02\/Mariana-Dantas-SE-Noticias-e1580549907313.jpg\" alt=\"\" width=\"599\" height=\"449\" \/><\/a><p id=\"caption-attachment-121878\" class=\"wp-caption-text\">Pescadores encontram corpo de Mariana Torres que desapareceu nas \u00e1guas do Rio S\u00e3o Francisco (foto: CBMAL)<\/p><\/div>\n<p style=\"text-align: justify;\">A v\u00edtima havia desaparecido na \u00faltima quarta-feira, 29, ap\u00f3s submergir nas \u00e1guas do rio na Prainha de Traip\u00fa, munic\u00edpio de Alagoas, e estava sendo alvo de buscas do Corpo de Bombeiros.<\/p>\n<p style=\"text-align: justify;\">A v\u00edtima \u00e9 natural de Arapiraca e foi identificada como filha do delegado da Pol\u00edcia Civil C\u00edcero Torres, lotado na Secretaria da Seguran\u00e7a P\u00fablica de Alagoas (SSP-AL).<\/p>\n<p style=\"text-align: justify;\">A Pol\u00edcia Militar de Sergipe informou que, por volta das 7h30, um pescador percebeu a presen\u00e7a do corpo e o conduziu at\u00e9 a margem, acionando a pol\u00edcia. O Instituto M\u00e9dico Legal (IML) sergipano foi acionado para recolh\u00ea-lo.<\/p>\n<p style=\"text-align: justify;\">As buscas pelo corpo de Marinha tinham sido retomadas nesta manh\u00e3. Com a identifica\u00e7\u00e3o, as buscas foram encerradas e o corpo deve ser trazido para o IML de Arapiraca, munic\u00edpio do Agreste de Alagoas.<\/p>\n<p>&nbsp;<\/p>\n<p><a href=\"https:\/\/senoticias.com.br\/se\/wp-content\/uploads\/2019\/12\/Logo-novo-fone.jpg\"><img loading=\"lazy\" decoding=\"async\" class=\"alignnone size-full wp-image-121259\" src=\"https:\/\/senoticias.com.br\/se\/wp-content\/uploads\/2019\/12\/Logo-novo-fone.jpg\" alt=\"\" width=\"599\" height=\"78\" srcset=\"https:\/\/senoticias.com.br\/se\/wp-content\/uploads\/2019\/12\/Logo-novo-fone.jpg 599w, https:\/\/senoticias.com.br\/se\/wp-content\/uploads\/2019\/12\/Logo-novo-fone-300x39.jpg 300w\" sizes=\"(max-width: 599px) 100vw, 599px\" \/><\/a><\/p>\n<p>&nbsp;<\/p>\n<p><em><strong>A<\/strong><strong>companhe tamb\u00e9m o SE Not\u00edcias no\u00a0<a href=\"https:\/\/www.instagram.com\/senoticias\/\">Instagram<\/a>,\u00a0<a href=\"https:\/\/twitter.com\/home\">Twitter<\/a>\u00a0e no\u00a0<a href=\"https:\/\/web.facebook.com\/senoticias1\/\">Facebook<\/a>\u00a0<\/strong><\/em><\/p>\n<p>&nbsp;<\/p>\n<p>&nbsp;<\/p>\n<p><em>Com informa\u00e7\u00f5es de Daniel Rezende<\/em><\/p>\n<p>&nbsp;<\/p>\n","protected":false},"excerpt":{"rendered":"<p>O corpo de uma jovem identificada como Mariana Torres, foi encontrado por um pescador \u00e0s margens do Rio S\u00e3o Francisco, no munic\u00edpio de Canhoba, regi\u00e3o do Baixo S\u00e3o Francisco de Sergipe, durante a manh\u00e3 de sexta-feira, 31. A v\u00edtima havia desaparecido na \u00faltima quarta-feira, 29, ap\u00f3s submergir nas \u00e1guas do rio na Prainha de Traip\u00fa, [&hellip;]<\/p>\n","protected":false},"author":6552,"featured_media":121878,"comment_status":"closed","ping_status":"closed","sticky":false,"template":"","format":"standard","meta":{"footnotes":""},"categories":[15,7],"tags":[13947,13946,3933],"class_list":{"0":"post-121877","1":"post","2":"type-post","3":"status-publish","4":"format-standard","5":"has-post-thumbnail","7":"category-destaques","8":"category-policia","9":"tag-filha-de-delegado-morre-afogada","10":"tag-mariana-torres","11":"tag-rio-sao-francisco"},"_links":{"self":[{"href":"https:\/\/senoticias.com.br\/se\/wp-json\/wp\/v2\/posts\/121877"}],"collection":[{"href":"https:\/\/senoticias.com.br\/se\/wp-json\/wp\/v2\/posts"}],"about":[{"href":"https:\/\/senoticias.com.br\/se\/wp-json\/wp\/v2\/types\/post"}],"author":[{"embeddable":true,"href":"https:\/\/senoticias.com.br\/se\/wp-json\/wp\/v2\/users\/6552"}],"replies":[{"embeddable":true,"href":"https:\/\/senoticias.com.br\/se\/wp-json\/wp\/v2\/comments?post=121877"}],"version-history":[{"count":0,"href":"https:\/\/senoticias.com.br\/se\/wp-json\/wp\/v2\/posts\/121877\/revisions"}],"wp:featuredmedia":[{"embeddable":true,"href":"https:\/\/senoticias.com.br\/se\/wp-json\/wp\/v2\/media\/121878"}],"wp:attachment":[{"href":"https:\/\/senoticias.com.br\/se\/wp-json\/wp\/v2\/media?parent=121877"}],"wp:term":[{"taxonomy":"category","embeddable":true,"href":"https:\/\/senoticias.com.br\/se\/wp-json\/wp\/v2\/categories?post=121877"},{"taxonomy":"post_tag","embeddable":true,"href":"https:\/\/senoticias.com.br\/se\/wp-json\/wp\/v2\/tags?post=121877"}],"curies":[{"name":"wp","href":"https:\/\/api.w.org\/{rel}","templated":true}]}}