{"id":121818,"date":"2020-01-28T09:29:15","date_gmt":"2020-01-28T12:29:15","guid":{"rendered":"https:\/\/senoticias.com.br\/se\/?p=121818"},"modified":"2020-01-28T09:29:15","modified_gmt":"2020-01-28T12:29:15","slug":"quem-vai-viajar-no-carnaval-precisa-se-vacinar-com-antecedencia","status":"publish","type":"post","link":"https:\/\/senoticias.com.br\/se\/quem-vai-viajar-no-carnaval-precisa-se-vacinar-com-antecedencia\/","title":{"rendered":"Quem vai viajar no carnaval precisa se vacinar com anteced\u00eancia"},"content":{"rendered":"<p style=\"text-align: justify;\">De acordo com a gerente de imuniza\u00e7\u00e3o da SES, Ana Lira, algumas demoram, no m\u00ednimo, dez dias para serem absorvidas pelo organismo<\/p>\n<div id=\"attachment_121820\" style=\"width: 560px\" class=\"wp-caption aligncenter\"><a href=\"https:\/\/senoticias.com.br\/se\/wp-content\/uploads\/2020\/01\/vacina-filho-pais-antivacina-600x400-e1580214402517.jpg\"><img loading=\"lazy\" decoding=\"async\" aria-describedby=\"caption-attachment-121820\" class=\"size-full wp-image-121820\" src=\"https:\/\/senoticias.com.br\/se\/wp-content\/uploads\/2020\/01\/vacina-filho-pais-antivacina-600x400-e1580214402517.jpg\" alt=\"\" width=\"550\" height=\"367\" \/><\/a><p id=\"caption-attachment-121820\" class=\"wp-caption-text\">Foto: Imagem\/ reprodu\u00e7\u00e3o internet<\/p><\/div>\n<p style=\"text-align: justify;\">O feriado de Carnaval est\u00e1 pr\u00f3ximo e, al\u00e9m de comprar as passagens para aquela viagem t\u00e3o esperada, reservar o hotel dos sonhos, o abad\u00e1 do bloco preferido, a Secretaria de Estado da Sa\u00fade (SES), por meio da Central de Imuniza\u00e7\u00e3o, alerta para a import\u00e2ncia de verificar a situa\u00e7\u00e3o da Carteira de Vacina\u00e7\u00e3o. Manter as vacinas em dia previne de doen\u00e7as graves, e, para n\u00e3o perder a energia e a disposi\u00e7\u00e3o, \u00e9 preciso aten\u00e7\u00e3o com a sa\u00fade, principalmente em \u00e1reas de muita concentra\u00e7\u00e3o de pessoas, quando o cuidado deve ser redobrado pela facilidade de transmiss\u00e3o.<\/p>\n<p style=\"text-align: justify;\">Segundo a enfermeira da Central de Imuniza\u00e7\u00e3o da SES, Ana Beatriz Lira, algumas vacinas demoram, no m\u00ednimo, dez dias para serem absorvidas pelo organismo e, caso seja necess\u00e1rio tomar mais de um tipo de vacina, \u00e9 preciso observar o intervalo de tempo entre uma e outra, que pode chegar a 30 dias.<\/p>\n<p style=\"text-align: justify;\">\u201cA orienta\u00e7\u00e3o que n\u00f3s damos \u00e9 que as pessoas que v\u00e3o viajar procurem a Unidade de Sa\u00fade com bastante anteced\u00eancia, porque h\u00e1 vacinas que levam tempo para serem ativadas no corpo. Entre a vacina da febre amarela e a tr\u00edplice viral que previne contra o sarampo, por exemplo, \u00e9 preciso que haja um intervalo de 30 dias entre a aplica\u00e7\u00e3o de uma e outra que. Como s\u00e3o feitas de v\u00edrus vivos, n\u00e3o podem ser feitas no mesmo dia\u201d, explicou a enfermeira.<\/p>\n<p style=\"text-align: justify;\">A vacina de febre amarela e de sarampo s\u00e3o as mais conhecidas, por\u00e9m existem, ainda, as que previnem contra a hepatite B e o t\u00e9tano. \u201cRecomendamos a vacina tr\u00edplice viral porque ainda h\u00e1 munic\u00edpios notificando casos de sarampo e n\u00f3s tivemos casos em 2019, sem contar as outras vacinas de adultos, como a hepatite B, que s\u00e3o tr\u00eas doses para a vida toda, e a de t\u00e9tano, tamb\u00e9m com tr\u00eas doses e mais uma de refor\u00e7o depois de 10 anos. As Unidades de Sa\u00fade avaliam o cart\u00e3o de vacina, que pode ser aquele que a m\u00e3e guardou da inf\u00e2ncia, que \u00e9 v\u00e1lido, ou o cart\u00e3o de adulto, e orientam quais as vacinas s\u00e3o necess\u00e1rias, quando e como tom\u00e1-las, de acordo com o destino de viagem, a idade e a situa\u00e7\u00e3o vacinal de cada indiv\u00edduo. A preven\u00e7\u00e3o ainda \u00e9 a melhor op\u00e7\u00e3o\u201d, refor\u00e7ou Ana Beatriz.<\/p>\n<p style=\"text-align: justify;\">Por assessoria de imprensa<\/p>\n<p><a href=\"https:\/\/senoticias.com.br\/se\/wp-content\/uploads\/2019\/12\/Logo-novo-fone.jpg\"><img loading=\"lazy\" decoding=\"async\" class=\"size-full wp-image-121259 aligncenter\" src=\"https:\/\/senoticias.com.br\/se\/wp-content\/uploads\/2019\/12\/Logo-novo-fone.jpg\" alt=\"\" width=\"599\" height=\"78\" srcset=\"https:\/\/senoticias.com.br\/se\/wp-content\/uploads\/2019\/12\/Logo-novo-fone.jpg 599w, https:\/\/senoticias.com.br\/se\/wp-content\/uploads\/2019\/12\/Logo-novo-fone-300x39.jpg 300w\" sizes=\"(max-width: 599px) 100vw, 599px\" \/><\/a><\/p>\n<p><em><strong>\u00a0 \u00a0 \u00a0 \u00a0 \u00a0 \u00a0 \u00a0 \u00a0 \u00a0 \u00a0 \u00a0 \u00a0 \u00a0 \u00a0 A<\/strong><strong>companhe tamb\u00e9m o SE Not\u00edcias no\u00a0<a href=\"https:\/\/www.instagram.com\/senoticias\/\">Instagram<\/a>,\u00a0<a href=\"https:\/\/twitter.com\/home\">Twitter<\/a>\u00a0e no\u00a0<a href=\"https:\/\/web.facebook.com\/senoticias1\/\">Facebook<\/a>\u00a0<\/strong><\/em><\/p>\n","protected":false},"excerpt":{"rendered":"<p>De acordo com a gerente de imuniza\u00e7\u00e3o da SES, Ana Lira, algumas demoram, no m\u00ednimo, dez dias para serem absorvidas pelo organismo O feriado de Carnaval est\u00e1 pr\u00f3ximo e, al\u00e9m de comprar as passagens para aquela viagem t\u00e3o esperada, reservar o hotel dos sonhos, o abad\u00e1 do bloco preferido, a Secretaria de Estado da Sa\u00fade [&hellip;]<\/p>\n","protected":false},"author":6557,"featured_media":0,"comment_status":"closed","ping_status":"closed","sticky":false,"template":"","format":"standard","meta":{"footnotes":""},"categories":[15,20],"tags":[58,554,7694],"class_list":{"0":"post-121818","1":"post","2":"type-post","3":"status-publish","4":"format-standard","6":"category-destaques","7":"category-saude","8":"tag-carnaval","9":"tag-vacina","10":"tag-viagem"},"_links":{"self":[{"href":"https:\/\/senoticias.com.br\/se\/wp-json\/wp\/v2\/posts\/121818"}],"collection":[{"href":"https:\/\/senoticias.com.br\/se\/wp-json\/wp\/v2\/posts"}],"about":[{"href":"https:\/\/senoticias.com.br\/se\/wp-json\/wp\/v2\/types\/post"}],"author":[{"embeddable":true,"href":"https:\/\/senoticias.com.br\/se\/wp-json\/wp\/v2\/users\/6557"}],"replies":[{"embeddable":true,"href":"https:\/\/senoticias.com.br\/se\/wp-json\/wp\/v2\/comments?post=121818"}],"version-history":[{"count":0,"href":"https:\/\/senoticias.com.br\/se\/wp-json\/wp\/v2\/posts\/121818\/revisions"}],"wp:attachment":[{"href":"https:\/\/senoticias.com.br\/se\/wp-json\/wp\/v2\/media?parent=121818"}],"wp:term":[{"taxonomy":"category","embeddable":true,"href":"https:\/\/senoticias.com.br\/se\/wp-json\/wp\/v2\/categories?post=121818"},{"taxonomy":"post_tag","embeddable":true,"href":"https:\/\/senoticias.com.br\/se\/wp-json\/wp\/v2\/tags?post=121818"}],"curies":[{"name":"wp","href":"https:\/\/api.w.org\/{rel}","templated":true}]}}