{"id":121814,"date":"2020-01-28T07:48:03","date_gmt":"2020-01-28T10:48:03","guid":{"rendered":"https:\/\/senoticias.com.br\/se\/?p=121814"},"modified":"2020-01-28T14:13:20","modified_gmt":"2020-01-28T17:13:20","slug":"carro-com-a-delegada-coronel-e-mais-tres-pessoas-cai-em-ribanceira-em-itaporanga","status":"publish","type":"post","link":"https:\/\/senoticias.com.br\/se\/carro-com-a-delegada-coronel-e-mais-tres-pessoas-cai-em-ribanceira-em-itaporanga\/","title":{"rendered":"Carro com delegada, coronel e mais tr\u00eas pessoas cai e capota em ribanceira em Itaporanga"},"content":{"rendered":"<p>&nbsp;<\/p>\n<p style=\"text-align: justify;\">A delegada e secretaria da Defesa e da Cidadania de Est\u00e2ncia, Georlize Teles, sofreu um acidente na noite de segunda-feira, 27, durante o trajeto de Est\u00e2ncia \u00e0 capital Aracaju, atrav\u00e9s da rodovia SE-100. Al\u00e9m dela, o superintendente da SMTT de Est\u00e2ncia, Cel. Enilson Arag\u00e3o e mais tr\u00eas pessoas tr\u00eas pessoas estavam no ve\u00edculo que veio a capotar nas proximidades da ponte Joel Silveira, ainda no munic\u00edpio de Itaporanga D&#8217;Ajuda<\/p>\n<div id=\"attachment_121815\" style=\"width: 609px\" class=\"wp-caption alignnone\"><a href=\"https:\/\/senoticias.com.br\/se\/wp-content\/uploads\/2020\/01\/Delegada-Georlize-Teles-SE-Noticias-e1580208529505.jpg\"><img loading=\"lazy\" decoding=\"async\" aria-describedby=\"caption-attachment-121815\" class=\"size-full wp-image-121815\" src=\"https:\/\/senoticias.com.br\/se\/wp-content\/uploads\/2020\/01\/Delegada-Georlize-Teles-SE-Noticias-e1580208529505.jpg\" alt=\"\" width=\"599\" height=\"449\" \/><\/a><p id=\"caption-attachment-121815\" class=\"wp-caption-text\">O ve\u00edculo com a delegada capotou duas vezes antes de cair na ribanceira (foto: arquivo\/SSP\/SE<\/p><\/div>\n<p style=\"text-align: justify;\">A informa\u00e7\u00e3o foi passada pelo seu colega, delegado Paulo M\u00e1rcio que usou as redes sociais para dizer que \u201crecebemos a informa\u00e7\u00e3o de que, no in\u00edcio da noite, o ve\u00edculo que transportava a Dra Georlize Teles, delegada de pol\u00edcia e Secret\u00e1ria de Defesa Social de Est\u00e2ncia, havia se envolvido em um acidente\u201d.<\/p>\n<p style=\"text-align: justify;\">Em conversa com Paulo M\u00e1rcio, Georlize contou que o ve\u00edculo capotou duas vezes antes de cair em uma ribanceira.<\/p>\n<p style=\"text-align: justify;\">Embora a gravidade do acidente, a delegada disse que os ocupantes do ve\u00edculo foram socorridos, tiveram atendimento m\u00e9dico e passam bem.<\/p>\n<p style=\"text-align: justify;\">\u201cGeorlize nos pediu pessoalmente para transmitir essa mensagem com o intuito de acalmar os amigos, colegas de trabalho e a sociedade em geral, al\u00e9m de agradecer a todos pelas ora\u00e7\u00f5es e preocupa\u00e7\u00e3o manifestada com a vida e a sa\u00fade de toda a equipe\u201d, contou Paulo M\u00e1rcio, no grupo de WhatsApp Caf\u00e9 com Pol\u00edtica.<\/p>\n<p style=\"text-align: justify;\">Sobre o acidente, Georlize disse que um motorista fez uma ultrapassagem for\u00e7ada e para evitar o choque frontal, o motorista do carro em que ela estava, perdeu o controle da dire\u00e7\u00e3o e caiu em uma ribanceira.<\/p>\n<p style=\"text-align: justify;\">As informa\u00e7\u00f5es passadas pela delegada Georlize, s\u00e3o de que cinco pessoas estavam no carro, sendo que quatro tiveram ferimentos leves e um Guarda Municipal quebrou o bra\u00e7o.<\/p>\n<p>&nbsp;<\/p>\n<p>&nbsp;<\/p>\n<p><a href=\"https:\/\/senoticias.com.br\/se\/wp-content\/uploads\/2019\/12\/Logo-novo-fone.jpg\"><img loading=\"lazy\" decoding=\"async\" class=\"alignnone size-full wp-image-121259\" src=\"https:\/\/senoticias.com.br\/se\/wp-content\/uploads\/2019\/12\/Logo-novo-fone.jpg\" alt=\"\" width=\"599\" height=\"78\" srcset=\"https:\/\/senoticias.com.br\/se\/wp-content\/uploads\/2019\/12\/Logo-novo-fone.jpg 599w, https:\/\/senoticias.com.br\/se\/wp-content\/uploads\/2019\/12\/Logo-novo-fone-300x39.jpg 300w\" sizes=\"(max-width: 599px) 100vw, 599px\" \/><\/a><\/p>\n<p>&nbsp;<\/p>\n<p><strong>Acompanhe tamb\u00e9m o SE Not\u00edcias no<\/strong><span class=\"apple-converted-space\"><b>\u00a0<\/b><\/span><a href=\"https:\/\/twitter.com\/Senoticias\" target=\"_blank\" rel=\"noopener\"><b>Twitter<\/b><\/a><strong>,<\/strong><span class=\"apple-converted-space\"><b>\u00a0<\/b><\/span><a href=\"https:\/\/www.facebook.com\/senoticias1\" target=\"_blank\" rel=\"noopener\"><b>Facebook<\/b><span class=\"apple-converted-space\"><b>\u00a0<\/b><\/span><\/a><strong>e no<\/strong><span class=\"apple-converted-space\"><b>\u00a0<\/b><\/span><a href=\"https:\/\/www.instagram.com\/senoticias\/\" target=\"_blank\" rel=\"noopener\"><b>Instagram<\/b><\/a><\/p>\n<p><em>Com informa\u00e7\u00f5es de Munir Darrage<\/em><\/p>\n<p>&nbsp;<\/p>\n<p style=\"text-align: justify;\">\n","protected":false},"excerpt":{"rendered":"<p>&nbsp; A delegada e secretaria da Defesa e da Cidadania de Est\u00e2ncia, Georlize Teles, sofreu um acidente na noite de segunda-feira, 27, durante o trajeto de Est\u00e2ncia \u00e0 capital Aracaju, atrav\u00e9s da rodovia SE-100. Al\u00e9m dela, o superintendente da SMTT de Est\u00e2ncia, Cel. Enilson Arag\u00e3o e mais tr\u00eas pessoas tr\u00eas pessoas estavam no ve\u00edculo que [&hellip;]<\/p>\n","protected":false},"author":6552,"featured_media":121815,"comment_status":"closed","ping_status":"closed","sticky":false,"template":"","format":"standard","meta":{"footnotes":""},"categories":[15,7],"tags":[4203,13924,13923],"class_list":{"0":"post-121814","1":"post","2":"type-post","3":"status-publish","4":"format-standard","5":"has-post-thumbnail","7":"category-destaques","8":"category-policia","9":"tag-acidente-de-transito","10":"tag-carro-capota","11":"tag-dra-georlize-teles"},"_links":{"self":[{"href":"https:\/\/senoticias.com.br\/se\/wp-json\/wp\/v2\/posts\/121814"}],"collection":[{"href":"https:\/\/senoticias.com.br\/se\/wp-json\/wp\/v2\/posts"}],"about":[{"href":"https:\/\/senoticias.com.br\/se\/wp-json\/wp\/v2\/types\/post"}],"author":[{"embeddable":true,"href":"https:\/\/senoticias.com.br\/se\/wp-json\/wp\/v2\/users\/6552"}],"replies":[{"embeddable":true,"href":"https:\/\/senoticias.com.br\/se\/wp-json\/wp\/v2\/comments?post=121814"}],"version-history":[{"count":0,"href":"https:\/\/senoticias.com.br\/se\/wp-json\/wp\/v2\/posts\/121814\/revisions"}],"wp:featuredmedia":[{"embeddable":true,"href":"https:\/\/senoticias.com.br\/se\/wp-json\/wp\/v2\/media\/121815"}],"wp:attachment":[{"href":"https:\/\/senoticias.com.br\/se\/wp-json\/wp\/v2\/media?parent=121814"}],"wp:term":[{"taxonomy":"category","embeddable":true,"href":"https:\/\/senoticias.com.br\/se\/wp-json\/wp\/v2\/categories?post=121814"},{"taxonomy":"post_tag","embeddable":true,"href":"https:\/\/senoticias.com.br\/se\/wp-json\/wp\/v2\/tags?post=121814"}],"curies":[{"name":"wp","href":"https:\/\/api.w.org\/{rel}","templated":true}]}}