{"id":121812,"date":"2020-01-27T21:59:50","date_gmt":"2020-01-28T00:59:50","guid":{"rendered":"https:\/\/senoticias.com.br\/se\/?p=121812"},"modified":"2020-01-27T21:59:50","modified_gmt":"2020-01-28T00:59:50","slug":"deputado-fabio-reis-reforca-convite-para-dr-valberto-se-filiar-ao-mdb","status":"publish","type":"post","link":"https:\/\/senoticias.com.br\/se\/deputado-fabio-reis-reforca-convite-para-dr-valberto-se-filiar-ao-mdb\/","title":{"rendered":"Deputado F\u00e1bio Reis refor\u00e7a convite para Dr. Valberto se filiar ao MDB"},"content":{"rendered":"<p style=\"text-align: justify;\">Durante o evento religioso do Bom Jesus dos Navegantes que aconteceu no \u00faltimo domingo, (26), em Propri\u00e1, o pr\u00e9-candidato a prefeito de Propri\u00e1, Dr. Valberto Lima recebeu a visita dos deputados F\u00e1bio Reis (MDB) e Adailton Martins (PSD).<\/p>\n<div id=\"attachment_121813\" style=\"width: 609px\" class=\"wp-caption alignnone\"><a href=\"https:\/\/senoticias.com.br\/se\/wp-content\/uploads\/2020\/01\/Dr-Valbeto-SE-Noticias.jpeg\"><img loading=\"lazy\" decoding=\"async\" aria-describedby=\"caption-attachment-121813\" class=\"size-full wp-image-121813\" src=\"https:\/\/senoticias.com.br\/se\/wp-content\/uploads\/2020\/01\/Dr-Valbeto-SE-Noticias-e1580173023471.jpeg\" alt=\"\" width=\"599\" height=\"623\" \/><\/a><p id=\"caption-attachment-121813\" class=\"wp-caption-text\">A convite F\u00e1vio Reis, Dr. Valberto Lima pode se filiar ao MDB (foto: divulga\u00e7\u00e3o\/MDB)<\/p><\/div>\n<p style=\"text-align: justify;\">Entre as ora\u00e7\u00f5es a Bom Jesus dos Navegantes, o coordenador da bancada federal de Sergipe, F\u00e1bio Reis, que est\u00e1 licenciado da presid\u00eancia estadual do Movimento Democr\u00e1tico Brasileiro (MDB) refor\u00e7ou o convite para que o pr\u00e9-candidato Dr. Valberto Lima ingresse no MDB para fortalecer o partido. Em suas redes sociais, F\u00e1bio externou o desejo em ver Dr. Valberto filiado ao seu partido.<\/p>\n<p style=\"text-align: justify;\">\u201cTamb\u00e9m fui deixar o meu abra\u00e7o ao amigo Dr. Valberto Lima, secret\u00e1rio de Estado da Sa\u00fade e pr\u00e9-candidato a prefeito. Aproveitei e reforcei o convite para se filiar ao MDB e fortalecer o nosso partido\u201d, enfatizou o deputado F\u00e1bio Reis.<\/p>\n<p>&nbsp;<\/p>\n<p><a href=\"https:\/\/senoticias.com.br\/se\/wp-content\/uploads\/2019\/12\/Logo-novo-fone.jpg\"><img loading=\"lazy\" decoding=\"async\" class=\"alignnone size-full wp-image-121259\" src=\"https:\/\/senoticias.com.br\/se\/wp-content\/uploads\/2019\/12\/Logo-novo-fone.jpg\" alt=\"\" width=\"599\" height=\"78\" srcset=\"https:\/\/senoticias.com.br\/se\/wp-content\/uploads\/2019\/12\/Logo-novo-fone.jpg 599w, https:\/\/senoticias.com.br\/se\/wp-content\/uploads\/2019\/12\/Logo-novo-fone-300x39.jpg 300w\" sizes=\"(max-width: 599px) 100vw, 599px\" \/><\/a><\/p>\n<p>&nbsp;<\/p>\n<p>&nbsp;<\/p>\n<p><em>Da Assessoria de imprensa<\/em><\/p>\n<p><strong>Acompanhe tamb\u00e9m o SE Not\u00edcias no<\/strong><span class=\"apple-converted-space\"><b>\u00a0<\/b><\/span><a href=\"https:\/\/twitter.com\/Senoticias\" target=\"_blank\" rel=\"noopener\"><b>Twitter<\/b><\/a><strong>,<\/strong><span class=\"apple-converted-space\"><b>\u00a0<\/b><\/span><a href=\"https:\/\/www.facebook.com\/senoticias1\" target=\"_blank\" rel=\"noopener\"><b>Facebook<\/b><span class=\"apple-converted-space\"><b>\u00a0<\/b><\/span><\/a><strong>e no<\/strong><span class=\"apple-converted-space\"><b>\u00a0<\/b><\/span><a href=\"https:\/\/www.instagram.com\/senoticias\/\" target=\"_blank\" rel=\"noopener\"><b>Instagram<\/b><\/a><\/p>\n","protected":false},"excerpt":{"rendered":"<p>Durante o evento religioso do Bom Jesus dos Navegantes que aconteceu no \u00faltimo domingo, (26), em Propri\u00e1, o pr\u00e9-candidato a prefeito de Propri\u00e1, Dr. Valberto Lima recebeu a visita dos deputados F\u00e1bio Reis (MDB) e Adailton Martins (PSD). Entre as ora\u00e7\u00f5es a Bom Jesus dos Navegantes, o coordenador da bancada federal de Sergipe, F\u00e1bio Reis, [&hellip;]<\/p>\n","protected":false},"author":6552,"featured_media":121813,"comment_status":"closed","ping_status":"closed","sticky":false,"template":"","format":"standard","meta":{"footnotes":""},"categories":[6],"tags":[13922,13699,4214,709],"class_list":{"0":"post-121812","1":"post","2":"type-post","3":"status-publish","4":"format-standard","5":"has-post-thumbnail","7":"category-politica","8":"tag-dr-valberto-lima","9":"tag-eleicoes-20202","10":"tag-fabio-reis","11":"tag-propria"},"_links":{"self":[{"href":"https:\/\/senoticias.com.br\/se\/wp-json\/wp\/v2\/posts\/121812"}],"collection":[{"href":"https:\/\/senoticias.com.br\/se\/wp-json\/wp\/v2\/posts"}],"about":[{"href":"https:\/\/senoticias.com.br\/se\/wp-json\/wp\/v2\/types\/post"}],"author":[{"embeddable":true,"href":"https:\/\/senoticias.com.br\/se\/wp-json\/wp\/v2\/users\/6552"}],"replies":[{"embeddable":true,"href":"https:\/\/senoticias.com.br\/se\/wp-json\/wp\/v2\/comments?post=121812"}],"version-history":[{"count":0,"href":"https:\/\/senoticias.com.br\/se\/wp-json\/wp\/v2\/posts\/121812\/revisions"}],"wp:featuredmedia":[{"embeddable":true,"href":"https:\/\/senoticias.com.br\/se\/wp-json\/wp\/v2\/media\/121813"}],"wp:attachment":[{"href":"https:\/\/senoticias.com.br\/se\/wp-json\/wp\/v2\/media?parent=121812"}],"wp:term":[{"taxonomy":"category","embeddable":true,"href":"https:\/\/senoticias.com.br\/se\/wp-json\/wp\/v2\/categories?post=121812"},{"taxonomy":"post_tag","embeddable":true,"href":"https:\/\/senoticias.com.br\/se\/wp-json\/wp\/v2\/tags?post=121812"}],"curies":[{"name":"wp","href":"https:\/\/api.w.org\/{rel}","templated":true}]}}