{"id":121811,"date":"2020-01-27T21:31:41","date_gmt":"2020-01-28T00:31:41","guid":{"rendered":"https:\/\/senoticias.com.br\/se\/?p=121811"},"modified":"2020-01-27T21:31:41","modified_gmt":"2020-01-28T00:31:41","slug":"universidade-federal-de-sergipe-suspende-almoco-e-jantar","status":"publish","type":"post","link":"https:\/\/senoticias.com.br\/se\/universidade-federal-de-sergipe-suspende-almoco-e-jantar\/","title":{"rendered":"Universidade Federal de Sergipe suspende almo\u00e7o e jantar"},"content":{"rendered":"<p style=\"text-align: justify;\">&#8220;A Universidade Federal de Sergipe informa \u00e0 Comunidade Universit\u00e1ria do campus de S\u00e3o Crist\u00f3v\u00e3o que a partir de 28\/01\/2020 o fornecimento de alimenta\u00e7\u00e3o (almo\u00e7o e jantar) no Resun ser\u00e1 suspenso para manuten\u00e7\u00e3o emergencial de suas c\u00e2maras frigor\u00edficas.<\/p>\n<p style=\"text-align: justify;\">Apesar da recente moderniza\u00e7\u00e3o do sistema de refrigera\u00e7\u00e3o, uma pane no sistema impossibilita a continuidade dos servi\u00e7os com seguran\u00e7a para os usu\u00e1rios.<\/p>\n<div id=\"attachment_102372\" style=\"width: 609px\" class=\"wp-caption alignnone\"><a href=\"https:\/\/senoticias.com.br\/se\/wp-content\/uploads\/2017\/04\/UFS-e1505236405867.jpg\"><img loading=\"lazy\" decoding=\"async\" aria-describedby=\"caption-attachment-102372\" class=\"size-full wp-image-102372\" src=\"https:\/\/senoticias.com.br\/se\/wp-content\/uploads\/2017\/04\/UFS-e1505236405867.jpg\" alt=\"\" width=\"599\" height=\"449\" \/><\/a><p id=\"caption-attachment-102372\" class=\"wp-caption-text\">Segundo a UFS,\u00a0 as atividades suspensas para manuten\u00e7\u00e3o emergencial de c\u00e2maras frigor\u00edficas a partir de 28\/01. (Foto: arquivo\/ Portal Se Not\u00edcias)<\/p><\/div>\n<p style=\"text-align: justify;\">Ratificamos que as provid\u00eancias est\u00e3o sendo tomadas para o restabelecimento do funcionamento do RESUN, com a m\u00e1xima brevidade.<\/p>\n<p style=\"text-align: justify;\">Prof. <strong>M\u00e1rio Adriano dos Santos<\/strong> \u2013 <strong>Pr\u00f3-Reitor de Assuntos Estudantis\/Proest<br \/>\n<\/strong>Prof. <strong>Jos\u00e9 Airto Batista<\/strong> \u2013<strong> Diretor do Resun<\/strong>\u201d<\/p>\n<p>&nbsp;<\/p>\n<p><a href=\"https:\/\/senoticias.com.br\/se\/wp-content\/uploads\/2019\/12\/Logo-novo-fone.jpg\"><img loading=\"lazy\" decoding=\"async\" class=\"alignnone size-full wp-image-121259\" src=\"https:\/\/senoticias.com.br\/se\/wp-content\/uploads\/2019\/12\/Logo-novo-fone.jpg\" alt=\"\" width=\"599\" height=\"78\" srcset=\"https:\/\/senoticias.com.br\/se\/wp-content\/uploads\/2019\/12\/Logo-novo-fone.jpg 599w, https:\/\/senoticias.com.br\/se\/wp-content\/uploads\/2019\/12\/Logo-novo-fone-300x39.jpg 300w\" sizes=\"(max-width: 599px) 100vw, 599px\" \/><\/a><\/p>\n<p>&nbsp;<\/p>\n<p><em><strong>A<\/strong><strong>companhe tamb\u00e9m o SE Not\u00edcias no\u00a0<a href=\"https:\/\/www.instagram.com\/senoticias\/\">Instagram<\/a>,\u00a0<a href=\"https:\/\/twitter.com\/home\">Twitter<\/a>\u00a0e no\u00a0<a href=\"https:\/\/web.facebook.com\/senoticias1\/\">Facebook<\/a>\u00a0<\/strong><\/em><\/p>\n<p><em>Mat\u00e9ria extra\u00edda do portal da UFS<\/em><\/p>\n","protected":false},"excerpt":{"rendered":"<p>&#8220;A Universidade Federal de Sergipe informa \u00e0 Comunidade Universit\u00e1ria do campus de S\u00e3o Crist\u00f3v\u00e3o que a partir de 28\/01\/2020 o fornecimento de alimenta\u00e7\u00e3o (almo\u00e7o e jantar) no Resun ser\u00e1 suspenso para manuten\u00e7\u00e3o emergencial de suas c\u00e2maras frigor\u00edficas. Apesar da recente moderniza\u00e7\u00e3o do sistema de refrigera\u00e7\u00e3o, uma pane no sistema impossibilita a continuidade dos servi\u00e7os com [&hellip;]<\/p>\n","protected":false},"author":6552,"featured_media":102372,"comment_status":"closed","ping_status":"closed","sticky":false,"template":"","format":"standard","meta":{"footnotes":""},"categories":[15,6],"tags":[13921,13920,13919,2299],"class_list":{"0":"post-121811","1":"post","2":"type-post","3":"status-publish","4":"format-standard","5":"has-post-thumbnail","7":"category-destaques","8":"category-politica","9":"tag-niversidade-federal-de-sergipe","10":"tag-restaurante-unversitario","11":"tag-resun","12":"tag-ufs"},"_links":{"self":[{"href":"https:\/\/senoticias.com.br\/se\/wp-json\/wp\/v2\/posts\/121811"}],"collection":[{"href":"https:\/\/senoticias.com.br\/se\/wp-json\/wp\/v2\/posts"}],"about":[{"href":"https:\/\/senoticias.com.br\/se\/wp-json\/wp\/v2\/types\/post"}],"author":[{"embeddable":true,"href":"https:\/\/senoticias.com.br\/se\/wp-json\/wp\/v2\/users\/6552"}],"replies":[{"embeddable":true,"href":"https:\/\/senoticias.com.br\/se\/wp-json\/wp\/v2\/comments?post=121811"}],"version-history":[{"count":0,"href":"https:\/\/senoticias.com.br\/se\/wp-json\/wp\/v2\/posts\/121811\/revisions"}],"wp:featuredmedia":[{"embeddable":true,"href":"https:\/\/senoticias.com.br\/se\/wp-json\/wp\/v2\/media\/102372"}],"wp:attachment":[{"href":"https:\/\/senoticias.com.br\/se\/wp-json\/wp\/v2\/media?parent=121811"}],"wp:term":[{"taxonomy":"category","embeddable":true,"href":"https:\/\/senoticias.com.br\/se\/wp-json\/wp\/v2\/categories?post=121811"},{"taxonomy":"post_tag","embeddable":true,"href":"https:\/\/senoticias.com.br\/se\/wp-json\/wp\/v2\/tags?post=121811"}],"curies":[{"name":"wp","href":"https:\/\/api.w.org\/{rel}","templated":true}]}}