{"id":121769,"date":"2020-01-26T10:57:16","date_gmt":"2020-01-26T13:57:16","guid":{"rendered":"https:\/\/senoticias.com.br\/se\/?p=121769"},"modified":"2020-01-26T11:16:57","modified_gmt":"2020-01-26T14:16:57","slug":"gilmar-carvalho-estreia-como-ancora-do-program-impacto-na-fm-jornal-nesta-segunda-feira","status":"publish","type":"post","link":"https:\/\/senoticias.com.br\/se\/gilmar-carvalho-estreia-como-ancora-do-program-impacto-na-fm-jornal-nesta-segunda-feira\/","title":{"rendered":"Gilmar Carvalho estreia como \u00e2ncora do programa Impacto na FM Jornal nesta segunda-feira"},"content":{"rendered":"<p style=\"text-align: justify;\">Nesta segunda-feira, 27, Gilmar Carvalho volta a comandar o tradicional o hor\u00e1rio jornal\u00edstico das 6h da manh\u00e3 no r\u00e1dio sergipano.<\/p>\n<p style=\"text-align: justify;\">Depois de receber convites de v\u00e1rias emissoras, desde novembro de 2019, Gilmar aceitou a proposta da FM Jornal e comandar\u00e1 o programa \u201cImpacto\u201d, nesta segunda-feira, das 6h \u00e0s 8h da manh\u00e3.<\/p>\n<div id=\"attachment_121774\" style=\"width: 609px\" class=\"wp-caption alignnone\"><a href=\"https:\/\/senoticias.com.br\/se\/wp-content\/uploads\/2020\/01\/Gilmar-Carvalho-SE-Noticias-e1580047793615.jpg\"><img loading=\"lazy\" decoding=\"async\" aria-describedby=\"caption-attachment-121774\" class=\"size-full wp-image-121774\" src=\"https:\/\/senoticias.com.br\/se\/wp-content\/uploads\/2020\/01\/Gilmar-Carvalho-SE-Noticias-e1580047793615.jpg\" alt=\"\" width=\"599\" height=\"449\" \/><\/a><p id=\"caption-attachment-121774\" class=\"wp-caption-text\">Nesta segunda, 6h da manh\u00e3, na FM Jornal, tem estreia de Gilmar Carvalho (foto: redes sociais)<\/p><\/div>\n<p style=\"text-align: justify;\">\u201cPreciso sair \u00e0s 8 horas para cumprir compromissos\u201d, disse Gilmar Carvalho.<\/p>\n<p style=\"text-align: justify;\">O programa ser\u00e1 produzido por Edilson Souza e ter\u00e1 reportagens de Eron Ribeiro e Jairo J\u00fanior.<\/p>\n<p>&nbsp;<\/p>\n<p>&nbsp;<\/p>\n<p><a href=\"https:\/\/senoticias.com.br\/se\/wp-content\/uploads\/2019\/12\/Logo-novo-fone.jpg\"><img loading=\"lazy\" decoding=\"async\" class=\"alignnone size-full wp-image-121259\" src=\"https:\/\/senoticias.com.br\/se\/wp-content\/uploads\/2019\/12\/Logo-novo-fone.jpg\" alt=\"\" width=\"599\" height=\"78\" srcset=\"https:\/\/senoticias.com.br\/se\/wp-content\/uploads\/2019\/12\/Logo-novo-fone.jpg 599w, https:\/\/senoticias.com.br\/se\/wp-content\/uploads\/2019\/12\/Logo-novo-fone-300x39.jpg 300w\" sizes=\"(max-width: 599px) 100vw, 599px\" \/><\/a><\/p>\n<p>&nbsp;<\/p>\n<p><em><strong>A<\/strong><strong>companhe tamb\u00e9m o SE Not\u00edcias no\u00a0<a href=\"https:\/\/www.instagram.com\/senoticias\/\">Instagram<\/a>,\u00a0<a href=\"https:\/\/twitter.com\/home\">Twitter<\/a>\u00a0e no\u00a0<a href=\"https:\/\/web.facebook.com\/senoticias1\/\">Facebook<\/a>\u00a0<\/strong><\/em><\/p>\n<p><em>Texto extra\u00eddo do site NE Not\u00edcias<\/em><\/p>\n","protected":false},"excerpt":{"rendered":"<p>Nesta segunda-feira, 27, Gilmar Carvalho volta a comandar o tradicional o hor\u00e1rio jornal\u00edstico das 6h da manh\u00e3 no r\u00e1dio sergipano. Depois de receber convites de v\u00e1rias emissoras, desde novembro de 2019, Gilmar aceitou a proposta da FM Jornal e comandar\u00e1 o programa \u201cImpacto\u201d, nesta segunda-feira, das 6h \u00e0s 8h da manh\u00e3. \u201cPreciso sair \u00e0s 8 [&hellip;]<\/p>\n","protected":false},"author":6552,"featured_media":121774,"comment_status":"closed","ping_status":"closed","sticky":false,"template":"","format":"standard","meta":{"footnotes":""},"categories":[15,6,1],"tags":[13907,82,13906,13908],"class_list":{"0":"post-121769","1":"post","2":"type-post","3":"status-publish","4":"format-standard","5":"has-post-thumbnail","7":"category-destaques","8":"category-politica","9":"category-sem-categoria","10":"tag-fm-jornal","11":"tag-gilmar-carvalho","12":"tag-programa-impacto","13":"tag-radio-jornal"},"_links":{"self":[{"href":"https:\/\/senoticias.com.br\/se\/wp-json\/wp\/v2\/posts\/121769"}],"collection":[{"href":"https:\/\/senoticias.com.br\/se\/wp-json\/wp\/v2\/posts"}],"about":[{"href":"https:\/\/senoticias.com.br\/se\/wp-json\/wp\/v2\/types\/post"}],"author":[{"embeddable":true,"href":"https:\/\/senoticias.com.br\/se\/wp-json\/wp\/v2\/users\/6552"}],"replies":[{"embeddable":true,"href":"https:\/\/senoticias.com.br\/se\/wp-json\/wp\/v2\/comments?post=121769"}],"version-history":[{"count":0,"href":"https:\/\/senoticias.com.br\/se\/wp-json\/wp\/v2\/posts\/121769\/revisions"}],"wp:featuredmedia":[{"embeddable":true,"href":"https:\/\/senoticias.com.br\/se\/wp-json\/wp\/v2\/media\/121774"}],"wp:attachment":[{"href":"https:\/\/senoticias.com.br\/se\/wp-json\/wp\/v2\/media?parent=121769"}],"wp:term":[{"taxonomy":"category","embeddable":true,"href":"https:\/\/senoticias.com.br\/se\/wp-json\/wp\/v2\/categories?post=121769"},{"taxonomy":"post_tag","embeddable":true,"href":"https:\/\/senoticias.com.br\/se\/wp-json\/wp\/v2\/tags?post=121769"}],"curies":[{"name":"wp","href":"https:\/\/api.w.org\/{rel}","templated":true}]}}