{"id":121762,"date":"2020-01-25T19:52:22","date_gmt":"2020-01-25T22:52:22","guid":{"rendered":"https:\/\/senoticias.com.br\/se\/?p=121762"},"modified":"2020-01-25T19:59:11","modified_gmt":"2020-01-25T22:59:11","slug":"idosa-de-66-anos-infarta-e-morre-depois-de-ter-casa-invadida-por-assaltantes-em-salgado","status":"publish","type":"post","link":"https:\/\/senoticias.com.br\/se\/idosa-de-66-anos-infarta-e-morre-depois-de-ter-casa-invadida-por-assaltantes-em-salgado\/","title":{"rendered":"Idosa de 66 anos infarta e morre depois de ter casa invadida por assaltantes em Salgado"},"content":{"rendered":"<p style=\"text-align: justify;\">Uma<strong> idosa de 66 anos<\/strong> foi encontrada morta dentro da pr\u00f3pria casa no povoado Porto do Cabral, do munic\u00edpio de Salgado, neste s\u00e1bado (25). Segundo informa\u00e7\u00f5es do sargento Edicl\u00e1udio da 2\u00aa Companhia do 6\u00ba Batalh\u00e3o de Pol\u00edcia Militar, a ocorr\u00eancia foi registrada na madrugada, quando por volta da 1h, o Ciosp acionou a pol\u00edcia e ao chegar no local, encontrou a <strong>idosa Maria da Concei\u00e7\u00e3o Santos, de 66 anos<\/strong> morta em um dos c\u00f4modos da casa.<\/p>\n<div id=\"attachment_108951\" style=\"width: 609px\" class=\"wp-caption alignnone\"><a href=\"https:\/\/senoticias.com.br\/se\/wp-content\/uploads\/2017\/12\/iml-SENOTICIAS.jpeg\"><img loading=\"lazy\" decoding=\"async\" aria-describedby=\"caption-attachment-108951\" class=\"size-full wp-image-108951\" src=\"https:\/\/senoticias.com.br\/se\/wp-content\/uploads\/2017\/12\/iml-SENOTICIAS.jpeg\" alt=\"\" width=\"599\" height=\"399\" srcset=\"https:\/\/senoticias.com.br\/se\/wp-content\/uploads\/2017\/12\/iml-SENOTICIAS.jpeg 599w, https:\/\/senoticias.com.br\/se\/wp-content\/uploads\/2017\/12\/iml-SENOTICIAS-300x200.jpeg 300w, https:\/\/senoticias.com.br\/se\/wp-content\/uploads\/2017\/12\/iml-SENOTICIAS-90x60.jpeg 90w, https:\/\/senoticias.com.br\/se\/wp-content\/uploads\/2017\/12\/iml-SENOTICIAS-180x120.jpeg 180w, https:\/\/senoticias.com.br\/se\/wp-content\/uploads\/2017\/12\/iml-SENOTICIAS-95x64.jpeg 95w\" sizes=\"(max-width: 599px) 100vw, 599px\" \/><\/a><p id=\"caption-attachment-108951\" class=\"wp-caption-text\">O corpo da mulher foi recolhido e encaminhado para o Instituto M\u00e9dico Legal (IML) em Aracaju (foto: arquivo\/M\u00e1rcio Garcez)<\/p><\/div>\n<p style=\"text-align: justify;\">Ao chegar no local, a pol\u00edcia identificou ainda que a casa havia sido arrombada, indiv\u00edduos teriam invadido pela janela. A vizinhan\u00e7a teria escutado a v\u00edtima pedir socorro. Os pertences estavam revirados, mas o filho n\u00e3o soube informar se havia sido levado algo da casa.<\/p>\n<p style=\"text-align: justify;\">A idosa morava sozinha, era vi\u00fava, e segundo depoimento do filho \u00e0 pol\u00edcia, ele mora perto e foi a primeira pessoa a chegar no local, verificou que a m\u00e3e estava com a <strong>roupa baixa<\/strong>. Somente ap\u00f3s a per\u00edcia t\u00e9cnica ser\u00e1 poss\u00edvel confirmar a causa da morte da v\u00edtima. A suspeita \u00e9 que ela tenha sofrido um infarto.<\/p>\n<p>O Instituto M\u00e9dico Legal e a pol\u00edcia t\u00e9cnica estiveram no local na manh\u00e3 deste s\u00e1bado para os procedimentos legais. O caso vai ser investigado pela pol\u00edcia civil.<\/p>\n<p style=\"text-align: justify;\">Quem tiver alguma informa\u00e7\u00e3o que possa contribuir com o trabalho da pol\u00edcia deve ligar para o Disque- Den\u00fancia pelo n\u00famero 181.<\/p>\n<p>&nbsp;<\/p>\n<p><a href=\"https:\/\/senoticias.com.br\/se\/wp-content\/uploads\/2019\/12\/Logo-novo-fone.jpg\"><img loading=\"lazy\" decoding=\"async\" class=\"alignnone size-full wp-image-121259\" src=\"https:\/\/senoticias.com.br\/se\/wp-content\/uploads\/2019\/12\/Logo-novo-fone.jpg\" alt=\"\" width=\"599\" height=\"78\" srcset=\"https:\/\/senoticias.com.br\/se\/wp-content\/uploads\/2019\/12\/Logo-novo-fone.jpg 599w, https:\/\/senoticias.com.br\/se\/wp-content\/uploads\/2019\/12\/Logo-novo-fone-300x39.jpg 300w\" sizes=\"(max-width: 599px) 100vw, 599px\" \/><\/a><\/p>\n<p>&nbsp;<\/p>\n<p><strong>Acompanhe tamb\u00e9m o SE Not\u00edcias no<\/strong><span class=\"apple-converted-space\"><b>\u00a0<\/b><\/span><a href=\"https:\/\/twitter.com\/Senoticias\" target=\"_blank\" rel=\"noopener\"><b>Twitter<\/b><\/a><strong>,<\/strong><span class=\"apple-converted-space\"><b>\u00a0<\/b><\/span><a href=\"https:\/\/www.facebook.com\/senoticias1\" target=\"_blank\" rel=\"noopener\"><b>Facebook<\/b><span class=\"apple-converted-space\"><b>\u00a0<\/b><\/span><\/a><strong>e no<\/strong><span class=\"apple-converted-space\"><b>\u00a0<\/b><\/span><a href=\"https:\/\/www.instagram.com\/senoticias\/\" target=\"_blank\" rel=\"noopener\"><b>Instagram<\/b><\/a><\/p>\n<p>&nbsp;<\/p>\n<p><em>Com informa\u00e7\u00f5es do A8SE.com<\/em><\/p>\n","protected":false},"excerpt":{"rendered":"<p>Uma idosa de 66 anos foi encontrada morta dentro da pr\u00f3pria casa no povoado Porto do Cabral, do munic\u00edpio de Salgado, neste s\u00e1bado (25). Segundo informa\u00e7\u00f5es do sargento Edicl\u00e1udio da 2\u00aa Companhia do 6\u00ba Batalh\u00e3o de Pol\u00edcia Militar, a ocorr\u00eancia foi registrada na madrugada, quando por volta da 1h, o Ciosp acionou a pol\u00edcia e [&hellip;]<\/p>\n","protected":false},"author":6552,"featured_media":103845,"comment_status":"closed","ping_status":"closed","sticky":false,"template":"","format":"standard","meta":{"footnotes":""},"categories":[15,7,1],"tags":[7426,13903,78,7949],"class_list":{"0":"post-121762","1":"post","2":"type-post","3":"status-publish","4":"format-standard","5":"has-post-thumbnail","7":"category-destaques","8":"category-policia","9":"category-sem-categoria","10":"tag-idosa-morre","11":"tag-idosa-morta","12":"tag-policia-civil","13":"tag-violencia-em-salgado"},"_links":{"self":[{"href":"https:\/\/senoticias.com.br\/se\/wp-json\/wp\/v2\/posts\/121762"}],"collection":[{"href":"https:\/\/senoticias.com.br\/se\/wp-json\/wp\/v2\/posts"}],"about":[{"href":"https:\/\/senoticias.com.br\/se\/wp-json\/wp\/v2\/types\/post"}],"author":[{"embeddable":true,"href":"https:\/\/senoticias.com.br\/se\/wp-json\/wp\/v2\/users\/6552"}],"replies":[{"embeddable":true,"href":"https:\/\/senoticias.com.br\/se\/wp-json\/wp\/v2\/comments?post=121762"}],"version-history":[{"count":0,"href":"https:\/\/senoticias.com.br\/se\/wp-json\/wp\/v2\/posts\/121762\/revisions"}],"wp:featuredmedia":[{"embeddable":true,"href":"https:\/\/senoticias.com.br\/se\/wp-json\/wp\/v2\/media\/103845"}],"wp:attachment":[{"href":"https:\/\/senoticias.com.br\/se\/wp-json\/wp\/v2\/media?parent=121762"}],"wp:term":[{"taxonomy":"category","embeddable":true,"href":"https:\/\/senoticias.com.br\/se\/wp-json\/wp\/v2\/categories?post=121762"},{"taxonomy":"post_tag","embeddable":true,"href":"https:\/\/senoticias.com.br\/se\/wp-json\/wp\/v2\/tags?post=121762"}],"curies":[{"name":"wp","href":"https:\/\/api.w.org\/{rel}","templated":true}]}}