{"id":121740,"date":"2020-01-23T07:39:52","date_gmt":"2020-01-23T10:39:52","guid":{"rendered":"https:\/\/senoticias.com.br\/se\/?p=121740"},"modified":"2020-01-23T17:54:34","modified_gmt":"2020-01-23T20:54:34","slug":"campanha-andre-moura-e-condenado-a-devolver-mais-de-r-12-milhao","status":"publish","type":"post","link":"https:\/\/senoticias.com.br\/se\/campanha-andre-moura-e-condenado-a-devolver-mais-de-r-12-milhao\/","title":{"rendered":"Andr\u00e9 Moura \u00e9 condenado a devolver R$ 1,2 milh\u00e3o aos cofres p\u00fablicos"},"content":{"rendered":"<p style=\"text-align: justify;\">O Tribunal Regional Eleitoral (TRE) de Sergipe, por maioria, rejeitou a presta\u00e7\u00e3o de contas e condenou o ex-deputado federal Andr\u00e9 Moura a devolver mais de R$ 1,2 milh\u00e3o aos cofres p\u00fablicos. De acordo com o entendimento da maioria dos desembargadores, o ex-parlamentar n\u00e3o conseguiu comprovar os gastos realizados durante a campanha eleitoral de 2018, quando Andr\u00e9 Moura disputou uma vaga no Senado.<\/p>\n<div id=\"attachment_121741\" style=\"width: 560px\" class=\"wp-caption alignnone\"><a href=\"https:\/\/senoticias.com.br\/se\/wp-content\/uploads\/2020\/01\/grande-andre_moura_deputado_federal_Ascom_Parlamentar_11082014-e1579775802211.jpg\"><img loading=\"lazy\" decoding=\"async\" aria-describedby=\"caption-attachment-121741\" class=\"size-full wp-image-121741\" src=\"https:\/\/senoticias.com.br\/se\/wp-content\/uploads\/2020\/01\/grande-andre_moura_deputado_federal_Ascom_Parlamentar_11082014-e1579775802211.jpg\" alt=\"\" width=\"550\" height=\"365\" \/><\/a><p id=\"caption-attachment-121741\" class=\"wp-caption-text\">Maioria dos membros do TRE entendem que Andr\u00e9 Moura n\u00e3o comprovou gastos<br \/>(Foto: Assessoria de Imprensa)<\/p><\/div>\n<p style=\"text-align: justify;\">Andr\u00e9 Moura recebeu R$ 2,5 milh\u00f5es do Fundo Especial de Financiamento de Campanha para tentar eleger-se senador nas elei\u00e7\u00f5es de 2018, mas foi derrotado e n\u00e3o conseguiu provar a destina\u00e7\u00e3o que deu a grande parte do volume desses recursos p\u00fablicos.<\/p>\n<p style=\"text-align: justify;\">O julgamento da presta\u00e7\u00e3o de contas do ex-deputado federal foi conclu\u00eddo nesta quarta-feira, 22. No dia 5 de dezembro do ano passado, a ju\u00edza Sandra Regina C\u00e2mara Concei\u00e7\u00e3o, relatora do processo, se manifestou pela aprova\u00e7\u00e3o das contas, mas o julgamento foi suspenso em fun\u00e7\u00e3o do pedido de vista do desembargador Di\u00f3genes Barreto. Nesta quarta-feira, o desembargador apresentou o voto de vista, divergindo em parte da ju\u00edza relatora e defendeu a reprova\u00e7\u00e3o das contas.No entendimento do desembargador, o ex-deputado federal n\u00e3o conseguiu comprovar os gastos de uma expressiva parte dos recursos p\u00fablicos que recebeu do Fundo Especial de Financiamento de Campanha. O desembargador classificou como gravidade insan\u00e1vel os problemas que detectou na presta\u00e7\u00e3o de contas pela aus\u00eancia de comprova\u00e7\u00e3o daqueles gastos e classificou que a postura do ent\u00e3o candidato se classificava como total aus\u00eancia de zelo com os recursos p\u00fablicos.<\/p>\n<p style=\"text-align: justify;\">\u00c0 exce\u00e7\u00e3o da ju\u00edza Sandra Regina C\u00e2mara, os demais membros do TRE acompanharam o entendimento do desembargador Di\u00f3genes Barreto. Al\u00e9m da reprova\u00e7\u00e3o das contas, os membros do TRE votaram para encaminhar os autos para o Minist\u00e9rio P\u00fablico Eleitoral visando a apura\u00e7\u00e3o do destino dos recursos destinados pelo Fundo Especial para financiar a campanha de Andr\u00e9 Moura ao Senado. Na \u00f3tica do desembargador, h\u00e1 d\u00favidas quanto \u00e0 presta\u00e7\u00e3o de servi\u00e7os contratados e suspeita de uso daqueles recursos em proveito pr\u00f3prio.<\/p>\n<p style=\"text-align: justify;\">O advogado M\u00e1rcio Conrado, que atua na defesa do ex-parlamentar, considera que o ent\u00e3o candidato comprovou todos os gastos realizados durante a campanha e anunciou que aguardar\u00e1 a publica\u00e7\u00e3o do ac\u00f3rd\u00e3o com a decis\u00e3o para recorrer. \u201cN\u00e3o foi uma decis\u00e3o un\u00e2nime, o relator votou pela aprova\u00e7\u00e3o\u201d, observou. \u201cVamos enfrentar para embargar essa decis\u00e3o\u201d, enalteceu.<\/p>\n<p style=\"text-align: justify;\">Contra a decis\u00e3o, cabe recursos ainda junto ao pr\u00f3prio Tribunal Regional Eleitoral em Sergipe e tamb\u00e9m no Tribunal Superior Eleitoral (TSE), em Bras\u00edlia.<\/p>\n<p style=\"text-align: justify;\"><em>por Cassia Santana, Portal Infonet\u00a0<\/em><\/p>\n<p>&nbsp;<\/p>\n<p><em><strong>\u00a0 \u00a0 \u00a0 \u00a0 \u00a0 \u00a0 \u00a0 \u00a0 \u00a0 \u00a0 \u00a0 \u00a0 \u00a0 \u00a0A<\/strong><strong>companhe tamb\u00e9m o SE Not\u00edcias no\u00a0<a href=\"https:\/\/www.instagram.com\/senoticias\/\">Instagram<\/a>,\u00a0<a href=\"https:\/\/twitter.com\/home\">Twitter<\/a>\u00a0e no\u00a0<a href=\"https:\/\/web.facebook.com\/senoticias1\/\">Facebook<\/a><\/strong><\/em><\/p>\n<p><a href=\"https:\/\/senoticias.com.br\/se\/wp-content\/uploads\/2019\/12\/Logo-novo-fone-1.jpg\"><img loading=\"lazy\" decoding=\"async\" class=\"size-full wp-image-121281\" src=\"https:\/\/senoticias.com.br\/se\/wp-content\/uploads\/2019\/12\/Logo-novo-fone-1.jpg\" alt=\"\" width=\"599\" height=\"78\" srcset=\"https:\/\/senoticias.com.br\/se\/wp-content\/uploads\/2019\/12\/Logo-novo-fone-1.jpg 599w, https:\/\/senoticias.com.br\/se\/wp-content\/uploads\/2019\/12\/Logo-novo-fone-1-300x39.jpg 300w\" sizes=\"(max-width: 599px) 100vw, 599px\" \/><\/a><\/p>\n","protected":false},"excerpt":{"rendered":"<p>O Tribunal Regional Eleitoral (TRE) de Sergipe, por maioria, rejeitou a presta\u00e7\u00e3o de contas e condenou o ex-deputado federal Andr\u00e9 Moura a devolver mais de R$ 1,2 milh\u00e3o aos cofres p\u00fablicos. De acordo com o entendimento da maioria dos desembargadores, o ex-parlamentar n\u00e3o conseguiu comprovar os gastos realizados durante a campanha eleitoral de 2018, quando [&hellip;]<\/p>\n","protected":false},"author":6557,"featured_media":0,"comment_status":"closed","ping_status":"closed","sticky":false,"template":"","format":"standard","meta":{"footnotes":""},"categories":[15,6],"tags":[772,3065,4657],"class_list":{"0":"post-121740","1":"post","2":"type-post","3":"status-publish","4":"format-standard","6":"category-destaques","7":"category-politica","8":"tag-andre-moura","9":"tag-campanha","10":"tag-condenado"},"_links":{"self":[{"href":"https:\/\/senoticias.com.br\/se\/wp-json\/wp\/v2\/posts\/121740"}],"collection":[{"href":"https:\/\/senoticias.com.br\/se\/wp-json\/wp\/v2\/posts"}],"about":[{"href":"https:\/\/senoticias.com.br\/se\/wp-json\/wp\/v2\/types\/post"}],"author":[{"embeddable":true,"href":"https:\/\/senoticias.com.br\/se\/wp-json\/wp\/v2\/users\/6557"}],"replies":[{"embeddable":true,"href":"https:\/\/senoticias.com.br\/se\/wp-json\/wp\/v2\/comments?post=121740"}],"version-history":[{"count":0,"href":"https:\/\/senoticias.com.br\/se\/wp-json\/wp\/v2\/posts\/121740\/revisions"}],"wp:attachment":[{"href":"https:\/\/senoticias.com.br\/se\/wp-json\/wp\/v2\/media?parent=121740"}],"wp:term":[{"taxonomy":"category","embeddable":true,"href":"https:\/\/senoticias.com.br\/se\/wp-json\/wp\/v2\/categories?post=121740"},{"taxonomy":"post_tag","embeddable":true,"href":"https:\/\/senoticias.com.br\/se\/wp-json\/wp\/v2\/tags?post=121740"}],"curies":[{"name":"wp","href":"https:\/\/api.w.org\/{rel}","templated":true}]}}