{"id":121734,"date":"2020-01-22T14:17:59","date_gmt":"2020-01-22T17:17:59","guid":{"rendered":"https:\/\/senoticias.com.br\/se\/?p=121734"},"modified":"2020-01-23T17:48:20","modified_gmt":"2020-01-23T20:48:20","slug":"eleitores-devem-regularizar-titulo-para-votar-em-2020","status":"publish","type":"post","link":"https:\/\/senoticias.com.br\/se\/eleitores-devem-regularizar-titulo-para-votar-em-2020\/","title":{"rendered":"Eleitores devem regularizar t\u00edtulo para votar em 2020"},"content":{"rendered":"<p style=\"text-align: justify;\">O Brasil come\u00e7a a se preparar para as Elei\u00e7\u00f5es Municipais de 2020. Faltam apenas nove meses para mais de 146 milh\u00f5es de eleitores irem \u00e0s urnas para eleger os vereadores, os prefeitos e os vice-prefeitos dos 5.568 munic\u00edpios brasileiros. Contudo, para votar em outubro pr\u00f3ximo, o eleitor precisa estar com a situa\u00e7\u00e3o regular na Justi\u00e7a Eleitoral (JE).<\/p>\n<div id=\"attachment_121735\" style=\"width: 553px\" class=\"wp-caption alignnone\"><a href=\"https:\/\/senoticias.com.br\/se\/wp-content\/uploads\/2020\/01\/titulodeeleitor_fototse_240519.jpeg\"><img loading=\"lazy\" decoding=\"async\" aria-describedby=\"caption-attachment-121735\" class=\"wp-image-121735 size-full\" src=\"https:\/\/senoticias.com.br\/se\/wp-content\/uploads\/2020\/01\/titulodeeleitor_fototse_240519.jpeg\" alt=\"\" width=\"543\" height=\"263\" srcset=\"https:\/\/senoticias.com.br\/se\/wp-content\/uploads\/2020\/01\/titulodeeleitor_fototse_240519.jpeg 543w, https:\/\/senoticias.com.br\/se\/wp-content\/uploads\/2020\/01\/titulodeeleitor_fototse_240519-300x145.jpeg 300w\" sizes=\"(max-width: 543px) 100vw, 543px\" \/><\/a><p id=\"caption-attachment-121735\" class=\"wp-caption-text\">Consulte sua situa\u00e7\u00e3o eleitoral no Portal do TSE. O servi\u00e7o \u00e9 gratuito (Foto: TSE)<\/p><\/div>\n<p style=\"text-align: justify;\">Em maio do ano passado, a Justi\u00e7a Eleitoral cancelou mais de 2,4 milh\u00f5es de t\u00edtulos de eleitores em situa\u00e7\u00e3o irregular. O t\u00edtulo \u00e9 cancelado quando o eleitor deixa de votar e de justificar a aus\u00eancia \u00e0s urnas por tr\u00eas elei\u00e7\u00f5es consecutivas. \u00c9 importante lembrar que cada turno de um pleito \u00e9 considerado, para tanto, uma elei\u00e7\u00e3o diferente.<\/p>\n<p style=\"text-align: justify;\">A regularidade do t\u00edtulo de eleitor \u00e9 uma exig\u00eancia para obter diversos outros documentos. Por isso, o ideal \u00e9 evitar o cancelamento do t\u00edtulo, normalizando o quanto antes a situa\u00e7\u00e3o no cart\u00f3rio eleitoral. Assim, o eleitor que tenha deixado de votar em alguma elei\u00e7\u00e3o ou tenha d\u00favidas se est\u00e1 em dia com suas obriga\u00e7\u00f5es eleitorais pode consultar a sua situa\u00e7\u00e3o no Portal do Tribunal Superior Eleitoral na internet.<\/p>\n<p style=\"text-align: justify;\">Se tiver o t\u00edtulo cancelado, para regularizar essa situa\u00e7\u00e3o, o eleitor dever\u00e1 comparecer a um cart\u00f3rio eleitoral, apresentar um documento de identifica\u00e7\u00e3o com foto e um comprovante de resid\u00eancia e preencher o Requerimento de Alistamento Eleitoral (RAE). Em seguida, dever\u00e1 pagar multa no valor de R$ 3,51 por turno que tenha faltado \u00e0 vota\u00e7\u00e3o.<\/p>\n<p style=\"text-align: justify;\">Para votar nas Elei\u00e7\u00f5es de 2020, o eleitor deve normalizar sua situa\u00e7\u00e3o at\u00e9 o dia 6 de maio (151 dias antes do pleito). A data tamb\u00e9m marca o prazo para emiss\u00e3o do t\u00edtulo, altera\u00e7\u00e3o de dados cadastrais e transfer\u00eancia do domic\u00edlio eleitoral.Quita\u00e7\u00e3o eleitoral<\/p>\n<p style=\"text-align: justify;\">O TSE oferece, em sua p\u00e1gina eletr\u00f4nica, a emiss\u00e3o de certid\u00e3o de quita\u00e7\u00e3o eleitoral. Para acess\u00e1-la, \u00e9 preciso clicar na op\u00e7\u00e3o Eleitor e Elei\u00e7\u00f5es e, em seguida, acessar o menu Certid\u00f5es &gt; Quita\u00e7\u00e3o eleitoral. O sistema solicitar\u00e1 o preenchimento de algumas informa\u00e7\u00f5es pessoais, como o nome completo e a data de nascimento.<\/p>\n<p style=\"text-align: justify;\">Consequ\u00eancias para quem tiver o t\u00edtulo cancelado<\/p>\n<p style=\"text-align: justify;\">O t\u00edtulo de eleitor tamb\u00e9m precisa estar regular para que o cidad\u00e3o esteja em dia com outros documentos, tais como passaporte e carteira de identidade.<\/p>\n<p style=\"text-align: justify;\">A regularidade do t\u00edtulo \u00e9 exigida para: obten\u00e7\u00e3o de empr\u00e9stimos em qualquer estabelecimento de cr\u00e9dito mantido pelo governo; inscri\u00e7\u00e3o em concurso p\u00fablico, investidura e posse em cargo ou fun\u00e7\u00e3o p\u00fablica; renova\u00e7\u00e3o de matr\u00edcula em estabelecimento de ensino oficial ou fiscalizado pelo governo; e pr\u00e1tica de qualquer ato para o qual se exija quita\u00e7\u00e3o do servi\u00e7o militar ou Imposto de Renda, entre outros.<\/p>\n<p>Fonte: TSE<\/p>\n<div id=\"attachment_121281\" style=\"width: 609px\" class=\"wp-caption aligncenter\"><a href=\"https:\/\/senoticias.com.br\/se\/wp-content\/uploads\/2019\/12\/Logo-novo-fone-1.jpg\"><img loading=\"lazy\" decoding=\"async\" aria-describedby=\"caption-attachment-121281\" class=\"wp-image-121281 size-full\" src=\"https:\/\/senoticias.com.br\/se\/wp-content\/uploads\/2019\/12\/Logo-novo-fone-1.jpg\" alt=\"\" width=\"599\" height=\"78\" srcset=\"https:\/\/senoticias.com.br\/se\/wp-content\/uploads\/2019\/12\/Logo-novo-fone-1.jpg 599w, https:\/\/senoticias.com.br\/se\/wp-content\/uploads\/2019\/12\/Logo-novo-fone-1-300x39.jpg 300w\" sizes=\"(max-width: 599px) 100vw, 599px\" \/><\/a><p id=\"caption-attachment-121281\" class=\"wp-caption-text\"><em><strong>A<\/strong><strong>companhe tamb\u00e9m o SE Not\u00edcias no\u00a0<a href=\"https:\/\/www.instagram.com\/senoticias\/\">Instagram<\/a>,\u00a0<a href=\"https:\/\/twitter.com\/home\">Twitter<\/a>\u00a0e no\u00a0<a href=\"https:\/\/web.facebook.com\/senoticias1\/\">Facebook<\/a><\/strong><\/em><\/p><\/div>\n","protected":false},"excerpt":{"rendered":"<p>O Brasil come\u00e7a a se preparar para as Elei\u00e7\u00f5es Municipais de 2020. Faltam apenas nove meses para mais de 146 milh\u00f5es de eleitores irem \u00e0s urnas para eleger os vereadores, os prefeitos e os vice-prefeitos dos 5.568 munic\u00edpios brasileiros. Contudo, para votar em outubro pr\u00f3ximo, o eleitor precisa estar com a situa\u00e7\u00e3o regular na Justi\u00e7a [&hellip;]<\/p>\n","protected":false},"author":6557,"featured_media":0,"comment_status":"closed","ping_status":"closed","sticky":false,"template":"","format":"standard","meta":{"footnotes":""},"categories":[15,6],"tags":[9822,9289,550],"class_list":{"0":"post-121734","1":"post","2":"type-post","3":"status-publish","4":"format-standard","6":"category-destaques","7":"category-politica","8":"tag-regularizar","9":"tag-titulo-de-eleitor","10":"tag-tse"},"_links":{"self":[{"href":"https:\/\/senoticias.com.br\/se\/wp-json\/wp\/v2\/posts\/121734"}],"collection":[{"href":"https:\/\/senoticias.com.br\/se\/wp-json\/wp\/v2\/posts"}],"about":[{"href":"https:\/\/senoticias.com.br\/se\/wp-json\/wp\/v2\/types\/post"}],"author":[{"embeddable":true,"href":"https:\/\/senoticias.com.br\/se\/wp-json\/wp\/v2\/users\/6557"}],"replies":[{"embeddable":true,"href":"https:\/\/senoticias.com.br\/se\/wp-json\/wp\/v2\/comments?post=121734"}],"version-history":[{"count":0,"href":"https:\/\/senoticias.com.br\/se\/wp-json\/wp\/v2\/posts\/121734\/revisions"}],"wp:attachment":[{"href":"https:\/\/senoticias.com.br\/se\/wp-json\/wp\/v2\/media?parent=121734"}],"wp:term":[{"taxonomy":"category","embeddable":true,"href":"https:\/\/senoticias.com.br\/se\/wp-json\/wp\/v2\/categories?post=121734"},{"taxonomy":"post_tag","embeddable":true,"href":"https:\/\/senoticias.com.br\/se\/wp-json\/wp\/v2\/tags?post=121734"}],"curies":[{"name":"wp","href":"https:\/\/api.w.org\/{rel}","templated":true}]}}