{"id":121700,"date":"2020-01-21T05:32:19","date_gmt":"2020-01-21T08:32:19","guid":{"rendered":"https:\/\/senoticias.com.br\/se\/?p=121700"},"modified":"2020-01-21T05:37:20","modified_gmt":"2020-01-21T08:37:20","slug":"prazo-para-licenciamento-anual-2020-com-desconto-sera-13-de-marco","status":"publish","type":"post","link":"https:\/\/senoticias.com.br\/se\/prazo-para-licenciamento-anual-2020-com-desconto-sera-13-de-marco\/","title":{"rendered":"Prazo para Licenciamento Anual 2020 com desconto ser\u00e1 13 de mar\u00e7o"},"content":{"rendered":"<p style=\"text-align: justify;\">O prazo para pagamento do Licenciamento Anual 2020 com o desconto de 10% no Imposto sobre a Propriedade de Ve\u00edculo Automotor (IPVA) foi prorrogado para o dia 13 de mar\u00e7o. A decis\u00e3o, tomada pela Secretaria de Estado da Fazenda (Sefaz\/SE) em parceria com o Departamento Estadual de Tr\u00e2nsito (Detran\/SE), foi necess\u00e1ria devido \u00e0 altera\u00e7\u00e3o no valor do Seguro DPVAT que impossibilitou o envio antecipado do Documento \u00danico de Arrecada\u00e7\u00e3o (DUA) para as resid\u00eancias dos propriet\u00e1rios de ve\u00edculos.<\/p>\n<div id=\"attachment_121701\" style=\"width: 609px\" class=\"wp-caption alignnone\"><a href=\"https:\/\/senoticias.com.br\/se\/wp-content\/uploads\/2020\/01\/Detran-SE-Not\u00edcias-e1579595640694.jpg\"><img loading=\"lazy\" decoding=\"async\" aria-describedby=\"caption-attachment-121701\" class=\"size-full wp-image-121701\" src=\"https:\/\/senoticias.com.br\/se\/wp-content\/uploads\/2020\/01\/Detran-SE-Not\u00edcias-e1579595640694.jpg\" alt=\"\" width=\"599\" height=\"599\" \/><\/a><p id=\"caption-attachment-121701\" class=\"wp-caption-text\">O valor do Licenciamento com desconto pode ser tamb\u00e9m parcelado com cart\u00e3o de cr\u00e9dito (foto: Detran)<\/p><\/div>\n<p style=\"text-align: justify;\">Entretanto, quem pretende pagar o Licenciamento com o desconto de 10% no IPVA n\u00e3o precisa aguardar a chegada do boleto em casa, podendo imprimir o DUA atrav\u00e9s do site (<a href=\"http:\/\/www.detran.se.gov.br\/\"><span style=\"color: #ff0000;\"><strong>www.detran.se.gov.br<\/strong><\/span><\/a>) e dos totens do Detran\/SE e do Banese. O valor do Licenciamento com desconto pode ser tamb\u00e9m parcelado com cart\u00e3o de cr\u00e9dito atrav\u00e9s das prestadoras de servi\u00e7o que devem ser acessadas pelo site do Detran na op\u00e7\u00e3o SERVI\u00c7OS DE VE\u00cdCULOS &gt; Pagamento de Documento de Arrecada\u00e7\u00e3o com Cart\u00e3o de Cr\u00e9dito.<\/p>\n<p style=\"text-align: justify;\">Caso o propriet\u00e1rio opte por aguardar o m\u00eas do final de placa para efetuar o pagamento integral sem desconto, pode acompanhar a tabela no site do Detran\/SE, onde tamb\u00e9m pode solicitar a impress\u00e3o do DUA no m\u00eas correspondente.<\/p>\n<p>&nbsp;<\/p>\n<p><a href=\"https:\/\/senoticias.com.br\/se\/wp-content\/uploads\/2019\/12\/Logo-novo-fone.jpg\"><img loading=\"lazy\" decoding=\"async\" class=\"alignnone size-full wp-image-121259\" src=\"https:\/\/senoticias.com.br\/se\/wp-content\/uploads\/2019\/12\/Logo-novo-fone.jpg\" alt=\"\" width=\"599\" height=\"78\" srcset=\"https:\/\/senoticias.com.br\/se\/wp-content\/uploads\/2019\/12\/Logo-novo-fone.jpg 599w, https:\/\/senoticias.com.br\/se\/wp-content\/uploads\/2019\/12\/Logo-novo-fone-300x39.jpg 300w\" sizes=\"(max-width: 599px) 100vw, 599px\" \/><\/a><\/p>\n<p>&nbsp;<\/p>\n<p><em><strong>A<\/strong><strong>companhe tamb\u00e9m o SE Not\u00edcias no\u00a0<a href=\"https:\/\/www.instagram.com\/senoticias\/\">Instagram<\/a>,\u00a0<a href=\"https:\/\/twitter.com\/home\">Twitter<\/a>\u00a0e no\u00a0<a href=\"https:\/\/web.facebook.com\/senoticias1\/\">Facebook<\/a>\u00a0<\/strong><\/em><\/p>\n<p>&nbsp;<\/p>\n<p><em>Mat\u00e9ria extra\u00edda do site do Detran\/SE<\/em><\/p>\n","protected":false},"excerpt":{"rendered":"<p>O prazo para pagamento do Licenciamento Anual 2020 com o desconto de 10% no Imposto sobre a Propriedade de Ve\u00edculo Automotor (IPVA) foi prorrogado para o dia 13 de mar\u00e7o. A decis\u00e3o, tomada pela Secretaria de Estado da Fazenda (Sefaz\/SE) em parceria com o Departamento Estadual de Tr\u00e2nsito (Detran\/SE), foi necess\u00e1ria devido \u00e0 altera\u00e7\u00e3o no [&hellip;]<\/p>\n","protected":false},"author":6552,"featured_media":121701,"comment_status":"closed","ping_status":"closed","sticky":false,"template":"","format":"standard","meta":{"footnotes":""},"categories":[15,6,1],"tags":[11919,3956,13881],"class_list":{"0":"post-121700","1":"post","2":"type-post","3":"status-publish","4":"format-standard","5":"has-post-thumbnail","7":"category-destaques","8":"category-politica","9":"category-sem-categoria","10":"tag-detran-sergipe","11":"tag-ipva","12":"tag-licenciamento-anual-2020"},"_links":{"self":[{"href":"https:\/\/senoticias.com.br\/se\/wp-json\/wp\/v2\/posts\/121700"}],"collection":[{"href":"https:\/\/senoticias.com.br\/se\/wp-json\/wp\/v2\/posts"}],"about":[{"href":"https:\/\/senoticias.com.br\/se\/wp-json\/wp\/v2\/types\/post"}],"author":[{"embeddable":true,"href":"https:\/\/senoticias.com.br\/se\/wp-json\/wp\/v2\/users\/6552"}],"replies":[{"embeddable":true,"href":"https:\/\/senoticias.com.br\/se\/wp-json\/wp\/v2\/comments?post=121700"}],"version-history":[{"count":0,"href":"https:\/\/senoticias.com.br\/se\/wp-json\/wp\/v2\/posts\/121700\/revisions"}],"wp:featuredmedia":[{"embeddable":true,"href":"https:\/\/senoticias.com.br\/se\/wp-json\/wp\/v2\/media\/121701"}],"wp:attachment":[{"href":"https:\/\/senoticias.com.br\/se\/wp-json\/wp\/v2\/media?parent=121700"}],"wp:term":[{"taxonomy":"category","embeddable":true,"href":"https:\/\/senoticias.com.br\/se\/wp-json\/wp\/v2\/categories?post=121700"},{"taxonomy":"post_tag","embeddable":true,"href":"https:\/\/senoticias.com.br\/se\/wp-json\/wp\/v2\/tags?post=121700"}],"curies":[{"name":"wp","href":"https:\/\/api.w.org\/{rel}","templated":true}]}}