{"id":121684,"date":"2020-01-20T10:21:49","date_gmt":"2020-01-20T13:21:49","guid":{"rendered":"https:\/\/senoticias.com.br\/se\/?p=121684"},"modified":"2020-01-20T10:21:49","modified_gmt":"2020-01-20T13:21:49","slug":"ladrao-nao-gosta-do-celular-que-roubou-e-tenta-matar-vitima","status":"publish","type":"post","link":"https:\/\/senoticias.com.br\/se\/ladrao-nao-gosta-do-celular-que-roubou-e-tenta-matar-vitima\/","title":{"rendered":"Ladr\u00e3o n\u00e3o gosta do celular que roubou e tenta matar v\u00edtima"},"content":{"rendered":"<p style=\"text-align: justify;\">Um homem roubou um aparelho de telefone celular de um senhor em Lagarto, mas ficou insatisfeito com a qualidade do produto que subtraiu e tentou matar a v\u00edtima.<\/p>\n<div id=\"attachment_121685\" style=\"width: 560px\" class=\"wp-caption aligncenter\"><a href=\"https:\/\/senoticias.com.br\/se\/wp-content\/uploads\/2020\/01\/material_apreendido_roubo_lagarto_foto_pm_20012020.jpg\"><img loading=\"lazy\" decoding=\"async\" aria-describedby=\"caption-attachment-121685\" class=\"size-full wp-image-121685\" src=\"https:\/\/senoticias.com.br\/se\/wp-content\/uploads\/2020\/01\/material_apreendido_roubo_lagarto_foto_pm_20012020.jpg\" alt=\"\" width=\"550\" height=\"330\" srcset=\"https:\/\/senoticias.com.br\/se\/wp-content\/uploads\/2020\/01\/material_apreendido_roubo_lagarto_foto_pm_20012020.jpg 550w, https:\/\/senoticias.com.br\/se\/wp-content\/uploads\/2020\/01\/material_apreendido_roubo_lagarto_foto_pm_20012020-300x180.jpg 300w\" sizes=\"(max-width: 550px) 100vw, 550px\" \/><\/a><p id=\"caption-attachment-121685\" class=\"wp-caption-text\">Objetos que estavam com o acusado, inclusive a faca que sido usada no crime (Foto: PM)<\/p><\/div>\n<p style=\"text-align: justify;\">O dono do celular foi atingido com golpes de arma branca e est\u00e1 internado no Hospital Regional de Lagarto.O acusado foi localizado pela equipe do 7o Batalh\u00e3o da Pol\u00edcia Militar de Sergipe (BPM) e preso na manh\u00e3 desta segunda-feira, 20, logo ap\u00f3s a ocorr\u00eancia. \u201cOs policiais do 7\u00b0 Batalh\u00e3o agiram r\u00e1pido e prenderam o acusado\u201d, declarou o subtenente Heliomarto Rezende, respons\u00e1vel pela comunica\u00e7\u00e3o social daquele BPM.<\/p>\n<p style=\"text-align: justify;\">Com o acusado, conforme o subtenente, foram apreendidos a faca, que teria sido utilizada para ferir a v\u00edtima, e ainda uma arma de fogo falsa e dois aparelhos de telefone celular, que teriam sido roubados. O acusado foi encaminhado para a Delegacia de Pol\u00edcia Civil, que far\u00e1 o flagrante.<\/p>\n<p style=\"text-align: justify;\">por Cassia Santana<\/p>\n<p>&nbsp;<\/p>\n<p><em><strong>A<\/strong><strong>companhe tamb\u00e9m o SE Not\u00edcias no\u00a0<a href=\"https:\/\/www.instagram.com\/senoticias\/\">Instagram<\/a>,\u00a0<a href=\"https:\/\/twitter.com\/home\">Twitter<\/a>\u00a0e no\u00a0<a href=\"https:\/\/web.facebook.com\/senoticias1\/\">Facebook<\/a>\u00a0<\/strong><\/em><\/p>\n<p><a href=\"https:\/\/senoticias.com.br\/se\/wp-content\/uploads\/2019\/12\/Logo-novo-fone-1.jpg\"><img loading=\"lazy\" decoding=\"async\" class=\"size-full wp-image-121281\" src=\"https:\/\/senoticias.com.br\/se\/wp-content\/uploads\/2019\/12\/Logo-novo-fone-1.jpg\" alt=\"\" width=\"599\" height=\"78\" srcset=\"https:\/\/senoticias.com.br\/se\/wp-content\/uploads\/2019\/12\/Logo-novo-fone-1.jpg 599w, https:\/\/senoticias.com.br\/se\/wp-content\/uploads\/2019\/12\/Logo-novo-fone-1-300x39.jpg 300w\" sizes=\"(max-width: 599px) 100vw, 599px\" \/><\/a><\/p>\n","protected":false},"excerpt":{"rendered":"<p>Um homem roubou um aparelho de telefone celular de um senhor em Lagarto, mas ficou insatisfeito com a qualidade do produto que subtraiu e tentou matar a v\u00edtima. O dono do celular foi atingido com golpes de arma branca e est\u00e1 internado no Hospital Regional de Lagarto.O acusado foi localizado pela equipe do 7o Batalh\u00e3o [&hellip;]<\/p>\n","protected":false},"author":6557,"featured_media":0,"comment_status":"closed","ping_status":"closed","sticky":false,"template":"","format":"standard","meta":{"footnotes":""},"categories":[15,7],"tags":[2945,3839,9498],"class_list":{"0":"post-121684","1":"post","2":"type-post","3":"status-publish","4":"format-standard","6":"category-destaques","7":"category-policia","8":"tag-assalto","9":"tag-celular","10":"tag-vitima"},"_links":{"self":[{"href":"https:\/\/senoticias.com.br\/se\/wp-json\/wp\/v2\/posts\/121684"}],"collection":[{"href":"https:\/\/senoticias.com.br\/se\/wp-json\/wp\/v2\/posts"}],"about":[{"href":"https:\/\/senoticias.com.br\/se\/wp-json\/wp\/v2\/types\/post"}],"author":[{"embeddable":true,"href":"https:\/\/senoticias.com.br\/se\/wp-json\/wp\/v2\/users\/6557"}],"replies":[{"embeddable":true,"href":"https:\/\/senoticias.com.br\/se\/wp-json\/wp\/v2\/comments?post=121684"}],"version-history":[{"count":0,"href":"https:\/\/senoticias.com.br\/se\/wp-json\/wp\/v2\/posts\/121684\/revisions"}],"wp:attachment":[{"href":"https:\/\/senoticias.com.br\/se\/wp-json\/wp\/v2\/media?parent=121684"}],"wp:term":[{"taxonomy":"category","embeddable":true,"href":"https:\/\/senoticias.com.br\/se\/wp-json\/wp\/v2\/categories?post=121684"},{"taxonomy":"post_tag","embeddable":true,"href":"https:\/\/senoticias.com.br\/se\/wp-json\/wp\/v2\/tags?post=121684"}],"curies":[{"name":"wp","href":"https:\/\/api.w.org\/{rel}","templated":true}]}}