{"id":121665,"date":"2020-01-17T11:00:27","date_gmt":"2020-01-17T14:00:27","guid":{"rendered":"https:\/\/senoticias.com.br\/se\/?p=121665"},"modified":"2020-01-17T11:00:27","modified_gmt":"2020-01-17T14:00:27","slug":"homem-e-seguido-e-assassinado-na-porta-da-residencia-em-ribeiropolis","status":"publish","type":"post","link":"https:\/\/senoticias.com.br\/se\/homem-e-seguido-e-assassinado-na-porta-da-residencia-em-ribeiropolis\/","title":{"rendered":"Homem \u00e9 seguido e assassinado na porta da resid\u00eancia em Ribeir\u00f3polis"},"content":{"rendered":"<p>Um homem identificado como Jos\u00e9 Luciano Farias, 28, morreu na noite da \u00faltima quinta-feira, 16, ao ser alvejado por diversos disparos de arma de fogo. O crime ocorreu no povoado Jo\u00e3o Ferreira, Zona Rural de Ribeir\u00f3polis, munic\u00edpio situado a 74 km da capital Aracaju, quando a v\u00edtima chegava \u00e0 sua resid\u00eancia acompanhado da esposa e da filha.<\/p>\n<div id=\"attachment_121666\" style=\"width: 560px\" class=\"wp-caption aligncenter\"><a href=\"https:\/\/senoticias.com.br\/se\/wp-content\/uploads\/2020\/01\/iml_lagarto_homicidio_vila_foto_grupo_whatsapp_noticias_alerta_11012020.jpg\"><img loading=\"lazy\" decoding=\"async\" aria-describedby=\"caption-attachment-121666\" class=\"size-full wp-image-121666\" src=\"https:\/\/senoticias.com.br\/se\/wp-content\/uploads\/2020\/01\/iml_lagarto_homicidio_vila_foto_grupo_whatsapp_noticias_alerta_11012020.jpg\" alt=\"\" width=\"550\" height=\"330\" srcset=\"https:\/\/senoticias.com.br\/se\/wp-content\/uploads\/2020\/01\/iml_lagarto_homicidio_vila_foto_grupo_whatsapp_noticias_alerta_11012020.jpg 550w, https:\/\/senoticias.com.br\/se\/wp-content\/uploads\/2020\/01\/iml_lagarto_homicidio_vila_foto_grupo_whatsapp_noticias_alerta_11012020-300x180.jpg 300w\" sizes=\"(max-width: 550px) 100vw, 550px\" \/><\/a><p id=\"caption-attachment-121666\" class=\"wp-caption-text\">IML \u00e9 acionado para efetuar a remo\u00e7\u00e3o do corpo. (Foto: Arquivo \/ Grupo WhatsApp Not\u00edcias Alerta)<\/p><\/div>\n<p>De acordo com a 3\u00aa Companhia do 3\u00ba Batalh\u00e3o de Pol\u00edcia Militar, Luciano Farias foi assassinado com caracter\u00edsticas de execu\u00e7\u00e3o, pois os respons\u00e1veis seguiram-no em outro autom\u00f3vel at\u00e9 a sua resid\u00eancia, onde ordenaram que filha e esposa da v\u00edtima descessem do ve\u00edculo antes de cometerem o crime. \u201cN\u00f3s recebemos a liga\u00e7\u00e3o de que teria ocorrido um homic\u00eddio no povoado. Ao chegar l\u00e1, constatamos a veracidade dos fatos e apuramos que, no momento do crime, os suspeitos mandaram ambas as mulheres sa\u00edrem para que ele fosse executado\u201d, detalha um dos policiais.<\/p>\n<p>Conforme as informa\u00e7\u00f5es da 3\u00aa Cia, a v\u00edtima havia sido detida recentemente por porte ilegal de arma de fogo. \u201cOs institutos M\u00e9dico Legal [IML] e a Criminal\u00edstica foram at\u00e9 o local e encontraram cerca de 10 c\u00e1psulas modelo 380. O corpo foi removido e ele se encontra no instituto\u201d, complementa.<\/p>\n<p>O corpo chegou \u00e0 base do IML \u00e0s 2h42 e permanece na sede do instituto sem previs\u00e3o de libera\u00e7\u00e3o para sepultamento.<\/p>\n<p>por Daniel Rezende<\/p>\n<div id=\"attachment_121281\" style=\"width: 609px\" class=\"wp-caption aligncenter\"><a href=\"https:\/\/senoticias.com.br\/se\/wp-content\/uploads\/2019\/12\/Logo-novo-fone-1.jpg\"><img loading=\"lazy\" decoding=\"async\" aria-describedby=\"caption-attachment-121281\" class=\"size-full wp-image-121281\" src=\"https:\/\/senoticias.com.br\/se\/wp-content\/uploads\/2019\/12\/Logo-novo-fone-1.jpg\" alt=\"\" width=\"599\" height=\"78\" srcset=\"https:\/\/senoticias.com.br\/se\/wp-content\/uploads\/2019\/12\/Logo-novo-fone-1.jpg 599w, https:\/\/senoticias.com.br\/se\/wp-content\/uploads\/2019\/12\/Logo-novo-fone-1-300x39.jpg 300w\" sizes=\"(max-width: 599px) 100vw, 599px\" \/><\/a><p id=\"caption-attachment-121281\" class=\"wp-caption-text\"><em><strong>A<\/strong><strong>companhe tamb\u00e9m o SE Not\u00edcias no\u00a0<a href=\"https:\/\/www.instagram.com\/senoticias\/\">Instagram<\/a>,\u00a0<a href=\"https:\/\/twitter.com\/home\">Twitter<\/a>\u00a0e no\u00a0<a href=\"https:\/\/web.facebook.com\/senoticias1\/\">Facebook<\/a>\u00a0<\/strong><\/em><\/p><\/div>\n","protected":false},"excerpt":{"rendered":"<p>Um homem identificado como Jos\u00e9 Luciano Farias, 28, morreu na noite da \u00faltima quinta-feira, 16, ao ser alvejado por diversos disparos de arma de fogo. O crime ocorreu no povoado Jo\u00e3o Ferreira, Zona Rural de Ribeir\u00f3polis, munic\u00edpio situado a 74 km da capital Aracaju, quando a v\u00edtima chegava \u00e0 sua resid\u00eancia acompanhado da esposa e [&hellip;]<\/p>\n","protected":false},"author":6557,"featured_media":0,"comment_status":"closed","ping_status":"closed","sticky":false,"template":"","format":"standard","meta":{"footnotes":""},"categories":[15,38,7],"tags":[13857,3985,6202],"class_list":{"0":"post-121665","1":"post","2":"type-post","3":"status-publish","4":"format-standard","6":"category-destaques","7":"category-municipios","8":"category-policia","9":"tag-homem-seguido","10":"tag-morto","11":"tag-ribeiropolis"},"_links":{"self":[{"href":"https:\/\/senoticias.com.br\/se\/wp-json\/wp\/v2\/posts\/121665"}],"collection":[{"href":"https:\/\/senoticias.com.br\/se\/wp-json\/wp\/v2\/posts"}],"about":[{"href":"https:\/\/senoticias.com.br\/se\/wp-json\/wp\/v2\/types\/post"}],"author":[{"embeddable":true,"href":"https:\/\/senoticias.com.br\/se\/wp-json\/wp\/v2\/users\/6557"}],"replies":[{"embeddable":true,"href":"https:\/\/senoticias.com.br\/se\/wp-json\/wp\/v2\/comments?post=121665"}],"version-history":[{"count":0,"href":"https:\/\/senoticias.com.br\/se\/wp-json\/wp\/v2\/posts\/121665\/revisions"}],"wp:attachment":[{"href":"https:\/\/senoticias.com.br\/se\/wp-json\/wp\/v2\/media?parent=121665"}],"wp:term":[{"taxonomy":"category","embeddable":true,"href":"https:\/\/senoticias.com.br\/se\/wp-json\/wp\/v2\/categories?post=121665"},{"taxonomy":"post_tag","embeddable":true,"href":"https:\/\/senoticias.com.br\/se\/wp-json\/wp\/v2\/tags?post=121665"}],"curies":[{"name":"wp","href":"https:\/\/api.w.org\/{rel}","templated":true}]}}