{"id":121655,"date":"2020-01-16T16:55:55","date_gmt":"2020-01-16T19:55:55","guid":{"rendered":"https:\/\/senoticias.com.br\/se\/?p=121655"},"modified":"2020-01-16T16:55:55","modified_gmt":"2020-01-16T19:55:55","slug":"homem-de-31-anos-e-preso-acusado-de-armazenar-pornografia-infantil","status":"publish","type":"post","link":"https:\/\/senoticias.com.br\/se\/homem-de-31-anos-e-preso-acusado-de-armazenar-pornografia-infantil\/","title":{"rendered":"Homem de 31 anos \u00e9 preso acusado de armazenar pornografia infantil"},"content":{"rendered":"<p style=\"text-align: justify;\">Um homem foi preso em flagrante, acusado de armazenar em um lap top particular arquivos e programas contendo imagens pornogr\u00e1ficas de crian\u00e7as e adolescentes. A pris\u00e3o em flagrante ocorreu em Aracaju na manh\u00e3 desta quinta-feira, 16, durante a Opera\u00e7\u00e3o Lighthouse desencadeada pela Pol\u00edcia Federal em Sergipe para cumprimento de mandados judiciais.<\/p>\n<div id=\"attachment_121656\" style=\"width: 488px\" class=\"wp-caption aligncenter\"><a href=\"https:\/\/senoticias.com.br\/se\/wp-content\/uploads\/2020\/01\/apreensao3_celular_pornografia_infantil_foto_pf_16012020.jpg\"><img loading=\"lazy\" decoding=\"async\" aria-describedby=\"caption-attachment-121656\" class=\"wp-image-121656 size-full\" src=\"https:\/\/senoticias.com.br\/se\/wp-content\/uploads\/2020\/01\/apreensao3_celular_pornografia_infantil_foto_pf_16012020.jpg\" alt=\"\" width=\"478\" height=\"327\" srcset=\"https:\/\/senoticias.com.br\/se\/wp-content\/uploads\/2020\/01\/apreensao3_celular_pornografia_infantil_foto_pf_16012020.jpg 478w, https:\/\/senoticias.com.br\/se\/wp-content\/uploads\/2020\/01\/apreensao3_celular_pornografia_infantil_foto_pf_16012020-300x205.jpg 300w, https:\/\/senoticias.com.br\/se\/wp-content\/uploads\/2020\/01\/apreensao3_celular_pornografia_infantil_foto_pf_16012020-95x64.jpg 95w\" sizes=\"(max-width: 478px) 100vw, 478px\" \/><\/a><p id=\"caption-attachment-121656\" class=\"wp-caption-text\">Durante a Opera\u00e7\u00e3o, agentes da Pol\u00edcia Federal tamb\u00e9m apreenderam celulares (Foto: Ascom PF)<\/p><\/div>\n<p style=\"text-align: justify;\">\nDe acordo com informa\u00e7\u00f5es da assessoria de imprensa da Pol\u00edcia Federal, o homem tem 31 anos de idade e foi conduzido para a sede da Superintend\u00eancia da Pol\u00edcia Federal, na capital sergipana. O flagrante foi lavrado e o acusado pagou fian\u00e7a, arbitrada pelo delegado da PF respons\u00e1vel pelo procedimento. O valor da fian\u00e7a n\u00e3o foi divulgado. Com o pagamento da fian\u00e7a, foi assegurado ao acusado o direito de responder ao processo em liberdade.<\/p>\n<p style=\"text-align: justify;\">A opera\u00e7\u00e3o Lighthouse, desencadeada em Aracaju e Itabaiana, tem como objetivo o combater \u00e0 posse e divulga\u00e7\u00e3o de imagens contendo pornografia infantil atrav\u00e9s da rede mundial de computadores.<\/p>\n<p style=\"text-align: justify;\">por Cassia Santana,<br \/>\ncom informa\u00e7\u00f5es da Ascom PF\/Sergipe<\/p>\n<div id=\"attachment_121281\" style=\"width: 609px\" class=\"wp-caption aligncenter\"><a href=\"https:\/\/senoticias.com.br\/se\/wp-content\/uploads\/2019\/12\/Logo-novo-fone-1.jpg\"><img loading=\"lazy\" decoding=\"async\" aria-describedby=\"caption-attachment-121281\" class=\"size-full wp-image-121281\" src=\"https:\/\/senoticias.com.br\/se\/wp-content\/uploads\/2019\/12\/Logo-novo-fone-1.jpg\" alt=\"\" width=\"599\" height=\"78\" srcset=\"https:\/\/senoticias.com.br\/se\/wp-content\/uploads\/2019\/12\/Logo-novo-fone-1.jpg 599w, https:\/\/senoticias.com.br\/se\/wp-content\/uploads\/2019\/12\/Logo-novo-fone-1-300x39.jpg 300w\" sizes=\"(max-width: 599px) 100vw, 599px\" \/><\/a><p id=\"caption-attachment-121281\" class=\"wp-caption-text\"><em><strong>A<\/strong><strong>companhe tamb\u00e9m o SE Not\u00edcias no\u00a0<a href=\"https:\/\/www.instagram.com\/senoticias\/\">Instagram<\/a>,\u00a0<a href=\"https:\/\/twitter.com\/home\">Twitter<\/a>\u00a0e no\u00a0<a href=\"https:\/\/web.facebook.com\/senoticias1\/\">Facebook<\/a><\/strong><\/em><\/p><\/div>\n","protected":false},"excerpt":{"rendered":"<p>Um homem foi preso em flagrante, acusado de armazenar em um lap top particular arquivos e programas contendo imagens pornogr\u00e1ficas de crian\u00e7as e adolescentes. A pris\u00e3o em flagrante ocorreu em Aracaju na manh\u00e3 desta quinta-feira, 16, durante a Opera\u00e7\u00e3o Lighthouse desencadeada pela Pol\u00edcia Federal em Sergipe para cumprimento de mandados judiciais. De acordo com informa\u00e7\u00f5es [&hellip;]<\/p>\n","protected":false},"author":6557,"featured_media":0,"comment_status":"closed","ping_status":"closed","sticky":false,"template":"","format":"standard","meta":{"footnotes":""},"categories":[15,7],"tags":[13852,4605,13851],"class_list":{"0":"post-121655","1":"post","2":"type-post","3":"status-publish","4":"format-standard","6":"category-destaques","7":"category-policia","8":"tag-armazenar","9":"tag-homem-preso","10":"tag-pornografia-infantil"},"_links":{"self":[{"href":"https:\/\/senoticias.com.br\/se\/wp-json\/wp\/v2\/posts\/121655"}],"collection":[{"href":"https:\/\/senoticias.com.br\/se\/wp-json\/wp\/v2\/posts"}],"about":[{"href":"https:\/\/senoticias.com.br\/se\/wp-json\/wp\/v2\/types\/post"}],"author":[{"embeddable":true,"href":"https:\/\/senoticias.com.br\/se\/wp-json\/wp\/v2\/users\/6557"}],"replies":[{"embeddable":true,"href":"https:\/\/senoticias.com.br\/se\/wp-json\/wp\/v2\/comments?post=121655"}],"version-history":[{"count":0,"href":"https:\/\/senoticias.com.br\/se\/wp-json\/wp\/v2\/posts\/121655\/revisions"}],"wp:attachment":[{"href":"https:\/\/senoticias.com.br\/se\/wp-json\/wp\/v2\/media?parent=121655"}],"wp:term":[{"taxonomy":"category","embeddable":true,"href":"https:\/\/senoticias.com.br\/se\/wp-json\/wp\/v2\/categories?post=121655"},{"taxonomy":"post_tag","embeddable":true,"href":"https:\/\/senoticias.com.br\/se\/wp-json\/wp\/v2\/tags?post=121655"}],"curies":[{"name":"wp","href":"https:\/\/api.w.org\/{rel}","templated":true}]}}